{"id":9176,"date":"2021-11-29T09:08:09","date_gmt":"2021-11-29T08:08:09","guid":{"rendered":"https:\/\/forum.schreiner-group.com\/?p=9176"},"modified":"2021-11-29T09:08:09","modified_gmt":"2021-11-29T08:08:09","slug":"strategisch-nachhaltig-klimaneutralitaet-bis-2030","status":"publish","type":"post","link":"https:\/\/forum.schreiner-group.com\/de\/strategisch-nachhaltig-klimaneutralitaet-bis-2030\/","title":{"rendered":"Strategisch nachhaltig: Klimaneutralit\u00e4t bis 2030"},"content":{"rendered":"<section class=\"wpb-content-wrapper\"><p>[vc_row full_width=&#8220;stretch_row_content_no_spaces&#8220; content_placement=&#8220;top&#8220; css=&#8220;.vc_custom_1634889882036{margin-top: 150px !important;}&#8220; parallax_background_image=&#8220;9154&#8243;][vc_column][vc_empty_space height=&#8220;615px&#8220;][\/vc_column][\/vc_row][vc_row css=&#8220;.vc_custom_1606212742709{background-color: #ffffff !important;}&#8220; el_class=&#8220;article_bighead&#8220;][vc_column][vc_custom_heading text=&#8220;SCHREINER GROUP&#8220; font_container=&#8220;tag:h2|text_align:center&#8220; use_theme_fonts=&#8220;yes&#8220; el_class=&#8220;topcategory&#8220;][vc_custom_heading text=&#8220;Strategisch nachhaltig:<br \/>\nKlimaneutralit\u00e4t bis 2030&#8243; font_container=&#8220;tag:h1|text_align:center&#8220; use_theme_fonts=&#8220;yes&#8220;][\/vc_column][\/vc_row][vc_row][vc_column][vc_column_text]<strong>Seit langer Zeit sind Klimaschutz und Nachhaltigkeit wichtige Ziele, f\u00fcr die sich die Schreiner Group einsetzt. Um alle Ma\u00dfnahmen zur CO<sup>2<\/sup>-Reduzierung und Energieeffizienz, zur Ressourceneinsparung und M\u00fcllvermeidung, aber auch zur Einhaltung der Corporate Governance und Wahrung der Menschenrechte noch weiter verbessern zu k\u00f6nnen, hat die Schreiner Group heuer erstmalig offiziell ein strategisches Nachhaltigkeitsziel verabschiedet.<\/strong>[\/vc_column_text][\/vc_column][vc_column width=&#8220;2\/3&#8243;][vc_column_text]Bereits vor vielen Jahren fand eine Umstellung auf \u00d6kostrom statt, Photovoltaikanlagen wurden auf den eigenen Parkh\u00e4usern installiert; die Einhaltung sozialer Standards wird \u2013 auch f\u00fcr die Lieferanten \u2013 seit Langem im Code of Conduct festgehalten und regelm\u00e4\u00dfig gepr\u00fcft. Erst 2021 wurden eigene E-Ladestationen auf dem Betriebsgel\u00e4nde errichtet und die eigenen Produktl\u00f6sungen noch \u00f6kologischer gestaltet. &#8222;Die Nachhaltigkeit ist mir ein wichtiges Anliegen&#8220;, erkl\u00e4rt Gesch\u00e4ftsf\u00fchrer Roland Schreiner. \u201eDie Verabschiedung des strategischen Nachhaltigkeitsziels verbessert noch effizienter den Klimaschutz sowie Umweltgerechtigkeit und soziale Nachhaltigkeit.\u201c Daf\u00fcr wurden zuerst die wichtigsten Handlungsfelder definiert: Klimaschutz, Produkte und Nachhaltigkeitssysteme. In all diesen Handlungsfeldern gibt es nun Forderungen, die erf\u00fcllt werden m\u00fcssen. So verlangt beispielsweise die Bundesregierung mit der \u00c4nderung des Klimaschutzgesetzes, dass bis 2045 Klimaneutralit\u00e4t erreicht werden muss; Kunden fordern wiederum, dass CO<sup>2<\/sup> Scope 1 und 2 \u2013 also die Emissionen in Bezug auf Fuhrpark, Gas und Stromproduktion \u2013 bis 2025 um 25 Prozent reduziert werden.<\/p>\n<p>Daher galt es nun eine Roadmap zu erstellen, in der die Ziele zur Nachhaltigkeit und die dazu notwendigen Ma\u00dfnahmen definiert sind. Um also das Ziel der Klimaneutralit\u00e4t erreichen zu k\u00f6nnen, wurden beispielsweise Ma\u00dfnahmen zur Energiereduzierung, zum Ausbau der E-Mobilit\u00e4t oder zur st\u00e4rkeren Nutzung erneuerbarer Energien festgeschrieben.<\/p>\n<p>All diese Ziele und Ma\u00dfnahmen k\u00f6nnen in einem prim\u00e4ren strategischen Ziel zusammengefasst werden: \u00dcber die Herstellung nachhaltiger Produkte wollen wir ab 2023 klimaneutral produzieren und bis 2030 vollst\u00e4ndige Klimaneutralit\u00e4t erreichen. Mit diesem Ziel \u00fcbertrifft die Schreiner Group andere Industrieunternehmen deutlich.[\/vc_column_text][\/vc_column][vc_column width=&#8220;1\/3&#8243;][vc_empty_space height=&#8220;15px&#8220;][vc_single_image image=&#8220;9158&#8243; img_size=&#8220;full&#8220; add_caption=&#8220;yes&#8220; css_animation=&#8220;fadeIn&#8220;][vc_empty_space height=&#8220;25px&#8220;][vc_single_image image=&#8220;9152&#8243; img_size=&#8220;full&#8220; add_caption=&#8220;yes&#8220; css_animation=&#8220;fadeIn&#8220;][\/vc_column][\/vc_row]<\/p>\n<\/section>","protected":false},"excerpt":{"rendered":"<p>Seit langer Zeit sind Klimaschutz und Nachhaltigkeit wichtige Ziele, f\u00fcr die sich die Schreiner Group einsetzt. Um alle Ma\u00dfnahmen zur CO2-Reduzierung und Energieeffizienz, zur Ressourceneinsparung und M\u00fcllvermeidung, aber auch zur Einhaltung der Corporate Governance und Wahrung der Menschenrechte noch weiter verbessern zu k\u00f6nnen, hat die Schreiner Group heuer erstmalig offiziell ein strategisches Nachhaltigkeitsziel verabschiedet.<\/p>\n","protected":false},"author":2,"featured_media":9158,"comment_status":"open","ping_status":"open","sticky":false,"template":"","format":"standard","meta":{"inline_featured_image":false,"footnotes":""},"categories":[54],"tags":[217,227],"class_list":["post-9176","post","type-post","status-publish","format-standard","has-post-thumbnail","hentry","category-schreiner-group","tag-nachhaltigkeit","tag-standorte"],"yoast_head":"<!-- This site is optimized with the Yoast SEO plugin v23.9 - https:\/\/yoast.com\/wordpress\/plugins\/seo\/ -->\n<title>Strategisch nachhaltig: Klimaneutralit\u00e4t bis 2030 - Schreiner Group Forum<\/title>\n<meta name=\"robots\" content=\"index, follow, max-snippet:-1, max-image-preview:large, max-video-preview:-1\" \/>\n<link rel=\"canonical\" href=\"https:\/\/forum.schreiner-group.com\/de\/strategisch-nachhaltig-klimaneutralitaet-bis-2030\/\" \/>\n<meta property=\"og:locale\" content=\"de_DE\" \/>\n<meta property=\"og:type\" content=\"article\" \/>\n<meta property=\"og:title\" content=\"Strategisch nachhaltig: Klimaneutralit\u00e4t bis 2030 - Schreiner Group Forum\" \/>\n<meta property=\"og:description\" content=\"Seit langer Zeit sind Klimaschutz und Nachhaltigkeit wichtige Ziele, f\u00fcr die sich die Schreiner Group einsetzt. Um alle Ma\u00dfnahmen zur CO2-Reduzierung und Energieeffizienz, zur Ressourceneinsparung und M\u00fcllvermeidung, aber auch zur Einhaltung der Corporate Governance und Wahrung der Menschenrechte noch weiter verbessern zu k\u00f6nnen, hat die Schreiner Group heuer erstmalig offiziell ein strategisches Nachhaltigkeitsziel verabschiedet.\" \/>\n<meta property=\"og:url\" content=\"https:\/\/forum.schreiner-group.com\/de\/strategisch-nachhaltig-klimaneutralitaet-bis-2030\/\" \/>\n<meta property=\"og:site_name\" content=\"Schreiner Group Forum\" \/>\n<meta property=\"article:published_time\" content=\"2021-11-29T08:08:09+00:00\" \/>\n<meta property=\"og:image\" content=\"https:\/\/forum.schreiner-group.com\/wp-content\/uploads\/2021\/10\/SGR_Luftbild_Oberschleissheim.jpg\" \/>\n\t<meta property=\"og:image:width\" content=\"1920\" \/>\n\t<meta property=\"og:image:height\" content=\"1280\" \/>\n\t<meta property=\"og:image:type\" content=\"image\/jpeg\" \/>\n<meta name=\"author\" content=\"markus.liedl@schreiner-group.com\" \/>\n<meta name=\"twitter:card\" content=\"summary_large_image\" \/>\n<meta name=\"twitter:label1\" content=\"Verfasst von\" \/>\n\t<meta name=\"twitter:data1\" content=\"markus.liedl@schreiner-group.com\" \/>\n\t<meta name=\"twitter:label2\" content=\"Gesch\u00e4tzte Lesezeit\" \/>\n\t<meta name=\"twitter:data2\" content=\"2\u00a0Minuten\" \/>\n<script type=\"application\/ld+json\" class=\"yoast-schema-graph\">{\"@context\":\"https:\/\/schema.org\",\"@graph\":[{\"@type\":\"WebPage\",\"@id\":\"https:\/\/forum.schreiner-group.com\/de\/strategisch-nachhaltig-klimaneutralitaet-bis-2030\/\",\"url\":\"https:\/\/forum.schreiner-group.com\/de\/strategisch-nachhaltig-klimaneutralitaet-bis-2030\/\",\"name\":\"Strategisch nachhaltig: Klimaneutralit\u00e4t bis 2030 - Schreiner Group Forum\",\"isPartOf\":{\"@id\":\"https:\/\/forum.schreiner-group.com\/de\/#website\"},\"primaryImageOfPage\":{\"@id\":\"https:\/\/forum.schreiner-group.com\/de\/strategisch-nachhaltig-klimaneutralitaet-bis-2030\/#primaryimage\"},\"image\":{\"@id\":\"https:\/\/forum.schreiner-group.com\/de\/strategisch-nachhaltig-klimaneutralitaet-bis-2030\/#primaryimage\"},\"thumbnailUrl\":\"https:\/\/forum.schreiner-group.com\/wp-content\/uploads\/2021\/10\/SGR_Luftbild_Oberschleissheim.jpg\",\"datePublished\":\"2021-11-29T08:08:09+00:00\",\"dateModified\":\"2021-11-29T08:08:09+00:00\",\"author\":{\"@id\":\"https:\/\/forum.schreiner-group.com\/de\/#\/schema\/person\/bd0e2515cfe9118ea30379405cb6f7dc\"},\"breadcrumb\":{\"@id\":\"https:\/\/forum.schreiner-group.com\/de\/strategisch-nachhaltig-klimaneutralitaet-bis-2030\/#breadcrumb\"},\"inLanguage\":\"de\",\"potentialAction\":[{\"@type\":\"ReadAction\",\"target\":[\"https:\/\/forum.schreiner-group.com\/de\/strategisch-nachhaltig-klimaneutralitaet-bis-2030\/\"]}]},{\"@type\":\"ImageObject\",\"inLanguage\":\"de\",\"@id\":\"https:\/\/forum.schreiner-group.com\/de\/strategisch-nachhaltig-klimaneutralitaet-bis-2030\/#primaryimage\",\"url\":\"https:\/\/forum.schreiner-group.com\/wp-content\/uploads\/2021\/10\/SGR_Luftbild_Oberschleissheim.jpg\",\"contentUrl\":\"https:\/\/forum.schreiner-group.com\/wp-content\/uploads\/2021\/10\/SGR_Luftbild_Oberschleissheim.jpg\",\"width\":1920,\"height\":1280},{\"@type\":\"BreadcrumbList\",\"@id\":\"https:\/\/forum.schreiner-group.com\/de\/strategisch-nachhaltig-klimaneutralitaet-bis-2030\/#breadcrumb\",\"itemListElement\":[{\"@type\":\"ListItem\",\"position\":1,\"name\":\"Startseite\",\"item\":\"https:\/\/forum.schreiner-group.com\/de\/\"},{\"@type\":\"ListItem\",\"position\":2,\"name\":\"Strategisch nachhaltig: Klimaneutralit\u00e4t bis 2030\"}]},{\"@type\":\"WebSite\",\"@id\":\"https:\/\/forum.schreiner-group.com\/de\/#website\",\"url\":\"https:\/\/forum.schreiner-group.com\/de\/\",\"name\":\"Schreiner Group Forum\",\"description\":\"\",\"potentialAction\":[{\"@type\":\"SearchAction\",\"target\":{\"@type\":\"EntryPoint\",\"urlTemplate\":\"https:\/\/forum.schreiner-group.com\/de\/?s={search_term_string}\"},\"query-input\":{\"@type\":\"PropertyValueSpecification\",\"valueRequired\":true,\"valueName\":\"search_term_string\"}}],\"inLanguage\":\"de\"},{\"@type\":\"Person\",\"@id\":\"https:\/\/forum.schreiner-group.com\/de\/#\/schema\/person\/bd0e2515cfe9118ea30379405cb6f7dc\",\"name\":\"markus.liedl@schreiner-group.com\",\"image\":{\"@type\":\"ImageObject\",\"inLanguage\":\"de\",\"@id\":\"https:\/\/forum.schreiner-group.com\/de\/#\/schema\/person\/image\/\",\"url\":\"https:\/\/secure.gravatar.com\/avatar\/e83202ed81ba95ae0113c3f2d897918a?s=96&d=mm&r=g\",\"contentUrl\":\"https:\/\/secure.gravatar.com\/avatar\/e83202ed81ba95ae0113c3f2d897918a?s=96&d=mm&r=g\",\"caption\":\"markus.liedl@schreiner-group.com\"},\"url\":\"https:\/\/forum.schreiner-group.com\/de\/author\/markus-liedlschreiner-group-de\/\"}]}<\/script>\n<!-- \/ Yoast SEO plugin. -->","yoast_head_json":{"title":"Strategisch nachhaltig: Klimaneutralit\u00e4t bis 2030 - Schreiner Group Forum","robots":{"index":"index","follow":"follow","max-snippet":"max-snippet:-1","max-image-preview":"max-image-preview:large","max-video-preview":"max-video-preview:-1"},"canonical":"https:\/\/forum.schreiner-group.com\/de\/strategisch-nachhaltig-klimaneutralitaet-bis-2030\/","og_locale":"de_DE","og_type":"article","og_title":"Strategisch nachhaltig: Klimaneutralit\u00e4t bis 2030 - Schreiner Group Forum","og_description":"Seit langer Zeit sind Klimaschutz und Nachhaltigkeit wichtige Ziele, f\u00fcr die sich die Schreiner Group einsetzt. Um alle Ma\u00dfnahmen zur CO2-Reduzierung und Energieeffizienz, zur Ressourceneinsparung und M\u00fcllvermeidung, aber auch zur Einhaltung der Corporate Governance und Wahrung der Menschenrechte noch weiter verbessern zu k\u00f6nnen, hat die Schreiner Group heuer erstmalig offiziell ein strategisches Nachhaltigkeitsziel verabschiedet.","og_url":"https:\/\/forum.schreiner-group.com\/de\/strategisch-nachhaltig-klimaneutralitaet-bis-2030\/","og_site_name":"Schreiner Group Forum","article_published_time":"2021-11-29T08:08:09+00:00","og_image":[{"width":1920,"height":1280,"url":"https:\/\/forum.schreiner-group.com\/wp-content\/uploads\/2021\/10\/SGR_Luftbild_Oberschleissheim.jpg","type":"image\/jpeg"}],"author":"markus.liedl@schreiner-group.com","twitter_card":"summary_large_image","twitter_misc":{"Verfasst von":"markus.liedl@schreiner-group.com","Gesch\u00e4tzte Lesezeit":"2\u00a0Minuten"},"schema":{"@context":"https:\/\/schema.org","@graph":[{"@type":"WebPage","@id":"https:\/\/forum.schreiner-group.com\/de\/strategisch-nachhaltig-klimaneutralitaet-bis-2030\/","url":"https:\/\/forum.schreiner-group.com\/de\/strategisch-nachhaltig-klimaneutralitaet-bis-2030\/","name":"Strategisch nachhaltig: Klimaneutralit\u00e4t bis 2030 - Schreiner Group Forum","isPartOf":{"@id":"https:\/\/forum.schreiner-group.com\/de\/#website"},"primaryImageOfPage":{"@id":"https:\/\/forum.schreiner-group.com\/de\/strategisch-nachhaltig-klimaneutralitaet-bis-2030\/#primaryimage"},"image":{"@id":"https:\/\/forum.schreiner-group.com\/de\/strategisch-nachhaltig-klimaneutralitaet-bis-2030\/#primaryimage"},"thumbnailUrl":"https:\/\/forum.schreiner-group.com\/wp-content\/uploads\/2021\/10\/SGR_Luftbild_Oberschleissheim.jpg","datePublished":"2021-11-29T08:08:09+00:00","dateModified":"2021-11-29T08:08:09+00:00","author":{"@id":"https:\/\/forum.schreiner-group.com\/de\/#\/schema\/person\/bd0e2515cfe9118ea30379405cb6f7dc"},"breadcrumb":{"@id":"https:\/\/forum.schreiner-group.com\/de\/strategisch-nachhaltig-klimaneutralitaet-bis-2030\/#breadcrumb"},"inLanguage":"de","potentialAction":[{"@type":"ReadAction","target":["https:\/\/forum.schreiner-group.com\/de\/strategisch-nachhaltig-klimaneutralitaet-bis-2030\/"]}]},{"@type":"ImageObject","inLanguage":"de","@id":"https:\/\/forum.schreiner-group.com\/de\/strategisch-nachhaltig-klimaneutralitaet-bis-2030\/#primaryimage","url":"https:\/\/forum.schreiner-group.com\/wp-content\/uploads\/2021\/10\/SGR_Luftbild_Oberschleissheim.jpg","contentUrl":"https:\/\/forum.schreiner-group.com\/wp-content\/uploads\/2021\/10\/SGR_Luftbild_Oberschleissheim.jpg","width":1920,"height":1280},{"@type":"BreadcrumbList","@id":"https:\/\/forum.schreiner-group.com\/de\/strategisch-nachhaltig-klimaneutralitaet-bis-2030\/#breadcrumb","itemListElement":[{"@type":"ListItem","position":1,"name":"Startseite","item":"https:\/\/forum.schreiner-group.com\/de\/"},{"@type":"ListItem","position":2,"name":"Strategisch nachhaltig: Klimaneutralit\u00e4t bis 2030"}]},{"@type":"WebSite","@id":"https:\/\/forum.schreiner-group.com\/de\/#website","url":"https:\/\/forum.schreiner-group.com\/de\/","name":"Schreiner Group Forum","description":"","potentialAction":[{"@type":"SearchAction","target":{"@type":"EntryPoint","urlTemplate":"https:\/\/forum.schreiner-group.com\/de\/?s={search_term_string}"},"query-input":{"@type":"PropertyValueSpecification","valueRequired":true,"valueName":"search_term_string"}}],"inLanguage":"de"},{"@type":"Person","@id":"https:\/\/forum.schreiner-group.com\/de\/#\/schema\/person\/bd0e2515cfe9118ea30379405cb6f7dc","name":"markus.liedl@schreiner-group.com","image":{"@type":"ImageObject","inLanguage":"de","@id":"https:\/\/forum.schreiner-group.com\/de\/#\/schema\/person\/image\/","url":"https:\/\/secure.gravatar.com\/avatar\/e83202ed81ba95ae0113c3f2d897918a?s=96&d=mm&r=g","contentUrl":"https:\/\/secure.gravatar.com\/avatar\/e83202ed81ba95ae0113c3f2d897918a?s=96&d=mm&r=g","caption":"markus.liedl@schreiner-group.com"},"url":"https:\/\/forum.schreiner-group.com\/de\/author\/markus-liedlschreiner-group-de\/"}]}},"_links":{"self":[{"href":"https:\/\/forum.schreiner-group.com\/de\/wp-json\/wp\/v2\/posts\/9176","targetHints":{"allow":["GET"]}}],"collection":[{"href":"https:\/\/forum.schreiner-group.com\/de\/wp-json\/wp\/v2\/posts"}],"about":[{"href":"https:\/\/forum.schreiner-group.com\/de\/wp-json\/wp\/v2\/types\/post"}],"author":[{"embeddable":true,"href":"https:\/\/forum.schreiner-group.com\/de\/wp-json\/wp\/v2\/users\/2"}],"replies":[{"embeddable":true,"href":"https:\/\/forum.schreiner-group.com\/de\/wp-json\/wp\/v2\/comments?post=9176"}],"version-history":[{"count":3,"href":"https:\/\/forum.schreiner-group.com\/de\/wp-json\/wp\/v2\/posts\/9176\/revisions"}],"predecessor-version":[{"id":9210,"href":"https:\/\/forum.schreiner-group.com\/de\/wp-json\/wp\/v2\/posts\/9176\/revisions\/9210"}],"wp:featuredmedia":[{"embeddable":true,"href":"https:\/\/forum.schreiner-group.com\/de\/wp-json\/wp\/v2\/media\/9158"}],"wp:attachment":[{"href":"https:\/\/forum.schreiner-group.com\/de\/wp-json\/wp\/v2\/media?parent=9176"}],"wp:term":[{"taxonomy":"category","embeddable":true,"href":"https:\/\/forum.schreiner-group.com\/de\/wp-json\/wp\/v2\/categories?post=9176"},{"taxonomy":"post_tag","embeddable":true,"href":"https:\/\/forum.schreiner-group.com\/de\/wp-json\/wp\/v2\/tags?post=9176"}],"curies":[{"name":"wp","href":"https:\/\/api.w.org\/{rel}","templated":true}]}}