{"id":8850,"date":"2021-11-29T09:05:45","date_gmt":"2021-11-29T08:05:45","guid":{"rendered":"https:\/\/forum.schreiner-group.com\/?p=8850"},"modified":"2021-11-29T09:05:45","modified_gmt":"2021-11-29T08:05:45","slug":"eiskalt-gekennzeichnet-kryo-etikett-fuer-tiefkuehlmedikamente","status":"publish","type":"post","link":"https:\/\/forum.schreiner-group.com\/de\/eiskalt-gekennzeichnet-kryo-etikett-fuer-tiefkuehlmedikamente\/","title":{"rendered":"Eiskalt gekennzeichnet: Kryo-Etikett f\u00fcr Tiefk\u00fchlmedikamente"},"content":{"rendered":"<section class=\"wpb-content-wrapper\"><p>[vc_row full_width=&#8220;stretch_row_content_no_spaces&#8220; content_placement=&#8220;top&#8220; css=&#8220;.vc_custom_1634300367263{margin-top: 150px !important;}&#8220; parallax_background_image=&#8220;8786&#8243;][vc_column][vc_empty_space height=&#8220;615px&#8220;][\/vc_column][\/vc_row][vc_row css=&#8220;.vc_custom_1606212913608{background-color: #ffffff !important;}&#8220; el_class=&#8220;article_bighead&#8220;][vc_column][vc_custom_heading text=&#8220;SCHREINER MEDIPHARM&#8220; font_container=&#8220;tag:h2|text_align:center&#8220; use_theme_fonts=&#8220;yes&#8220; el_class=&#8220;topcategory&#8220;][vc_custom_heading text=&#8220;Eiskalt gekennzeichnet:<br \/>\nKryo-Etikett f\u00fcr Tiefk\u00fchlmedikamente&#8220; font_container=&#8220;tag:h1|text_align:center&#8220; use_theme_fonts=&#8220;yes&#8220;][\/vc_column][\/vc_row][vc_row][vc_column][vc_column_text]<strong>Zell- und Gentherapien gelten als Hoffnungstr\u00e4ger bei schweren Erkrankungen wie zum Beispiel Krebs, Erb- und Stoffwechselkrankheiten. Um die Wirksamkeit der ben\u00f6tigten Medikamente sicherzustellen, m\u00fcssen diese bei extremen Minustemperaturen verarbeitet, gelagert und transportiert werden. Eine Herausforderung auch f\u00fcr Kennzeichnungslabels, die bei diesen Extremtemperaturen auf das Medikamentengef\u00e4\u00df appliziert werden m\u00fcssen. Herk\u00f6mmliche Etiketten verlieren oft ihre Klebkraft und wichtige Produktinformationen k\u00f6nnen verloren gehen. Mit dem &#8222;Freeze-Lock&#8220; hat Schreiner MediPharm ein neues Kennzeichnungsetikett entwickelt, das durch zwei ineinandergreifende Etikettenlagen sicher am Gef\u00e4\u00df haftet \u2013 von der Lagerung \u00fcber Transport bis zur Medikationsverabreichung an den Patienten.<\/strong>[\/vc_column_text][\/vc_column][vc_column width=&#8220;2\/3&#8243;][vc_column_text]Das neuartige Freeze-Lock Label besteht aus zwei Komponenten: einem Unteretikett und einem Oberetikett. Die untere Etikettenlage mit einer speziellen, mikrofeinen Oberfl\u00e4chenstruktur wird bei Raumtemperatur auf das unbef\u00fcllte, ungek\u00fchlte Gef\u00e4\u00df appliziert. Anschlie\u00dfend wird das Gef\u00e4\u00df mit dem Wirkstoff bef\u00fcllt und umgehend f\u00fcr die Lagerung auf Minustemperaturen von Trockeneis (-78 \u00b0C) oder fl\u00fcssigem Stickstoff (-196 \u00b0C) gebracht. Um das gefrorene Gef\u00e4\u00df zu kennzeichnen, wird es aus der K\u00fchlung genommen, die obere Etikettenlage aufgespendet und fest auf das Unteretikett gedr\u00fcckt \u2013 eine eventuelle Eisschicht muss nicht entfernt werden. Der Tiefk\u00fchlkleber des Oberetiketts verbindet sich mit der Struktur des Unteretiketts und friert binnen Sekunden ein. So entsteht eine feste Verbindung zwischen der Labelkonstruktion und dem Gef\u00e4\u00df, das in tiefgek\u00fchltem Zustand wieder eingelagert und transportiert werden kann.<\/p>\n<p>Dank des speziellen Zwei-Komponenten-Labeldesigns sowie der verwendeten Materialien und Klebstoffe haftet das Freeze-Lock Kryo-Label zuverl\u00e4ssig auf dem tiefgefrorenen Gef\u00e4\u00df. Pharma- und Biopharmaherstellern sowie Anwendern in der klinischen Forschung erm\u00f6glicht es damit eine individuelle und effiziente Kennzeichnungsl\u00f6sung von gefrorenen Medikamenten und ist f\u00fcr vielf\u00e4ltige Anwendungen adaptierbar.[\/vc_column_text][\/vc_column][vc_column width=&#8220;1\/3&#8243;][vc_empty_space height=&#8220;15px&#8220;][vc_single_image image=&#8220;8772&#8243; img_size=&#8220;full&#8220; add_caption=&#8220;yes&#8220; onclick=&#8220;link_image&#8220; css_animation=&#8220;fadeIn&#8220;][vc_empty_space height=&#8220;15px&#8220;][vc_single_image image=&#8220;8776&#8243; img_size=&#8220;full&#8220; add_caption=&#8220;yes&#8220; onclick=&#8220;link_image&#8220; css_animation=&#8220;fadeIn&#8220;][\/vc_column][\/vc_row][vc_row][vc_column][vc_custom_heading text=&#8220;Das neue Kryo-Etikett haftet zuverl\u00e4ssig, ist einfach in der Handhabung und individuell anpassbar.&#8220; font_container=&#8220;tag:h2|text_align:left|color:%232757a2&#8243; google_fonts=&#8220;font_family:Lato%3A100%2C100italic%2C300%2C300italic%2Cregular%2Citalic%2C700%2C700italic%2C900%2C900italic|font_style:400%20regular%3A400%3Anormal&#8220;][\/vc_column][\/vc_row]<\/p>\n<\/section>","protected":false},"excerpt":{"rendered":"<p>Zell- und Gentherapien gelten als Hoffnungstr\u00e4ger bei schweren Erkrankungen wie zum Beispiel Krebs, Erb- und Stoffwechselkrankheiten. Um die Wirksamkeit der ben\u00f6tigten Medikamente sicherzustellen, m\u00fcssen diese bei extremen Minustemperaturen verarbeitet, gelagert und transportiert werden. Eine Herausforderung auch f\u00fcr Kennzeichnungslabels, die bei diesen Extremtemperaturen auf das Medikamentengef\u00e4\u00df appliziert werden m\u00fcssen. Herk\u00f6mmliche Etiketten verlieren oft ihre Klebkraft und wichtige Produktinformationen k\u00f6nnen verloren gehen. Mit dem &#8222;Freeze-Lock&#8220; hat Schreiner MediPharm ein neues Kennzeichnungsetikett entwickelt, das durch zwei ineinandergreifende Etikettenlagen sicher am Gef\u00e4\u00df haftet \u2013 von der Lagerung \u00fcber Transport bis zur Medikationsverabreichung an den Patienten.<\/p>\n","protected":false},"author":2,"featured_media":8772,"comment_status":"open","ping_status":"open","sticky":false,"template":"","format":"standard","meta":{"inline_featured_image":false,"footnotes":""},"categories":[55],"tags":[91],"class_list":["post-8850","post","type-post","status-publish","format-standard","has-post-thumbnail","hentry","category-schreiner-medipharm","tag-kennzeichnungsloesungen"],"yoast_head":"<!-- This site is optimized with the Yoast SEO plugin v23.9 - https:\/\/yoast.com\/wordpress\/plugins\/seo\/ -->\n<title>Eiskalt gekennzeichnet: Kryo-Etikett f\u00fcr Tiefk\u00fchlmedikamente - Schreiner Group Forum<\/title>\n<meta name=\"robots\" content=\"index, follow, max-snippet:-1, max-image-preview:large, max-video-preview:-1\" \/>\n<link rel=\"canonical\" href=\"https:\/\/forum.schreiner-group.com\/de\/eiskalt-gekennzeichnet-kryo-etikett-fuer-tiefkuehlmedikamente\/\" \/>\n<meta property=\"og:locale\" content=\"de_DE\" \/>\n<meta property=\"og:type\" content=\"article\" \/>\n<meta property=\"og:title\" content=\"Eiskalt gekennzeichnet: Kryo-Etikett f\u00fcr Tiefk\u00fchlmedikamente - Schreiner Group Forum\" \/>\n<meta property=\"og:description\" content=\"Zell- und Gentherapien gelten als Hoffnungstr\u00e4ger bei schweren Erkrankungen wie zum Beispiel Krebs, Erb- und Stoffwechselkrankheiten. Um die Wirksamkeit der ben\u00f6tigten Medikamente sicherzustellen, m\u00fcssen diese bei extremen Minustemperaturen verarbeitet, gelagert und transportiert werden. Eine Herausforderung auch f\u00fcr Kennzeichnungslabels, die bei diesen Extremtemperaturen auf das Medikamentengef\u00e4\u00df appliziert werden m\u00fcssen. Herk\u00f6mmliche Etiketten verlieren oft ihre Klebkraft und wichtige Produktinformationen k\u00f6nnen verloren gehen. Mit dem &quot;Freeze-Lock&quot; hat Schreiner MediPharm ein neues Kennzeichnungsetikett entwickelt, das durch zwei ineinandergreifende Etikettenlagen sicher am Gef\u00e4\u00df haftet \u2013 von der Lagerung \u00fcber Transport bis zur Medikationsverabreichung an den Patienten.\" \/>\n<meta property=\"og:url\" content=\"https:\/\/forum.schreiner-group.com\/de\/eiskalt-gekennzeichnet-kryo-etikett-fuer-tiefkuehlmedikamente\/\" \/>\n<meta property=\"og:site_name\" content=\"Schreiner Group Forum\" \/>\n<meta property=\"article:published_time\" content=\"2021-11-29T08:05:45+00:00\" \/>\n<meta property=\"og:image\" content=\"https:\/\/forum.schreiner-group.com\/wp-content\/uploads\/2021\/10\/SMP_Kryo_Etikett.jpg\" \/>\n\t<meta property=\"og:image:width\" content=\"1920\" \/>\n\t<meta property=\"og:image:height\" content=\"1280\" \/>\n\t<meta property=\"og:image:type\" content=\"image\/jpeg\" \/>\n<meta name=\"author\" content=\"markus.liedl@schreiner-group.com\" \/>\n<meta name=\"twitter:card\" content=\"summary_large_image\" \/>\n<meta name=\"twitter:label1\" content=\"Verfasst von\" \/>\n\t<meta name=\"twitter:data1\" content=\"markus.liedl@schreiner-group.com\" \/>\n\t<meta name=\"twitter:label2\" content=\"Gesch\u00e4tzte Lesezeit\" \/>\n\t<meta name=\"twitter:data2\" content=\"3\u00a0Minuten\" \/>\n<script type=\"application\/ld+json\" class=\"yoast-schema-graph\">{\"@context\":\"https:\/\/schema.org\",\"@graph\":[{\"@type\":\"WebPage\",\"@id\":\"https:\/\/forum.schreiner-group.com\/de\/eiskalt-gekennzeichnet-kryo-etikett-fuer-tiefkuehlmedikamente\/\",\"url\":\"https:\/\/forum.schreiner-group.com\/de\/eiskalt-gekennzeichnet-kryo-etikett-fuer-tiefkuehlmedikamente\/\",\"name\":\"Eiskalt gekennzeichnet: Kryo-Etikett f\u00fcr Tiefk\u00fchlmedikamente - Schreiner Group Forum\",\"isPartOf\":{\"@id\":\"https:\/\/forum.schreiner-group.com\/de\/#website\"},\"primaryImageOfPage\":{\"@id\":\"https:\/\/forum.schreiner-group.com\/de\/eiskalt-gekennzeichnet-kryo-etikett-fuer-tiefkuehlmedikamente\/#primaryimage\"},\"image\":{\"@id\":\"https:\/\/forum.schreiner-group.com\/de\/eiskalt-gekennzeichnet-kryo-etikett-fuer-tiefkuehlmedikamente\/#primaryimage\"},\"thumbnailUrl\":\"https:\/\/forum.schreiner-group.com\/wp-content\/uploads\/2021\/10\/SMP_Kryo_Etikett.jpg\",\"datePublished\":\"2021-11-29T08:05:45+00:00\",\"dateModified\":\"2021-11-29T08:05:45+00:00\",\"author\":{\"@id\":\"https:\/\/forum.schreiner-group.com\/de\/#\/schema\/person\/bd0e2515cfe9118ea30379405cb6f7dc\"},\"breadcrumb\":{\"@id\":\"https:\/\/forum.schreiner-group.com\/de\/eiskalt-gekennzeichnet-kryo-etikett-fuer-tiefkuehlmedikamente\/#breadcrumb\"},\"inLanguage\":\"de\",\"potentialAction\":[{\"@type\":\"ReadAction\",\"target\":[\"https:\/\/forum.schreiner-group.com\/de\/eiskalt-gekennzeichnet-kryo-etikett-fuer-tiefkuehlmedikamente\/\"]}]},{\"@type\":\"ImageObject\",\"inLanguage\":\"de\",\"@id\":\"https:\/\/forum.schreiner-group.com\/de\/eiskalt-gekennzeichnet-kryo-etikett-fuer-tiefkuehlmedikamente\/#primaryimage\",\"url\":\"https:\/\/forum.schreiner-group.com\/wp-content\/uploads\/2021\/10\/SMP_Kryo_Etikett.jpg\",\"contentUrl\":\"https:\/\/forum.schreiner-group.com\/wp-content\/uploads\/2021\/10\/SMP_Kryo_Etikett.jpg\",\"width\":1920,\"height\":1280},{\"@type\":\"BreadcrumbList\",\"@id\":\"https:\/\/forum.schreiner-group.com\/de\/eiskalt-gekennzeichnet-kryo-etikett-fuer-tiefkuehlmedikamente\/#breadcrumb\",\"itemListElement\":[{\"@type\":\"ListItem\",\"position\":1,\"name\":\"Startseite\",\"item\":\"https:\/\/forum.schreiner-group.com\/de\/\"},{\"@type\":\"ListItem\",\"position\":2,\"name\":\"Eiskalt gekennzeichnet: Kryo-Etikett f\u00fcr Tiefk\u00fchlmedikamente\"}]},{\"@type\":\"WebSite\",\"@id\":\"https:\/\/forum.schreiner-group.com\/de\/#website\",\"url\":\"https:\/\/forum.schreiner-group.com\/de\/\",\"name\":\"Schreiner Group Forum\",\"description\":\"\",\"potentialAction\":[{\"@type\":\"SearchAction\",\"target\":{\"@type\":\"EntryPoint\",\"urlTemplate\":\"https:\/\/forum.schreiner-group.com\/de\/?s={search_term_string}\"},\"query-input\":{\"@type\":\"PropertyValueSpecification\",\"valueRequired\":true,\"valueName\":\"search_term_string\"}}],\"inLanguage\":\"de\"},{\"@type\":\"Person\",\"@id\":\"https:\/\/forum.schreiner-group.com\/de\/#\/schema\/person\/bd0e2515cfe9118ea30379405cb6f7dc\",\"name\":\"markus.liedl@schreiner-group.com\",\"image\":{\"@type\":\"ImageObject\",\"inLanguage\":\"de\",\"@id\":\"https:\/\/forum.schreiner-group.com\/de\/#\/schema\/person\/image\/\",\"url\":\"https:\/\/secure.gravatar.com\/avatar\/e83202ed81ba95ae0113c3f2d897918a?s=96&d=mm&r=g\",\"contentUrl\":\"https:\/\/secure.gravatar.com\/avatar\/e83202ed81ba95ae0113c3f2d897918a?s=96&d=mm&r=g\",\"caption\":\"markus.liedl@schreiner-group.com\"},\"url\":\"https:\/\/forum.schreiner-group.com\/de\/author\/markus-liedlschreiner-group-de\/\"}]}<\/script>\n<!-- \/ Yoast SEO plugin. -->","yoast_head_json":{"title":"Eiskalt gekennzeichnet: Kryo-Etikett f\u00fcr Tiefk\u00fchlmedikamente - Schreiner Group Forum","robots":{"index":"index","follow":"follow","max-snippet":"max-snippet:-1","max-image-preview":"max-image-preview:large","max-video-preview":"max-video-preview:-1"},"canonical":"https:\/\/forum.schreiner-group.com\/de\/eiskalt-gekennzeichnet-kryo-etikett-fuer-tiefkuehlmedikamente\/","og_locale":"de_DE","og_type":"article","og_title":"Eiskalt gekennzeichnet: Kryo-Etikett f\u00fcr Tiefk\u00fchlmedikamente - Schreiner Group Forum","og_description":"Zell- und Gentherapien gelten als Hoffnungstr\u00e4ger bei schweren Erkrankungen wie zum Beispiel Krebs, Erb- und Stoffwechselkrankheiten. Um die Wirksamkeit der ben\u00f6tigten Medikamente sicherzustellen, m\u00fcssen diese bei extremen Minustemperaturen verarbeitet, gelagert und transportiert werden. Eine Herausforderung auch f\u00fcr Kennzeichnungslabels, die bei diesen Extremtemperaturen auf das Medikamentengef\u00e4\u00df appliziert werden m\u00fcssen. Herk\u00f6mmliche Etiketten verlieren oft ihre Klebkraft und wichtige Produktinformationen k\u00f6nnen verloren gehen. Mit dem \"Freeze-Lock\" hat Schreiner MediPharm ein neues Kennzeichnungsetikett entwickelt, das durch zwei ineinandergreifende Etikettenlagen sicher am Gef\u00e4\u00df haftet \u2013 von der Lagerung \u00fcber Transport bis zur Medikationsverabreichung an den Patienten.","og_url":"https:\/\/forum.schreiner-group.com\/de\/eiskalt-gekennzeichnet-kryo-etikett-fuer-tiefkuehlmedikamente\/","og_site_name":"Schreiner Group Forum","article_published_time":"2021-11-29T08:05:45+00:00","og_image":[{"width":1920,"height":1280,"url":"https:\/\/forum.schreiner-group.com\/wp-content\/uploads\/2021\/10\/SMP_Kryo_Etikett.jpg","type":"image\/jpeg"}],"author":"markus.liedl@schreiner-group.com","twitter_card":"summary_large_image","twitter_misc":{"Verfasst von":"markus.liedl@schreiner-group.com","Gesch\u00e4tzte Lesezeit":"3\u00a0Minuten"},"schema":{"@context":"https:\/\/schema.org","@graph":[{"@type":"WebPage","@id":"https:\/\/forum.schreiner-group.com\/de\/eiskalt-gekennzeichnet-kryo-etikett-fuer-tiefkuehlmedikamente\/","url":"https:\/\/forum.schreiner-group.com\/de\/eiskalt-gekennzeichnet-kryo-etikett-fuer-tiefkuehlmedikamente\/","name":"Eiskalt gekennzeichnet: Kryo-Etikett f\u00fcr Tiefk\u00fchlmedikamente - Schreiner Group Forum","isPartOf":{"@id":"https:\/\/forum.schreiner-group.com\/de\/#website"},"primaryImageOfPage":{"@id":"https:\/\/forum.schreiner-group.com\/de\/eiskalt-gekennzeichnet-kryo-etikett-fuer-tiefkuehlmedikamente\/#primaryimage"},"image":{"@id":"https:\/\/forum.schreiner-group.com\/de\/eiskalt-gekennzeichnet-kryo-etikett-fuer-tiefkuehlmedikamente\/#primaryimage"},"thumbnailUrl":"https:\/\/forum.schreiner-group.com\/wp-content\/uploads\/2021\/10\/SMP_Kryo_Etikett.jpg","datePublished":"2021-11-29T08:05:45+00:00","dateModified":"2021-11-29T08:05:45+00:00","author":{"@id":"https:\/\/forum.schreiner-group.com\/de\/#\/schema\/person\/bd0e2515cfe9118ea30379405cb6f7dc"},"breadcrumb":{"@id":"https:\/\/forum.schreiner-group.com\/de\/eiskalt-gekennzeichnet-kryo-etikett-fuer-tiefkuehlmedikamente\/#breadcrumb"},"inLanguage":"de","potentialAction":[{"@type":"ReadAction","target":["https:\/\/forum.schreiner-group.com\/de\/eiskalt-gekennzeichnet-kryo-etikett-fuer-tiefkuehlmedikamente\/"]}]},{"@type":"ImageObject","inLanguage":"de","@id":"https:\/\/forum.schreiner-group.com\/de\/eiskalt-gekennzeichnet-kryo-etikett-fuer-tiefkuehlmedikamente\/#primaryimage","url":"https:\/\/forum.schreiner-group.com\/wp-content\/uploads\/2021\/10\/SMP_Kryo_Etikett.jpg","contentUrl":"https:\/\/forum.schreiner-group.com\/wp-content\/uploads\/2021\/10\/SMP_Kryo_Etikett.jpg","width":1920,"height":1280},{"@type":"BreadcrumbList","@id":"https:\/\/forum.schreiner-group.com\/de\/eiskalt-gekennzeichnet-kryo-etikett-fuer-tiefkuehlmedikamente\/#breadcrumb","itemListElement":[{"@type":"ListItem","position":1,"name":"Startseite","item":"https:\/\/forum.schreiner-group.com\/de\/"},{"@type":"ListItem","position":2,"name":"Eiskalt gekennzeichnet: Kryo-Etikett f\u00fcr Tiefk\u00fchlmedikamente"}]},{"@type":"WebSite","@id":"https:\/\/forum.schreiner-group.com\/de\/#website","url":"https:\/\/forum.schreiner-group.com\/de\/","name":"Schreiner Group Forum","description":"","potentialAction":[{"@type":"SearchAction","target":{"@type":"EntryPoint","urlTemplate":"https:\/\/forum.schreiner-group.com\/de\/?s={search_term_string}"},"query-input":{"@type":"PropertyValueSpecification","valueRequired":true,"valueName":"search_term_string"}}],"inLanguage":"de"},{"@type":"Person","@id":"https:\/\/forum.schreiner-group.com\/de\/#\/schema\/person\/bd0e2515cfe9118ea30379405cb6f7dc","name":"markus.liedl@schreiner-group.com","image":{"@type":"ImageObject","inLanguage":"de","@id":"https:\/\/forum.schreiner-group.com\/de\/#\/schema\/person\/image\/","url":"https:\/\/secure.gravatar.com\/avatar\/e83202ed81ba95ae0113c3f2d897918a?s=96&d=mm&r=g","contentUrl":"https:\/\/secure.gravatar.com\/avatar\/e83202ed81ba95ae0113c3f2d897918a?s=96&d=mm&r=g","caption":"markus.liedl@schreiner-group.com"},"url":"https:\/\/forum.schreiner-group.com\/de\/author\/markus-liedlschreiner-group-de\/"}]}},"_links":{"self":[{"href":"https:\/\/forum.schreiner-group.com\/de\/wp-json\/wp\/v2\/posts\/8850","targetHints":{"allow":["GET"]}}],"collection":[{"href":"https:\/\/forum.schreiner-group.com\/de\/wp-json\/wp\/v2\/posts"}],"about":[{"href":"https:\/\/forum.schreiner-group.com\/de\/wp-json\/wp\/v2\/types\/post"}],"author":[{"embeddable":true,"href":"https:\/\/forum.schreiner-group.com\/de\/wp-json\/wp\/v2\/users\/2"}],"replies":[{"embeddable":true,"href":"https:\/\/forum.schreiner-group.com\/de\/wp-json\/wp\/v2\/comments?post=8850"}],"version-history":[{"count":4,"href":"https:\/\/forum.schreiner-group.com\/de\/wp-json\/wp\/v2\/posts\/8850\/revisions"}],"predecessor-version":[{"id":9296,"href":"https:\/\/forum.schreiner-group.com\/de\/wp-json\/wp\/v2\/posts\/8850\/revisions\/9296"}],"wp:featuredmedia":[{"embeddable":true,"href":"https:\/\/forum.schreiner-group.com\/de\/wp-json\/wp\/v2\/media\/8772"}],"wp:attachment":[{"href":"https:\/\/forum.schreiner-group.com\/de\/wp-json\/wp\/v2\/media?parent=8850"}],"wp:term":[{"taxonomy":"category","embeddable":true,"href":"https:\/\/forum.schreiner-group.com\/de\/wp-json\/wp\/v2\/categories?post=8850"},{"taxonomy":"post_tag","embeddable":true,"href":"https:\/\/forum.schreiner-group.com\/de\/wp-json\/wp\/v2\/tags?post=8850"}],"curies":[{"name":"wp","href":"https:\/\/api.w.org\/{rel}","templated":true}]}}