{"id":8798,"date":"2021-11-29T09:13:30","date_gmt":"2021-11-29T08:13:30","guid":{"rendered":"https:\/\/forum.schreiner-group.com\/?p=8798"},"modified":"2021-11-29T09:13:30","modified_gmt":"2021-11-29T08:13:30","slug":"alliance-to-zero-gemeinsam-zur-nachhaltigen-pharma-supply-chain","status":"publish","type":"post","link":"https:\/\/forum.schreiner-group.com\/de\/alliance-to-zero-gemeinsam-zur-nachhaltigen-pharma-supply-chain\/","title":{"rendered":"Alliance to Zero: Gemeinsam zur nachhaltigen Pharma-Supply-Chain"},"content":{"rendered":"<section class=\"wpb-content-wrapper\"><p>[vc_row full_width=&#8220;stretch_row_content_no_spaces&#8220; content_placement=&#8220;top&#8220; css=&#8220;.vc_custom_1634220323386{margin-top: 150px !important;}&#8220; parallax_background_image=&#8220;8780&#8243;][vc_column][vc_empty_space height=&#8220;615px&#8220;][\/vc_column][\/vc_row][vc_row css=&#8220;.vc_custom_1596612545427{background-color: #ffffff !important;}&#8220; el_class=&#8220;article_bighead&#8220;][vc_column][vc_custom_heading text=&#8220;SCHREINER MEDIPHARM&#8220; font_container=&#8220;tag:h2|text_align:center&#8220; use_theme_fonts=&#8220;yes&#8220; el_class=&#8220;topcategory&#8220;][vc_custom_heading text=&#8220;Alliance to Zero:<br \/>\nGemeinsam zur nachhaltigen Pharma-Supply-Chain&#8220; font_container=&#8220;tag:h1|text_align:center&#8220; use_theme_fonts=&#8220;yes&#8220;][\/vc_column][\/vc_row][vc_row css=&#8220;.vc_custom_1594633744978{padding-bottom: 3% !important;}&#8220;][vc_column][vc_column_text]<strong>Zunehmende Waldbr\u00e4nde, \u00dcberschwemmungen und andere extreme Wetterph\u00e4nomene zeigen eindr\u00fccklich, wie wichtig ein konsequentes Umweltdenken im Sinne des Pariser Klimaabkommens ist. Auch in der Pharmaindustrie gewinnt das Thema Nachhaltigkeit an Bedeutung. Im Juni 2021 haben sich acht Unternehmen entlang der pharmazeutischen Wertsch\u00f6pfungskette zusammengeschlossen und die Alliance to Zero gegr\u00fcndet. Als Experte f\u00fcr pharmazeutische Spezialetiketten ist Schreiner MediPharm eines der Gr\u00fcndungsmitglieder. Ziel der gemeinn\u00fctzigen Allianz ist es, Unternehmen im Pharma- und Biotech-Sektor zu unterst\u00fctzen, um ihnen den \u00dcbergang zu Netto-Null-Emissionen im Einklang mit dem Ziel des Pariser Klimaabkommens zu erleichtern.<\/strong>[\/vc_column_text][\/vc_column][\/vc_row][vc_row][vc_column width=&#8220;1\/3&#8243;][vc_empty_space height=&#8220;18px&#8220;][vc_single_image image=&#8220;8778&#8243; img_size=&#8220;full&#8220; onclick=&#8220;link_image&#8220; css_animation=&#8220;fadeIn&#8220;][\/vc_column][vc_column width=&#8220;2\/3&#8243;][vc_column_text]Die Gr\u00fcndungsmitglieder der Alliance to Zero betrachten die Zusammenarbeit entlang der Lieferkette f\u00fcr pharmazeutische Produkte als wichtigen Schritt, um grunds\u00e4tzliche Ver\u00e4nderungen zur Verbesserung der Klimabilanz voranzutreiben. Die enge und proaktive Kooperation \u00fcber traditionelle Unternehmensgrenzen hinweg erm\u00f6glicht die Entwicklung von breit akzeptierten L\u00f6sungen, die einen positiven Einfluss auf die pharmazeutische Industrie haben. Dabei bringt jeder Partner sein individuelles Knowhow ein, um die Kompetenzen bestm\u00f6glich zu b\u00fcndeln.[\/vc_column_text][\/vc_column][\/vc_row][vc_row][vc_column][vc_empty_space height=&#8220;35px&#8220;][vc_column_text]Neben Schreiner MediPharm repr\u00e4sentieren die Gr\u00fcndungsunternehmen der Allianz weitere wichtige Vertreter der Pharma- und Biotech-Wertsch\u00f6pfungskette: D\u00e4twyler, Harro H\u00f6fliger, HealthBeacon, K\u00f6rber Pharma, SCHOTT, Sharp und Ypsomed. Diese umfassen Komponentenlieferanten, Maschinenhersteller und Montage-\/Fertigungsdienstleister, Hersteller von Prim\u00e4r- und Sekund\u00e4rverpackungen sowie Unternehmen, welche die Endmontage der Produkte verantworten oder deren R\u00fccknahme nach Gebrauch handhaben.<\/p>\n<p>Die Allianz hat bereits eine Roadmap entwickelt, wie ein Netto-Null-Emissionskonzept f\u00fcr die pharmazeutische Produktion und Lieferkette aussehen sollte. Dazu werden notwendige Schritte erarbeitet sowie eine harmonisierte Sprache und Grunds\u00e4tze f\u00fcr die Bewertung und Kontrolle des gesamten Emissionsfu\u00dfabdrucks der pharmazeutischen Endprodukte festgelegt. Zudem ist geplant, mit akademischen und gemeinn\u00fctzigen Organisationen zusammenzuarbeiten, die \u00e4hnliche Ziele verfolgen.[\/vc_column_text][\/vc_column][\/vc_row][vc_row css=&#8220;.vc_custom_1634221810619{padding-bottom: 3% !important;}&#8220;][vc_column width=&#8220;2\/3&#8243;][vc_empty_space height=&#8220;18px&#8220;][vc_column_text]\u201eF\u00fcr Schreiner MediPharm als Vorreiter in der Herstellung innovativer Funktionslabels beginnt Nachhaltigkeit schon bei der Produktentwicklung, die alle Lebenszyklen ber\u00fccksichtigt, um zu einem reduzierten \u00f6kologischen Fu\u00dfabdruck zu gelangen. Die Mitbegr\u00fcndung der Alliance to Zero bedeutet f\u00fcr uns einen weiteren wichtigen Schritt zu ganzheitlicher Nachhaltigkeit. Wir sind \u00fcberzeugt, gemeinsam mit den anderen B\u00fcndnispartnern die Entwicklung von Netto-Null-Pharmaprodukten vorantreiben zu k\u00f6nnen\u201c, bekr\u00e4ftig Dr. Thomas Schweizer, Gesch\u00e4ftsleiter Schreiner MediPharm, die Mitgliedschaft in der Allianz.<\/p>\n<p>Angestrebtes Ziel der Alliance to Zero ist die Markteinf\u00fchrung von Netto-Null-Pharmaprodukten in regulierten M\u00e4rkten bis sp\u00e4testens 2030. Um dieses Ziel zu erreichen verpflichten sich die Gr\u00fcndungsmitglieder der Allianz bis 2026 ein gemeinsames Netto-Null-Angebot zu entwickeln, damit Pharmaunternehmen gen\u00fcgend Zeit haben, das Gesamtprodukt auf dieser Grundlage fertigzustellen.<\/p>\n<p>Mehr Informationen \u00fcber die Alliance to Zero auf <a href=\"https:\/\/www.alliancetozero.com\" target=\"_blank\" rel=\"noopener\">www.alliancetozero.com<\/a>[\/vc_column_text][\/vc_column][vc_column width=&#8220;1\/3&#8243;][vc_empty_space height=&#8220;18px&#8220;][vc_column_text el_class=&#8220;kastenunten&#8220; css=&#8220;.vc_custom_1634222454101{background-color: #cfe29d !important;}&#8220;]<strong>Was bedeutet Netto-Null-Emission?<\/strong><\/p>\n<p>Netto-Null hei\u00dft, dass alle von Menschen verursachten Treibhausgas-Emissionen durch gezielte Reduktionsma\u00dfnahmen aus der Atmosph\u00e4re entfernt werden, damit die Klimabilanz der Erde nach den Abz\u00fcgen durch nat\u00fcrliche und k\u00fcnstliche Schadstoffsenken \u2013 also netto \u2013 null betr\u00e4gt.[\/vc_column_text][\/vc_column][\/vc_row][vc_row][vc_column][vc_custom_heading text=&#8220;Die Alliance to Zero ist ein wichtiger Schritt hin zu Netto-Null-Emissionen in der pharmazeutischen Supply Chain.&#8220; font_container=&#8220;tag:h2|text_align:left|color:%23a0c53b&#8220; google_fonts=&#8220;font_family:Lato%3A100%2C100italic%2C300%2C300italic%2Cregular%2Citalic%2C700%2C700italic%2C900%2C900italic|font_style:400%20regular%3A400%3Anormal&#8220;][\/vc_column][\/vc_row]<\/p>\n<\/section>","protected":false},"excerpt":{"rendered":"<p>Zunehmende Waldbr\u00e4nde, \u00dcberschwemmungen und andere extreme Wetterph\u00e4nomene zeigen eindr\u00fccklich, wie wichtig ein konsequentes Umweltdenken im Sinne des Pariser Klimaabkommens ist. Auch in der Pharmaindustrie gewinnt das Thema Nachhaltigkeit an Bedeutung. Im Juni 2021 haben sich acht Unternehmen entlang der pharmazeutischen Wertsch\u00f6pfungskette zusammengeschlossen und die Alliance to Zero gegr\u00fcndet. Als Experte f\u00fcr pharmazeutische Spezialetiketten ist Schreiner MediPharm eines der Gr\u00fcndungsmitglieder. Ziel der gemeinn\u00fctzigen Allianz ist es, Unternehmen im Pharma- und Biotech-Sektor zu unterst\u00fctzen, um ihnen den \u00dcbergang zu Netto-Null-Emissionen im Einklang mit dem Ziel des Pariser Klimaabkommens zu erleichtern.<\/p>\n","protected":false},"author":2,"featured_media":8778,"comment_status":"open","ping_status":"open","sticky":false,"template":"","format":"standard","meta":{"inline_featured_image":false,"footnotes":""},"categories":[55],"tags":[217],"class_list":["post-8798","post","type-post","status-publish","format-standard","has-post-thumbnail","hentry","category-schreiner-medipharm","tag-nachhaltigkeit"],"yoast_head":"<!-- This site is optimized with the Yoast SEO plugin v23.9 - https:\/\/yoast.com\/wordpress\/plugins\/seo\/ -->\n<title>Alliance to Zero: Gemeinsam zur nachhaltigen Pharma-Supply-Chain - Schreiner Group Forum<\/title>\n<meta name=\"robots\" content=\"index, follow, max-snippet:-1, max-image-preview:large, max-video-preview:-1\" \/>\n<link rel=\"canonical\" href=\"https:\/\/forum.schreiner-group.com\/de\/alliance-to-zero-gemeinsam-zur-nachhaltigen-pharma-supply-chain\/\" \/>\n<meta property=\"og:locale\" content=\"de_DE\" \/>\n<meta property=\"og:type\" content=\"article\" \/>\n<meta property=\"og:title\" content=\"Alliance to Zero: Gemeinsam zur nachhaltigen Pharma-Supply-Chain - Schreiner Group Forum\" \/>\n<meta property=\"og:description\" content=\"Zunehmende Waldbr\u00e4nde, \u00dcberschwemmungen und andere extreme Wetterph\u00e4nomene zeigen eindr\u00fccklich, wie wichtig ein konsequentes Umweltdenken im Sinne des Pariser Klimaabkommens ist. Auch in der Pharmaindustrie gewinnt das Thema Nachhaltigkeit an Bedeutung. Im Juni 2021 haben sich acht Unternehmen entlang der pharmazeutischen Wertsch\u00f6pfungskette zusammengeschlossen und die Alliance to Zero gegr\u00fcndet. Als Experte f\u00fcr pharmazeutische Spezialetiketten ist Schreiner MediPharm eines der Gr\u00fcndungsmitglieder. Ziel der gemeinn\u00fctzigen Allianz ist es, Unternehmen im Pharma- und Biotech-Sektor zu unterst\u00fctzen, um ihnen den \u00dcbergang zu Netto-Null-Emissionen im Einklang mit dem Ziel des Pariser Klimaabkommens zu erleichtern.\" \/>\n<meta property=\"og:url\" content=\"https:\/\/forum.schreiner-group.com\/de\/alliance-to-zero-gemeinsam-zur-nachhaltigen-pharma-supply-chain\/\" \/>\n<meta property=\"og:site_name\" content=\"Schreiner Group Forum\" \/>\n<meta property=\"article:published_time\" content=\"2021-11-29T08:13:30+00:00\" \/>\n<meta property=\"og:image\" content=\"https:\/\/forum.schreiner-group.com\/wp-content\/uploads\/2021\/10\/SMP_Alliance_to_zero.jpg\" \/>\n\t<meta property=\"og:image:width\" content=\"1920\" \/>\n\t<meta property=\"og:image:height\" content=\"1280\" \/>\n\t<meta property=\"og:image:type\" content=\"image\/jpeg\" \/>\n<meta name=\"author\" content=\"markus.liedl@schreiner-group.com\" \/>\n<meta name=\"twitter:card\" content=\"summary_large_image\" \/>\n<meta name=\"twitter:label1\" content=\"Verfasst von\" \/>\n\t<meta name=\"twitter:data1\" content=\"markus.liedl@schreiner-group.com\" \/>\n\t<meta name=\"twitter:label2\" content=\"Gesch\u00e4tzte Lesezeit\" \/>\n\t<meta name=\"twitter:data2\" content=\"4\u00a0Minuten\" \/>\n<script type=\"application\/ld+json\" class=\"yoast-schema-graph\">{\"@context\":\"https:\/\/schema.org\",\"@graph\":[{\"@type\":\"WebPage\",\"@id\":\"https:\/\/forum.schreiner-group.com\/de\/alliance-to-zero-gemeinsam-zur-nachhaltigen-pharma-supply-chain\/\",\"url\":\"https:\/\/forum.schreiner-group.com\/de\/alliance-to-zero-gemeinsam-zur-nachhaltigen-pharma-supply-chain\/\",\"name\":\"Alliance to Zero: Gemeinsam zur nachhaltigen Pharma-Supply-Chain - Schreiner Group Forum\",\"isPartOf\":{\"@id\":\"https:\/\/forum.schreiner-group.com\/de\/#website\"},\"primaryImageOfPage\":{\"@id\":\"https:\/\/forum.schreiner-group.com\/de\/alliance-to-zero-gemeinsam-zur-nachhaltigen-pharma-supply-chain\/#primaryimage\"},\"image\":{\"@id\":\"https:\/\/forum.schreiner-group.com\/de\/alliance-to-zero-gemeinsam-zur-nachhaltigen-pharma-supply-chain\/#primaryimage\"},\"thumbnailUrl\":\"https:\/\/forum.schreiner-group.com\/wp-content\/uploads\/2021\/10\/SMP_Alliance_to_zero.jpg\",\"datePublished\":\"2021-11-29T08:13:30+00:00\",\"dateModified\":\"2021-11-29T08:13:30+00:00\",\"author\":{\"@id\":\"https:\/\/forum.schreiner-group.com\/de\/#\/schema\/person\/bd0e2515cfe9118ea30379405cb6f7dc\"},\"breadcrumb\":{\"@id\":\"https:\/\/forum.schreiner-group.com\/de\/alliance-to-zero-gemeinsam-zur-nachhaltigen-pharma-supply-chain\/#breadcrumb\"},\"inLanguage\":\"de\",\"potentialAction\":[{\"@type\":\"ReadAction\",\"target\":[\"https:\/\/forum.schreiner-group.com\/de\/alliance-to-zero-gemeinsam-zur-nachhaltigen-pharma-supply-chain\/\"]}]},{\"@type\":\"ImageObject\",\"inLanguage\":\"de\",\"@id\":\"https:\/\/forum.schreiner-group.com\/de\/alliance-to-zero-gemeinsam-zur-nachhaltigen-pharma-supply-chain\/#primaryimage\",\"url\":\"https:\/\/forum.schreiner-group.com\/wp-content\/uploads\/2021\/10\/SMP_Alliance_to_zero.jpg\",\"contentUrl\":\"https:\/\/forum.schreiner-group.com\/wp-content\/uploads\/2021\/10\/SMP_Alliance_to_zero.jpg\",\"width\":1920,\"height\":1280},{\"@type\":\"BreadcrumbList\",\"@id\":\"https:\/\/forum.schreiner-group.com\/de\/alliance-to-zero-gemeinsam-zur-nachhaltigen-pharma-supply-chain\/#breadcrumb\",\"itemListElement\":[{\"@type\":\"ListItem\",\"position\":1,\"name\":\"Startseite\",\"item\":\"https:\/\/forum.schreiner-group.com\/de\/\"},{\"@type\":\"ListItem\",\"position\":2,\"name\":\"Alliance to Zero: Gemeinsam zur nachhaltigen Pharma-Supply-Chain\"}]},{\"@type\":\"WebSite\",\"@id\":\"https:\/\/forum.schreiner-group.com\/de\/#website\",\"url\":\"https:\/\/forum.schreiner-group.com\/de\/\",\"name\":\"Schreiner Group Forum\",\"description\":\"\",\"potentialAction\":[{\"@type\":\"SearchAction\",\"target\":{\"@type\":\"EntryPoint\",\"urlTemplate\":\"https:\/\/forum.schreiner-group.com\/de\/?s={search_term_string}\"},\"query-input\":{\"@type\":\"PropertyValueSpecification\",\"valueRequired\":true,\"valueName\":\"search_term_string\"}}],\"inLanguage\":\"de\"},{\"@type\":\"Person\",\"@id\":\"https:\/\/forum.schreiner-group.com\/de\/#\/schema\/person\/bd0e2515cfe9118ea30379405cb6f7dc\",\"name\":\"markus.liedl@schreiner-group.com\",\"image\":{\"@type\":\"ImageObject\",\"inLanguage\":\"de\",\"@id\":\"https:\/\/forum.schreiner-group.com\/de\/#\/schema\/person\/image\/\",\"url\":\"https:\/\/secure.gravatar.com\/avatar\/e83202ed81ba95ae0113c3f2d897918a?s=96&d=mm&r=g\",\"contentUrl\":\"https:\/\/secure.gravatar.com\/avatar\/e83202ed81ba95ae0113c3f2d897918a?s=96&d=mm&r=g\",\"caption\":\"markus.liedl@schreiner-group.com\"},\"url\":\"https:\/\/forum.schreiner-group.com\/de\/author\/markus-liedlschreiner-group-de\/\"}]}<\/script>\n<!-- \/ Yoast SEO plugin. -->","yoast_head_json":{"title":"Alliance to Zero: Gemeinsam zur nachhaltigen Pharma-Supply-Chain - Schreiner Group Forum","robots":{"index":"index","follow":"follow","max-snippet":"max-snippet:-1","max-image-preview":"max-image-preview:large","max-video-preview":"max-video-preview:-1"},"canonical":"https:\/\/forum.schreiner-group.com\/de\/alliance-to-zero-gemeinsam-zur-nachhaltigen-pharma-supply-chain\/","og_locale":"de_DE","og_type":"article","og_title":"Alliance to Zero: Gemeinsam zur nachhaltigen Pharma-Supply-Chain - Schreiner Group Forum","og_description":"Zunehmende Waldbr\u00e4nde, \u00dcberschwemmungen und andere extreme Wetterph\u00e4nomene zeigen eindr\u00fccklich, wie wichtig ein konsequentes Umweltdenken im Sinne des Pariser Klimaabkommens ist. Auch in der Pharmaindustrie gewinnt das Thema Nachhaltigkeit an Bedeutung. Im Juni 2021 haben sich acht Unternehmen entlang der pharmazeutischen Wertsch\u00f6pfungskette zusammengeschlossen und die Alliance to Zero gegr\u00fcndet. Als Experte f\u00fcr pharmazeutische Spezialetiketten ist Schreiner MediPharm eines der Gr\u00fcndungsmitglieder. Ziel der gemeinn\u00fctzigen Allianz ist es, Unternehmen im Pharma- und Biotech-Sektor zu unterst\u00fctzen, um ihnen den \u00dcbergang zu Netto-Null-Emissionen im Einklang mit dem Ziel des Pariser Klimaabkommens zu erleichtern.","og_url":"https:\/\/forum.schreiner-group.com\/de\/alliance-to-zero-gemeinsam-zur-nachhaltigen-pharma-supply-chain\/","og_site_name":"Schreiner Group Forum","article_published_time":"2021-11-29T08:13:30+00:00","og_image":[{"width":1920,"height":1280,"url":"https:\/\/forum.schreiner-group.com\/wp-content\/uploads\/2021\/10\/SMP_Alliance_to_zero.jpg","type":"image\/jpeg"}],"author":"markus.liedl@schreiner-group.com","twitter_card":"summary_large_image","twitter_misc":{"Verfasst von":"markus.liedl@schreiner-group.com","Gesch\u00e4tzte Lesezeit":"4\u00a0Minuten"},"schema":{"@context":"https:\/\/schema.org","@graph":[{"@type":"WebPage","@id":"https:\/\/forum.schreiner-group.com\/de\/alliance-to-zero-gemeinsam-zur-nachhaltigen-pharma-supply-chain\/","url":"https:\/\/forum.schreiner-group.com\/de\/alliance-to-zero-gemeinsam-zur-nachhaltigen-pharma-supply-chain\/","name":"Alliance to Zero: Gemeinsam zur nachhaltigen Pharma-Supply-Chain - Schreiner Group Forum","isPartOf":{"@id":"https:\/\/forum.schreiner-group.com\/de\/#website"},"primaryImageOfPage":{"@id":"https:\/\/forum.schreiner-group.com\/de\/alliance-to-zero-gemeinsam-zur-nachhaltigen-pharma-supply-chain\/#primaryimage"},"image":{"@id":"https:\/\/forum.schreiner-group.com\/de\/alliance-to-zero-gemeinsam-zur-nachhaltigen-pharma-supply-chain\/#primaryimage"},"thumbnailUrl":"https:\/\/forum.schreiner-group.com\/wp-content\/uploads\/2021\/10\/SMP_Alliance_to_zero.jpg","datePublished":"2021-11-29T08:13:30+00:00","dateModified":"2021-11-29T08:13:30+00:00","author":{"@id":"https:\/\/forum.schreiner-group.com\/de\/#\/schema\/person\/bd0e2515cfe9118ea30379405cb6f7dc"},"breadcrumb":{"@id":"https:\/\/forum.schreiner-group.com\/de\/alliance-to-zero-gemeinsam-zur-nachhaltigen-pharma-supply-chain\/#breadcrumb"},"inLanguage":"de","potentialAction":[{"@type":"ReadAction","target":["https:\/\/forum.schreiner-group.com\/de\/alliance-to-zero-gemeinsam-zur-nachhaltigen-pharma-supply-chain\/"]}]},{"@type":"ImageObject","inLanguage":"de","@id":"https:\/\/forum.schreiner-group.com\/de\/alliance-to-zero-gemeinsam-zur-nachhaltigen-pharma-supply-chain\/#primaryimage","url":"https:\/\/forum.schreiner-group.com\/wp-content\/uploads\/2021\/10\/SMP_Alliance_to_zero.jpg","contentUrl":"https:\/\/forum.schreiner-group.com\/wp-content\/uploads\/2021\/10\/SMP_Alliance_to_zero.jpg","width":1920,"height":1280},{"@type":"BreadcrumbList","@id":"https:\/\/forum.schreiner-group.com\/de\/alliance-to-zero-gemeinsam-zur-nachhaltigen-pharma-supply-chain\/#breadcrumb","itemListElement":[{"@type":"ListItem","position":1,"name":"Startseite","item":"https:\/\/forum.schreiner-group.com\/de\/"},{"@type":"ListItem","position":2,"name":"Alliance to Zero: Gemeinsam zur nachhaltigen Pharma-Supply-Chain"}]},{"@type":"WebSite","@id":"https:\/\/forum.schreiner-group.com\/de\/#website","url":"https:\/\/forum.schreiner-group.com\/de\/","name":"Schreiner Group Forum","description":"","potentialAction":[{"@type":"SearchAction","target":{"@type":"EntryPoint","urlTemplate":"https:\/\/forum.schreiner-group.com\/de\/?s={search_term_string}"},"query-input":{"@type":"PropertyValueSpecification","valueRequired":true,"valueName":"search_term_string"}}],"inLanguage":"de"},{"@type":"Person","@id":"https:\/\/forum.schreiner-group.com\/de\/#\/schema\/person\/bd0e2515cfe9118ea30379405cb6f7dc","name":"markus.liedl@schreiner-group.com","image":{"@type":"ImageObject","inLanguage":"de","@id":"https:\/\/forum.schreiner-group.com\/de\/#\/schema\/person\/image\/","url":"https:\/\/secure.gravatar.com\/avatar\/e83202ed81ba95ae0113c3f2d897918a?s=96&d=mm&r=g","contentUrl":"https:\/\/secure.gravatar.com\/avatar\/e83202ed81ba95ae0113c3f2d897918a?s=96&d=mm&r=g","caption":"markus.liedl@schreiner-group.com"},"url":"https:\/\/forum.schreiner-group.com\/de\/author\/markus-liedlschreiner-group-de\/"}]}},"_links":{"self":[{"href":"https:\/\/forum.schreiner-group.com\/de\/wp-json\/wp\/v2\/posts\/8798","targetHints":{"allow":["GET"]}}],"collection":[{"href":"https:\/\/forum.schreiner-group.com\/de\/wp-json\/wp\/v2\/posts"}],"about":[{"href":"https:\/\/forum.schreiner-group.com\/de\/wp-json\/wp\/v2\/types\/post"}],"author":[{"embeddable":true,"href":"https:\/\/forum.schreiner-group.com\/de\/wp-json\/wp\/v2\/users\/2"}],"replies":[{"embeddable":true,"href":"https:\/\/forum.schreiner-group.com\/de\/wp-json\/wp\/v2\/comments?post=8798"}],"version-history":[{"count":14,"href":"https:\/\/forum.schreiner-group.com\/de\/wp-json\/wp\/v2\/posts\/8798\/revisions"}],"predecessor-version":[{"id":8824,"href":"https:\/\/forum.schreiner-group.com\/de\/wp-json\/wp\/v2\/posts\/8798\/revisions\/8824"}],"wp:featuredmedia":[{"embeddable":true,"href":"https:\/\/forum.schreiner-group.com\/de\/wp-json\/wp\/v2\/media\/8778"}],"wp:attachment":[{"href":"https:\/\/forum.schreiner-group.com\/de\/wp-json\/wp\/v2\/media?parent=8798"}],"wp:term":[{"taxonomy":"category","embeddable":true,"href":"https:\/\/forum.schreiner-group.com\/de\/wp-json\/wp\/v2\/categories?post=8798"},{"taxonomy":"post_tag","embeddable":true,"href":"https:\/\/forum.schreiner-group.com\/de\/wp-json\/wp\/v2\/tags?post=8798"}],"curies":[{"name":"wp","href":"https:\/\/api.w.org\/{rel}","templated":true}]}}