{"id":8526,"date":"2021-07-12T10:35:38","date_gmt":"2021-07-12T08:35:38","guid":{"rendered":"https:\/\/forum.schreiner-group.com\/?p=8526"},"modified":"2021-07-12T10:35:38","modified_gmt":"2021-07-12T08:35:38","slug":"transparent-geschuetzt-und-eiskalt","status":"publish","type":"post","link":"https:\/\/forum.schreiner-group.com\/de\/transparent-geschuetzt-und-eiskalt\/","title":{"rendered":"Transparent, gesch\u00fctzt und eiskalt"},"content":{"rendered":"<section class=\"wpb-content-wrapper\"><p>[vc_row full_width=&#8220;stretch_row_content_no_spaces&#8220; content_placement=&#8220;top&#8220; css=&#8220;.vc_custom_1625057709503{margin-top: 150px !important;}&#8220; parallax_background_image=&#8220;8516&#8243;][vc_column][vc_empty_space height=&#8220;615px&#8220;][\/vc_column][\/vc_row][vc_row css=&#8220;.vc_custom_1596612545427{background-color: #ffffff !important;}&#8220; el_class=&#8220;article_bighead&#8220;][vc_column][vc_custom_heading text=&#8220;SCHREINER PROSECURE&#8220; font_container=&#8220;tag:h2|text_align:center&#8220; use_theme_fonts=&#8220;yes&#8220; el_class=&#8220;topcategory&#8220;][vc_custom_heading text=&#8220;Transparent, gesch\u00fctzt und eiskalt&#8220; font_container=&#8220;tag:h1|text_align:center&#8220; use_theme_fonts=&#8220;yes&#8220;][\/vc_column][\/vc_row][vc_row css=&#8220;.vc_custom_1594633744978{padding-bottom: 3% !important;}&#8220;][vc_column][vc_column_text]<\/p>\n<p class=\"p1\"><b>Seit den \u00f6ffentlichen Diskussionen \u00fcber die unterschiedlichen Impfstoffe zum Schutz vor COVID-19 ist allgemein bekannt, dass es Pharmaprodukte gibt, die bei extrem niedrigen Temperaturen tiefgek\u00fchlt werden m\u00fcssen. Und nicht nur f\u00fcr die Bek\u00e4mpfung der Corona-Pandemie, sondern auch in vielen weiteren Bereichen m\u00fcssen Tiefk\u00fchl- und Cryo-Produkte manipulationssicher verpackt sein. Daf\u00fcr kommen selbstklebende Verschlusssiegel zum Einsatz. Bislang war f\u00fcr die Realisierung von Verschlusssiegeln f\u00fcr solche Anwendungen jedoch nur eine begrenzte Auswahl von Materialien verf\u00fcgbar \u2013 nahezu alle davon opak. Dem Competence Center Schreiner ProSecure ist es nun in enger Zusammenarbeit mit den Pharmaexperten des Gesch\u00e4ftsbereichs Schreiner MediPharm gelungen, ein Portfolio f\u00e4lschungs- und manipulationssicherer transparenter Verschlusssiegel f\u00fcr Tiefk\u00fchl- und Cryo-Anwendungen zu entwickeln. <\/b><\/p>\n<p>[\/vc_column_text][\/vc_column][\/vc_row][vc_row][vc_column width=&#8220;1\/3&#8243;][vc_empty_space height=&#8220;15px&#8220;][vc_single_image image=&#8220;8518&#8243; img_size=&#8220;full&#8220; add_caption=&#8220;yes&#8220; css_animation=&#8220;fadeIn&#8220;][\/vc_column][vc_column width=&#8220;2\/3&#8243;][vc_column_text]<\/p>\n<p class=\"p1\">Transparenz ist viel mehr als eine Spielerei. Sei es bei Windschutzscheiben, Fenstern oder Klarsichth\u00fcllen \u2013 im Alltag begegnen uns t\u00e4glich zahllose Beispiele, bei denen die Transparenz entscheidend ist. Gerade auch bei pharmazeutischen Sekund\u00e4rpackmitteln sind transparente Verschlusssiegel essenziell, sodass keine wichtigen Arzneimittelinformationen durch \u00dcberkleben verdeckt werden k\u00f6nnen. Bei Tiefk\u00fchlanwendungen, wie beispielsweise Medikamenten aus dem Bereich der Gentherapie, waren die manipulationssicheren Siegel bislang jedoch meist opak.<\/p>\n<p>[\/vc_column_text][\/vc_column][\/vc_row][vc_row][vc_column][vc_column_text]<\/p>\n<p class=\"p1\">Durch den Einsatz neuer, transparenter Materialien f\u00fcr Tiefk\u00fchlanwendungen und die Erweiterung des Materialportfolios um neuartige Transferklebstoffe kann Schreiner ProSecure nun auch transparente Verschlusssiegel f\u00fcr Tiefk\u00fchl- und Cryo-Anwendungen erm\u00f6glichen. Die Obermaterialien sind dabei, wie vorgeschrieben, leicht zerst\u00f6rbar und bieten einen eindeutigen F\u00e4lschungs- und Manipulationsschutz. Selbstverst\u00e4ndlich entsprechen die Verschlusssiegel den Vorgaben der europ\u00e4ischen F\u00e4lschungsschutzrichtlinie 2011\/62\/EU. Dank dieser Erweiterung des Materialportfolios durch Schreiner ProSecure kann Schreiner MediPharm nun auf die speziellen Bed\u00fcrfnisse seiner Pharmakunden noch besser eingehen.<\/p>\n<p>[\/vc_column_text][\/vc_column][\/vc_row]<\/p>\n<\/section>","protected":false},"excerpt":{"rendered":"<p>Seit den \u00f6ffentlichen Diskussionen \u00fcber die unterschiedlichen Impfstoffe zum Schutz vor COVID-19 ist allgemein bekannt, dass es Pharmaprodukte gibt, die bei extrem niedrigen Temperaturen tiefgek\u00fchlt werden m\u00fcssen. Und nicht nur f\u00fcr die Bek\u00e4mpfung der Corona-Pandemie, sondern auch in vielen weiteren Bereichen m\u00fcssen Tiefk\u00fchl- und Cryo-Produkte manipulationssicher verpackt sein. Daf\u00fcr kommen selbstklebende Verschlusssiegel zum Einsatz. Bislang war f\u00fcr die Realisierung von Verschlusssiegeln f\u00fcr solche Anwendungen jedoch nur eine begrenzte Auswahl von Materialien verf\u00fcgbar \u2013 nahezu alle davon opak. Dem Competence Center Schreiner ProSecure ist es nun in enger Zusammenarbeit mit den Pharmaexperten des Gesch\u00e4ftsbereichs Schreiner MediPharm gelungen, ein Portfolio f\u00e4lschungs- und manipulationssicherer transparenter Verschlusssiegel f\u00fcr Tiefk\u00fchl- und Cryo-Anwendungen zu entwickeln. <\/p>\n","protected":false},"author":4,"featured_media":8534,"comment_status":"open","ping_status":"open","sticky":false,"template":"","format":"standard","meta":{"inline_featured_image":false,"footnotes":""},"categories":[58],"tags":[207],"class_list":["post-8526","post","type-post","status-publish","format-standard","has-post-thumbnail","hentry","category-schreiner-prosecure","tag-manipulationsnachweis"],"yoast_head":"<!-- This site is optimized with the Yoast SEO plugin v23.9 - https:\/\/yoast.com\/wordpress\/plugins\/seo\/ -->\n<title>Transparent, gesch\u00fctzt und eiskalt - Schreiner Group Forum<\/title>\n<meta name=\"robots\" content=\"index, follow, max-snippet:-1, max-image-preview:large, max-video-preview:-1\" \/>\n<link rel=\"canonical\" href=\"https:\/\/forum.schreiner-group.com\/de\/transparent-geschuetzt-und-eiskalt\/\" \/>\n<meta property=\"og:locale\" content=\"de_DE\" \/>\n<meta property=\"og:type\" content=\"article\" \/>\n<meta property=\"og:title\" content=\"Transparent, gesch\u00fctzt und eiskalt - Schreiner Group Forum\" \/>\n<meta property=\"og:description\" content=\"Seit den \u00f6ffentlichen Diskussionen \u00fcber die unterschiedlichen Impfstoffe zum Schutz vor COVID-19 ist allgemein bekannt, dass es Pharmaprodukte gibt, die bei extrem niedrigen Temperaturen tiefgek\u00fchlt werden m\u00fcssen. Und nicht nur f\u00fcr die Bek\u00e4mpfung der Corona-Pandemie, sondern auch in vielen weiteren Bereichen m\u00fcssen Tiefk\u00fchl- und Cryo-Produkte manipulationssicher verpackt sein. Daf\u00fcr kommen selbstklebende Verschlusssiegel zum Einsatz. Bislang war f\u00fcr die Realisierung von Verschlusssiegeln f\u00fcr solche Anwendungen jedoch nur eine begrenzte Auswahl von Materialien verf\u00fcgbar \u2013 nahezu alle davon opak. Dem Competence Center Schreiner ProSecure ist es nun in enger Zusammenarbeit mit den Pharmaexperten des Gesch\u00e4ftsbereichs Schreiner MediPharm gelungen, ein Portfolio f\u00e4lschungs- und manipulationssicherer transparenter Verschlusssiegel f\u00fcr Tiefk\u00fchl- und Cryo-Anwendungen zu entwickeln.\" \/>\n<meta property=\"og:url\" content=\"https:\/\/forum.schreiner-group.com\/de\/transparent-geschuetzt-und-eiskalt\/\" \/>\n<meta property=\"og:site_name\" content=\"Schreiner Group Forum\" \/>\n<meta property=\"article:published_time\" content=\"2021-07-12T08:35:38+00:00\" \/>\n<meta property=\"og:image\" content=\"https:\/\/forum.schreiner-group.com\/wp-content\/uploads\/2021\/06\/CPS_Transparente_Verschlusssiegel_Bild.jpg\" \/>\n\t<meta property=\"og:image:width\" content=\"1920\" \/>\n\t<meta property=\"og:image:height\" content=\"1280\" \/>\n\t<meta property=\"og:image:type\" content=\"image\/jpeg\" \/>\n<meta name=\"author\" content=\"Bettina Walz\" \/>\n<meta name=\"twitter:card\" content=\"summary_large_image\" \/>\n<meta name=\"twitter:label1\" content=\"Verfasst von\" \/>\n\t<meta name=\"twitter:data1\" content=\"Bettina Walz\" \/>\n\t<meta name=\"twitter:label2\" content=\"Gesch\u00e4tzte Lesezeit\" \/>\n\t<meta name=\"twitter:data2\" content=\"2\u00a0Minuten\" \/>\n<script type=\"application\/ld+json\" class=\"yoast-schema-graph\">{\"@context\":\"https:\/\/schema.org\",\"@graph\":[{\"@type\":\"WebPage\",\"@id\":\"https:\/\/forum.schreiner-group.com\/de\/transparent-geschuetzt-und-eiskalt\/\",\"url\":\"https:\/\/forum.schreiner-group.com\/de\/transparent-geschuetzt-und-eiskalt\/\",\"name\":\"Transparent, gesch\u00fctzt und eiskalt - Schreiner Group Forum\",\"isPartOf\":{\"@id\":\"https:\/\/forum.schreiner-group.com\/de\/#website\"},\"primaryImageOfPage\":{\"@id\":\"https:\/\/forum.schreiner-group.com\/de\/transparent-geschuetzt-und-eiskalt\/#primaryimage\"},\"image\":{\"@id\":\"https:\/\/forum.schreiner-group.com\/de\/transparent-geschuetzt-und-eiskalt\/#primaryimage\"},\"thumbnailUrl\":\"https:\/\/forum.schreiner-group.com\/wp-content\/uploads\/2021\/06\/CPS_Transparente_Verschlusssiegel_Bild.jpg\",\"datePublished\":\"2021-07-12T08:35:38+00:00\",\"dateModified\":\"2021-07-12T08:35:38+00:00\",\"author\":{\"@id\":\"https:\/\/forum.schreiner-group.com\/de\/#\/schema\/person\/281a97590cf118ded8ac2c621538514e\"},\"breadcrumb\":{\"@id\":\"https:\/\/forum.schreiner-group.com\/de\/transparent-geschuetzt-und-eiskalt\/#breadcrumb\"},\"inLanguage\":\"de\",\"potentialAction\":[{\"@type\":\"ReadAction\",\"target\":[\"https:\/\/forum.schreiner-group.com\/de\/transparent-geschuetzt-und-eiskalt\/\"]}]},{\"@type\":\"ImageObject\",\"inLanguage\":\"de\",\"@id\":\"https:\/\/forum.schreiner-group.com\/de\/transparent-geschuetzt-und-eiskalt\/#primaryimage\",\"url\":\"https:\/\/forum.schreiner-group.com\/wp-content\/uploads\/2021\/06\/CPS_Transparente_Verschlusssiegel_Bild.jpg\",\"contentUrl\":\"https:\/\/forum.schreiner-group.com\/wp-content\/uploads\/2021\/06\/CPS_Transparente_Verschlusssiegel_Bild.jpg\",\"width\":1920,\"height\":1280},{\"@type\":\"BreadcrumbList\",\"@id\":\"https:\/\/forum.schreiner-group.com\/de\/transparent-geschuetzt-und-eiskalt\/#breadcrumb\",\"itemListElement\":[{\"@type\":\"ListItem\",\"position\":1,\"name\":\"Startseite\",\"item\":\"https:\/\/forum.schreiner-group.com\/de\/\"},{\"@type\":\"ListItem\",\"position\":2,\"name\":\"Transparent, gesch\u00fctzt und eiskalt\"}]},{\"@type\":\"WebSite\",\"@id\":\"https:\/\/forum.schreiner-group.com\/de\/#website\",\"url\":\"https:\/\/forum.schreiner-group.com\/de\/\",\"name\":\"Schreiner Group Forum\",\"description\":\"\",\"potentialAction\":[{\"@type\":\"SearchAction\",\"target\":{\"@type\":\"EntryPoint\",\"urlTemplate\":\"https:\/\/forum.schreiner-group.com\/de\/?s={search_term_string}\"},\"query-input\":{\"@type\":\"PropertyValueSpecification\",\"valueRequired\":true,\"valueName\":\"search_term_string\"}}],\"inLanguage\":\"de\"},{\"@type\":\"Person\",\"@id\":\"https:\/\/forum.schreiner-group.com\/de\/#\/schema\/person\/281a97590cf118ded8ac2c621538514e\",\"name\":\"Bettina Walz\",\"image\":{\"@type\":\"ImageObject\",\"inLanguage\":\"de\",\"@id\":\"https:\/\/forum.schreiner-group.com\/de\/#\/schema\/person\/image\/\",\"url\":\"https:\/\/secure.gravatar.com\/avatar\/9354a8d933352f8dbc4df9ead552930f?s=96&d=mm&r=g\",\"contentUrl\":\"https:\/\/secure.gravatar.com\/avatar\/9354a8d933352f8dbc4df9ead552930f?s=96&d=mm&r=g\",\"caption\":\"Bettina Walz\"},\"url\":\"https:\/\/forum.schreiner-group.com\/de\/author\/bettina-walz\/\"}]}<\/script>\n<!-- \/ Yoast SEO plugin. -->","yoast_head_json":{"title":"Transparent, gesch\u00fctzt und eiskalt - Schreiner Group Forum","robots":{"index":"index","follow":"follow","max-snippet":"max-snippet:-1","max-image-preview":"max-image-preview:large","max-video-preview":"max-video-preview:-1"},"canonical":"https:\/\/forum.schreiner-group.com\/de\/transparent-geschuetzt-und-eiskalt\/","og_locale":"de_DE","og_type":"article","og_title":"Transparent, gesch\u00fctzt und eiskalt - Schreiner Group Forum","og_description":"Seit den \u00f6ffentlichen Diskussionen \u00fcber die unterschiedlichen Impfstoffe zum Schutz vor COVID-19 ist allgemein bekannt, dass es Pharmaprodukte gibt, die bei extrem niedrigen Temperaturen tiefgek\u00fchlt werden m\u00fcssen. Und nicht nur f\u00fcr die Bek\u00e4mpfung der Corona-Pandemie, sondern auch in vielen weiteren Bereichen m\u00fcssen Tiefk\u00fchl- und Cryo-Produkte manipulationssicher verpackt sein. Daf\u00fcr kommen selbstklebende Verschlusssiegel zum Einsatz. Bislang war f\u00fcr die Realisierung von Verschlusssiegeln f\u00fcr solche Anwendungen jedoch nur eine begrenzte Auswahl von Materialien verf\u00fcgbar \u2013 nahezu alle davon opak. Dem Competence Center Schreiner ProSecure ist es nun in enger Zusammenarbeit mit den Pharmaexperten des Gesch\u00e4ftsbereichs Schreiner MediPharm gelungen, ein Portfolio f\u00e4lschungs- und manipulationssicherer transparenter Verschlusssiegel f\u00fcr Tiefk\u00fchl- und Cryo-Anwendungen zu entwickeln.","og_url":"https:\/\/forum.schreiner-group.com\/de\/transparent-geschuetzt-und-eiskalt\/","og_site_name":"Schreiner Group Forum","article_published_time":"2021-07-12T08:35:38+00:00","og_image":[{"width":1920,"height":1280,"url":"https:\/\/forum.schreiner-group.com\/wp-content\/uploads\/2021\/06\/CPS_Transparente_Verschlusssiegel_Bild.jpg","type":"image\/jpeg"}],"author":"Bettina Walz","twitter_card":"summary_large_image","twitter_misc":{"Verfasst von":"Bettina Walz","Gesch\u00e4tzte Lesezeit":"2\u00a0Minuten"},"schema":{"@context":"https:\/\/schema.org","@graph":[{"@type":"WebPage","@id":"https:\/\/forum.schreiner-group.com\/de\/transparent-geschuetzt-und-eiskalt\/","url":"https:\/\/forum.schreiner-group.com\/de\/transparent-geschuetzt-und-eiskalt\/","name":"Transparent, gesch\u00fctzt und eiskalt - Schreiner Group Forum","isPartOf":{"@id":"https:\/\/forum.schreiner-group.com\/de\/#website"},"primaryImageOfPage":{"@id":"https:\/\/forum.schreiner-group.com\/de\/transparent-geschuetzt-und-eiskalt\/#primaryimage"},"image":{"@id":"https:\/\/forum.schreiner-group.com\/de\/transparent-geschuetzt-und-eiskalt\/#primaryimage"},"thumbnailUrl":"https:\/\/forum.schreiner-group.com\/wp-content\/uploads\/2021\/06\/CPS_Transparente_Verschlusssiegel_Bild.jpg","datePublished":"2021-07-12T08:35:38+00:00","dateModified":"2021-07-12T08:35:38+00:00","author":{"@id":"https:\/\/forum.schreiner-group.com\/de\/#\/schema\/person\/281a97590cf118ded8ac2c621538514e"},"breadcrumb":{"@id":"https:\/\/forum.schreiner-group.com\/de\/transparent-geschuetzt-und-eiskalt\/#breadcrumb"},"inLanguage":"de","potentialAction":[{"@type":"ReadAction","target":["https:\/\/forum.schreiner-group.com\/de\/transparent-geschuetzt-und-eiskalt\/"]}]},{"@type":"ImageObject","inLanguage":"de","@id":"https:\/\/forum.schreiner-group.com\/de\/transparent-geschuetzt-und-eiskalt\/#primaryimage","url":"https:\/\/forum.schreiner-group.com\/wp-content\/uploads\/2021\/06\/CPS_Transparente_Verschlusssiegel_Bild.jpg","contentUrl":"https:\/\/forum.schreiner-group.com\/wp-content\/uploads\/2021\/06\/CPS_Transparente_Verschlusssiegel_Bild.jpg","width":1920,"height":1280},{"@type":"BreadcrumbList","@id":"https:\/\/forum.schreiner-group.com\/de\/transparent-geschuetzt-und-eiskalt\/#breadcrumb","itemListElement":[{"@type":"ListItem","position":1,"name":"Startseite","item":"https:\/\/forum.schreiner-group.com\/de\/"},{"@type":"ListItem","position":2,"name":"Transparent, gesch\u00fctzt und eiskalt"}]},{"@type":"WebSite","@id":"https:\/\/forum.schreiner-group.com\/de\/#website","url":"https:\/\/forum.schreiner-group.com\/de\/","name":"Schreiner Group Forum","description":"","potentialAction":[{"@type":"SearchAction","target":{"@type":"EntryPoint","urlTemplate":"https:\/\/forum.schreiner-group.com\/de\/?s={search_term_string}"},"query-input":{"@type":"PropertyValueSpecification","valueRequired":true,"valueName":"search_term_string"}}],"inLanguage":"de"},{"@type":"Person","@id":"https:\/\/forum.schreiner-group.com\/de\/#\/schema\/person\/281a97590cf118ded8ac2c621538514e","name":"Bettina Walz","image":{"@type":"ImageObject","inLanguage":"de","@id":"https:\/\/forum.schreiner-group.com\/de\/#\/schema\/person\/image\/","url":"https:\/\/secure.gravatar.com\/avatar\/9354a8d933352f8dbc4df9ead552930f?s=96&d=mm&r=g","contentUrl":"https:\/\/secure.gravatar.com\/avatar\/9354a8d933352f8dbc4df9ead552930f?s=96&d=mm&r=g","caption":"Bettina Walz"},"url":"https:\/\/forum.schreiner-group.com\/de\/author\/bettina-walz\/"}]}},"_links":{"self":[{"href":"https:\/\/forum.schreiner-group.com\/de\/wp-json\/wp\/v2\/posts\/8526","targetHints":{"allow":["GET"]}}],"collection":[{"href":"https:\/\/forum.schreiner-group.com\/de\/wp-json\/wp\/v2\/posts"}],"about":[{"href":"https:\/\/forum.schreiner-group.com\/de\/wp-json\/wp\/v2\/types\/post"}],"author":[{"embeddable":true,"href":"https:\/\/forum.schreiner-group.com\/de\/wp-json\/wp\/v2\/users\/4"}],"replies":[{"embeddable":true,"href":"https:\/\/forum.schreiner-group.com\/de\/wp-json\/wp\/v2\/comments?post=8526"}],"version-history":[{"count":4,"href":"https:\/\/forum.schreiner-group.com\/de\/wp-json\/wp\/v2\/posts\/8526\/revisions"}],"predecessor-version":[{"id":8626,"href":"https:\/\/forum.schreiner-group.com\/de\/wp-json\/wp\/v2\/posts\/8526\/revisions\/8626"}],"wp:featuredmedia":[{"embeddable":true,"href":"https:\/\/forum.schreiner-group.com\/de\/wp-json\/wp\/v2\/media\/8534"}],"wp:attachment":[{"href":"https:\/\/forum.schreiner-group.com\/de\/wp-json\/wp\/v2\/media?parent=8526"}],"wp:term":[{"taxonomy":"category","embeddable":true,"href":"https:\/\/forum.schreiner-group.com\/de\/wp-json\/wp\/v2\/categories?post=8526"},{"taxonomy":"post_tag","embeddable":true,"href":"https:\/\/forum.schreiner-group.com\/de\/wp-json\/wp\/v2\/tags?post=8526"}],"curies":[{"name":"wp","href":"https:\/\/api.w.org\/{rel}","templated":true}]}}