{"id":8248,"date":"2021-07-09T12:18:22","date_gmt":"2021-07-09T10:18:22","guid":{"rendered":"https:\/\/forum.schreiner-group.com\/?p=8248"},"modified":"2021-07-09T12:18:22","modified_gmt":"2021-07-09T10:18:22","slug":"premiere-fuer-primera-partnerschaft-mit-schreiner-protech","status":"publish","type":"post","link":"https:\/\/forum.schreiner-group.com\/de\/premiere-fuer-primera-partnerschaft-mit-schreiner-protech\/","title":{"rendered":"Premiere f\u00fcr Primera: Partnerschaft mit Schreiner ProTech"},"content":{"rendered":"<section class=\"wpb-content-wrapper\"><p>[vc_row full_width=&#8220;stretch_row_content_no_spaces&#8220; content_placement=&#8220;top&#8220; css=&#8220;.vc_custom_1624620820833{margin-top: 150px !important;}&#8220; parallax_background_image=&#8220;8243&#8243;][vc_column][vc_empty_space height=&#8220;615px&#8220;][\/vc_column][\/vc_row][vc_row css=&#8220;.vc_custom_1596612545427{background-color: #ffffff !important;}&#8220; el_class=&#8220;article_bighead&#8220;][vc_column][vc_custom_heading text=&#8220;SCHREINER PROTECH&#8220; font_container=&#8220;tag:h2|text_align:center&#8220; use_theme_fonts=&#8220;yes&#8220; el_class=&#8220;topcategory&#8220;][vc_custom_heading text=&#8220;Premiere f\u00fcr Primera:<br \/>\nPartnerschaft mit Schreiner ProTech&#8220; font_container=&#8220;tag:h1|text_align:center&#8220; use_theme_fonts=&#8220;yes&#8220;][\/vc_column][\/vc_row][vc_row css=&#8220;.vc_custom_1594633744978{padding-bottom: 3% !important;}&#8220;][vc_column][vc_column_text]<\/p>\n<p class=\"p1\"><b>Hochwertig, best\u00e4ndig und kratzfest: Die Color-Laserfolie von Schreiner ProTech ist ein bew\u00e4hrtes und am Markt etabliertes Produkt. Die laserbeschriftbare Folie \u00fcberzeugt durch ihre Vielzahl an Vorteilen und besonderen Eigenschaften. Dazu z\u00e4hlen die hohe Best\u00e4ndigkeit und der emissionslose Beschriftungsprozess. Diese Vorz\u00fcge macht sich nun auch die Firma Primera zunutze: Der Hersteller von Spezialdruckern bietet jetzt die Color-Laserfolie von Schreiner ProTech zusammen mit seinem neuen Laserbeschriftungssystem an<\/b><\/p>\n<p>[\/vc_column_text][\/vc_column][\/vc_row][vc_row][vc_column][vc_single_image image=&#8220;8245&#8243; img_size=&#8220;full&#8220; add_caption=&#8220;yes&#8220; css_animation=&#8220;fadeIn&#8220;][vc_custom_heading text=&#8220;Drucker und Etikett: Alles aus einer Hand&#8220; font_container=&#8220;tag:h2|text_align:left|color:%23e8c62a&#8220; google_fonts=&#8220;font_family:Lato%3A100%2C100italic%2C300%2C300italic%2Cregular%2Citalic%2C700%2C700italic%2C900%2C900italic|font_style:400%20regular%3A400%3Anormal&#8220;][vc_column_text]<\/p>\n<p class=\"p1\">Das Catalyst\u00ae Laserbeschriftungssystem von Primera zeichnet sich durch ein effizientes Laserbeschriftungsverfahren, Digitalstanztechnik und einen sehr g\u00fcnstigen Einkaufspreis aus. Bei den Laserbeschriftungsverfahren kommt ausschlie\u00dflich die von Schreiner ProTech gelieferte Color-Laserfolie (CLF) zum Einsatz.<\/p>\n<p class=\"p1\">Durch die Zusammenarbeit von Schreiner ProTech und Primera entsteht ein optimales Gesamtpaket mit zahlreichen Vorteilen: Der Verbraucher erh\u00e4lt ein hochwertiges Laserbeschriftungssystem und dazu die Color-Laserfolie. Diese gen\u00fcgt hohen Qualit\u00e4tsanforderungen und ist normalerweise nur in gro\u00dfen Mengen und zu weitaus h\u00f6heren Kosten erh\u00e4ltlich. Durch die Partnerschaft k\u00f6nnen nunmehr Endkunden die hochwertigen Colorlaser-Folien von Schreiner ProTech nutzen. Diese sind zusammen mit den Laserbeschriftungssystemen direkt bei Primera und dessen Partnern erh\u00e4ltlich \u2013 und zwar inklusive Service und damit als Gesamtpaket aus einer Hand.<\/p>\n<p>[\/vc_column_text][vc_empty_space height=&#8220;25px&#8220;][vc_column_text el_class=&#8220;kastenunten&#8220; css=&#8220;.vc_custom_1625127079873{background-color: #f9f1ca !important;}&#8220;]<\/p>\n<p class=\"p1\"><b>Primera Technology, Inc.<\/b> ist einer der weltweit f\u00fchrenden Entwickler und Hersteller von Spezialdruckern und -ger\u00e4ten, wie beispielsweise Farbetikettendrucker oder Etikettenapplikatoren. Mit Hauptsitz in Minnesota und weiteren internationalen Standorten verkauft das Unternehmen seine Produkteweltweit in mehr als 200 L\u00e4ndern.<\/p>\n<p>[\/vc_column_text][\/vc_column][\/vc_row]<\/p>\n<\/section>","protected":false},"excerpt":{"rendered":"<p>Menschliche Haut, Wachs und Bl\u00e4tter \u2013 diese drei Begriffe wirken auf den ersten Blick v\u00f6llig zusammenhanglos. Beim Kontakt mit einer Lichtquelle wird die Gemeinsamkeit jedoch deutlich \u2013 sie sind transluzent. Der Begriff steht f\u00fcr die partielle Lichtdurchl\u00e4ssigkeit eines Objekts. Diese Eigenschaft ist h\u00e4ufig bei Anwendungen in den Bereichen Haushalt, Mobilit\u00e4t oder Elektronik zu finden. Dabei handelt es sich um Anzeigen an Ger\u00e4ten, auf denen Symbole oder Text hinterleuchtet werden. Hierf\u00fcr bietet Schreiner ProTech eine integrierte Folienl\u00f6sung: die von der FINAT pr\u00e4mierte transluzente Color-Laserfolie \u2013 eine flexible Alternative zu vorgedruckten Designfolien. Sie ist Beschriftung und Verbindung in einem \u2013 flexibel, effizient, innovativ und individualisierbar.<\/p>\n","protected":false},"author":4,"featured_media":8245,"comment_status":"open","ping_status":"open","sticky":false,"template":"","format":"standard","meta":{"inline_featured_image":false,"footnotes":""},"categories":[56],"tags":[94,91],"class_list":["post-8248","post","type-post","status-publish","format-standard","has-post-thumbnail","hentry","category-schreiner-protech","tag-applizier-und-verarbeitungssysteme","tag-kennzeichnungsloesungen"],"yoast_head":"<!-- This site is optimized with the Yoast SEO plugin v23.9 - https:\/\/yoast.com\/wordpress\/plugins\/seo\/ -->\n<title>Premiere f\u00fcr Primera: Partnerschaft mit Schreiner ProTech - Schreiner Group Forum<\/title>\n<meta name=\"robots\" content=\"index, follow, max-snippet:-1, max-image-preview:large, max-video-preview:-1\" \/>\n<link rel=\"canonical\" href=\"https:\/\/forum.schreiner-group.com\/de\/premiere-fuer-primera-partnerschaft-mit-schreiner-protech\/\" \/>\n<meta property=\"og:locale\" content=\"de_DE\" \/>\n<meta property=\"og:type\" content=\"article\" \/>\n<meta property=\"og:title\" content=\"Premiere f\u00fcr Primera: Partnerschaft mit Schreiner ProTech - Schreiner Group Forum\" \/>\n<meta property=\"og:description\" content=\"Menschliche Haut, Wachs und Bl\u00e4tter \u2013 diese drei Begriffe wirken auf den ersten Blick v\u00f6llig zusammenhanglos. Beim Kontakt mit einer Lichtquelle wird die Gemeinsamkeit jedoch deutlich \u2013 sie sind transluzent. Der Begriff steht f\u00fcr die partielle Lichtdurchl\u00e4ssigkeit eines Objekts. Diese Eigenschaft ist h\u00e4ufig bei Anwendungen in den Bereichen Haushalt, Mobilit\u00e4t oder Elektronik zu finden. Dabei handelt es sich um Anzeigen an Ger\u00e4ten, auf denen Symbole oder Text hinterleuchtet werden. Hierf\u00fcr bietet Schreiner ProTech eine integrierte Folienl\u00f6sung: die von der FINAT pr\u00e4mierte transluzente Color-Laserfolie \u2013 eine flexible Alternative zu vorgedruckten Designfolien. Sie ist Beschriftung und Verbindung in einem \u2013 flexibel, effizient, innovativ und individualisierbar.\" \/>\n<meta property=\"og:url\" content=\"https:\/\/forum.schreiner-group.com\/de\/premiere-fuer-primera-partnerschaft-mit-schreiner-protech\/\" \/>\n<meta property=\"og:site_name\" content=\"Schreiner Group Forum\" \/>\n<meta property=\"article:published_time\" content=\"2021-07-09T10:18:22+00:00\" \/>\n<meta property=\"og:image\" content=\"https:\/\/forum.schreiner-group.com\/wp-content\/uploads\/2021\/06\/SPT_Primera.jpg\" \/>\n\t<meta property=\"og:image:width\" content=\"1920\" \/>\n\t<meta property=\"og:image:height\" content=\"1280\" \/>\n\t<meta property=\"og:image:type\" content=\"image\/jpeg\" \/>\n<meta name=\"author\" content=\"Bettina Walz\" \/>\n<meta name=\"twitter:card\" content=\"summary_large_image\" \/>\n<meta name=\"twitter:label1\" content=\"Verfasst von\" \/>\n\t<meta name=\"twitter:data1\" content=\"Bettina Walz\" \/>\n\t<meta name=\"twitter:label2\" content=\"Gesch\u00e4tzte Lesezeit\" \/>\n\t<meta name=\"twitter:data2\" content=\"2\u00a0Minuten\" \/>\n<script type=\"application\/ld+json\" class=\"yoast-schema-graph\">{\"@context\":\"https:\/\/schema.org\",\"@graph\":[{\"@type\":\"WebPage\",\"@id\":\"https:\/\/forum.schreiner-group.com\/de\/premiere-fuer-primera-partnerschaft-mit-schreiner-protech\/\",\"url\":\"https:\/\/forum.schreiner-group.com\/de\/premiere-fuer-primera-partnerschaft-mit-schreiner-protech\/\",\"name\":\"Premiere f\u00fcr Primera: Partnerschaft mit Schreiner ProTech - Schreiner Group Forum\",\"isPartOf\":{\"@id\":\"https:\/\/forum.schreiner-group.com\/de\/#website\"},\"primaryImageOfPage\":{\"@id\":\"https:\/\/forum.schreiner-group.com\/de\/premiere-fuer-primera-partnerschaft-mit-schreiner-protech\/#primaryimage\"},\"image\":{\"@id\":\"https:\/\/forum.schreiner-group.com\/de\/premiere-fuer-primera-partnerschaft-mit-schreiner-protech\/#primaryimage\"},\"thumbnailUrl\":\"https:\/\/forum.schreiner-group.com\/wp-content\/uploads\/2021\/06\/SPT_Primera.jpg\",\"datePublished\":\"2021-07-09T10:18:22+00:00\",\"dateModified\":\"2021-07-09T10:18:22+00:00\",\"author\":{\"@id\":\"https:\/\/forum.schreiner-group.com\/de\/#\/schema\/person\/281a97590cf118ded8ac2c621538514e\"},\"breadcrumb\":{\"@id\":\"https:\/\/forum.schreiner-group.com\/de\/premiere-fuer-primera-partnerschaft-mit-schreiner-protech\/#breadcrumb\"},\"inLanguage\":\"de\",\"potentialAction\":[{\"@type\":\"ReadAction\",\"target\":[\"https:\/\/forum.schreiner-group.com\/de\/premiere-fuer-primera-partnerschaft-mit-schreiner-protech\/\"]}]},{\"@type\":\"ImageObject\",\"inLanguage\":\"de\",\"@id\":\"https:\/\/forum.schreiner-group.com\/de\/premiere-fuer-primera-partnerschaft-mit-schreiner-protech\/#primaryimage\",\"url\":\"https:\/\/forum.schreiner-group.com\/wp-content\/uploads\/2021\/06\/SPT_Primera.jpg\",\"contentUrl\":\"https:\/\/forum.schreiner-group.com\/wp-content\/uploads\/2021\/06\/SPT_Primera.jpg\",\"width\":1920,\"height\":1280},{\"@type\":\"BreadcrumbList\",\"@id\":\"https:\/\/forum.schreiner-group.com\/de\/premiere-fuer-primera-partnerschaft-mit-schreiner-protech\/#breadcrumb\",\"itemListElement\":[{\"@type\":\"ListItem\",\"position\":1,\"name\":\"Startseite\",\"item\":\"https:\/\/forum.schreiner-group.com\/de\/\"},{\"@type\":\"ListItem\",\"position\":2,\"name\":\"Premiere f\u00fcr Primera: Partnerschaft mit Schreiner ProTech\"}]},{\"@type\":\"WebSite\",\"@id\":\"https:\/\/forum.schreiner-group.com\/de\/#website\",\"url\":\"https:\/\/forum.schreiner-group.com\/de\/\",\"name\":\"Schreiner Group Forum\",\"description\":\"\",\"potentialAction\":[{\"@type\":\"SearchAction\",\"target\":{\"@type\":\"EntryPoint\",\"urlTemplate\":\"https:\/\/forum.schreiner-group.com\/de\/?s={search_term_string}\"},\"query-input\":{\"@type\":\"PropertyValueSpecification\",\"valueRequired\":true,\"valueName\":\"search_term_string\"}}],\"inLanguage\":\"de\"},{\"@type\":\"Person\",\"@id\":\"https:\/\/forum.schreiner-group.com\/de\/#\/schema\/person\/281a97590cf118ded8ac2c621538514e\",\"name\":\"Bettina Walz\",\"image\":{\"@type\":\"ImageObject\",\"inLanguage\":\"de\",\"@id\":\"https:\/\/forum.schreiner-group.com\/de\/#\/schema\/person\/image\/\",\"url\":\"https:\/\/secure.gravatar.com\/avatar\/9354a8d933352f8dbc4df9ead552930f?s=96&d=mm&r=g\",\"contentUrl\":\"https:\/\/secure.gravatar.com\/avatar\/9354a8d933352f8dbc4df9ead552930f?s=96&d=mm&r=g\",\"caption\":\"Bettina Walz\"},\"url\":\"https:\/\/forum.schreiner-group.com\/de\/author\/bettina-walz\/\"}]}<\/script>\n<!-- \/ Yoast SEO plugin. -->","yoast_head_json":{"title":"Premiere f\u00fcr Primera: Partnerschaft mit Schreiner ProTech - Schreiner Group Forum","robots":{"index":"index","follow":"follow","max-snippet":"max-snippet:-1","max-image-preview":"max-image-preview:large","max-video-preview":"max-video-preview:-1"},"canonical":"https:\/\/forum.schreiner-group.com\/de\/premiere-fuer-primera-partnerschaft-mit-schreiner-protech\/","og_locale":"de_DE","og_type":"article","og_title":"Premiere f\u00fcr Primera: Partnerschaft mit Schreiner ProTech - Schreiner Group Forum","og_description":"Menschliche Haut, Wachs und Bl\u00e4tter \u2013 diese drei Begriffe wirken auf den ersten Blick v\u00f6llig zusammenhanglos. Beim Kontakt mit einer Lichtquelle wird die Gemeinsamkeit jedoch deutlich \u2013 sie sind transluzent. Der Begriff steht f\u00fcr die partielle Lichtdurchl\u00e4ssigkeit eines Objekts. Diese Eigenschaft ist h\u00e4ufig bei Anwendungen in den Bereichen Haushalt, Mobilit\u00e4t oder Elektronik zu finden. Dabei handelt es sich um Anzeigen an Ger\u00e4ten, auf denen Symbole oder Text hinterleuchtet werden. Hierf\u00fcr bietet Schreiner ProTech eine integrierte Folienl\u00f6sung: die von der FINAT pr\u00e4mierte transluzente Color-Laserfolie \u2013 eine flexible Alternative zu vorgedruckten Designfolien. Sie ist Beschriftung und Verbindung in einem \u2013 flexibel, effizient, innovativ und individualisierbar.","og_url":"https:\/\/forum.schreiner-group.com\/de\/premiere-fuer-primera-partnerschaft-mit-schreiner-protech\/","og_site_name":"Schreiner Group Forum","article_published_time":"2021-07-09T10:18:22+00:00","og_image":[{"width":1920,"height":1280,"url":"https:\/\/forum.schreiner-group.com\/wp-content\/uploads\/2021\/06\/SPT_Primera.jpg","type":"image\/jpeg"}],"author":"Bettina Walz","twitter_card":"summary_large_image","twitter_misc":{"Verfasst von":"Bettina Walz","Gesch\u00e4tzte Lesezeit":"2\u00a0Minuten"},"schema":{"@context":"https:\/\/schema.org","@graph":[{"@type":"WebPage","@id":"https:\/\/forum.schreiner-group.com\/de\/premiere-fuer-primera-partnerschaft-mit-schreiner-protech\/","url":"https:\/\/forum.schreiner-group.com\/de\/premiere-fuer-primera-partnerschaft-mit-schreiner-protech\/","name":"Premiere f\u00fcr Primera: Partnerschaft mit Schreiner ProTech - Schreiner Group Forum","isPartOf":{"@id":"https:\/\/forum.schreiner-group.com\/de\/#website"},"primaryImageOfPage":{"@id":"https:\/\/forum.schreiner-group.com\/de\/premiere-fuer-primera-partnerschaft-mit-schreiner-protech\/#primaryimage"},"image":{"@id":"https:\/\/forum.schreiner-group.com\/de\/premiere-fuer-primera-partnerschaft-mit-schreiner-protech\/#primaryimage"},"thumbnailUrl":"https:\/\/forum.schreiner-group.com\/wp-content\/uploads\/2021\/06\/SPT_Primera.jpg","datePublished":"2021-07-09T10:18:22+00:00","dateModified":"2021-07-09T10:18:22+00:00","author":{"@id":"https:\/\/forum.schreiner-group.com\/de\/#\/schema\/person\/281a97590cf118ded8ac2c621538514e"},"breadcrumb":{"@id":"https:\/\/forum.schreiner-group.com\/de\/premiere-fuer-primera-partnerschaft-mit-schreiner-protech\/#breadcrumb"},"inLanguage":"de","potentialAction":[{"@type":"ReadAction","target":["https:\/\/forum.schreiner-group.com\/de\/premiere-fuer-primera-partnerschaft-mit-schreiner-protech\/"]}]},{"@type":"ImageObject","inLanguage":"de","@id":"https:\/\/forum.schreiner-group.com\/de\/premiere-fuer-primera-partnerschaft-mit-schreiner-protech\/#primaryimage","url":"https:\/\/forum.schreiner-group.com\/wp-content\/uploads\/2021\/06\/SPT_Primera.jpg","contentUrl":"https:\/\/forum.schreiner-group.com\/wp-content\/uploads\/2021\/06\/SPT_Primera.jpg","width":1920,"height":1280},{"@type":"BreadcrumbList","@id":"https:\/\/forum.schreiner-group.com\/de\/premiere-fuer-primera-partnerschaft-mit-schreiner-protech\/#breadcrumb","itemListElement":[{"@type":"ListItem","position":1,"name":"Startseite","item":"https:\/\/forum.schreiner-group.com\/de\/"},{"@type":"ListItem","position":2,"name":"Premiere f\u00fcr Primera: Partnerschaft mit Schreiner ProTech"}]},{"@type":"WebSite","@id":"https:\/\/forum.schreiner-group.com\/de\/#website","url":"https:\/\/forum.schreiner-group.com\/de\/","name":"Schreiner Group Forum","description":"","potentialAction":[{"@type":"SearchAction","target":{"@type":"EntryPoint","urlTemplate":"https:\/\/forum.schreiner-group.com\/de\/?s={search_term_string}"},"query-input":{"@type":"PropertyValueSpecification","valueRequired":true,"valueName":"search_term_string"}}],"inLanguage":"de"},{"@type":"Person","@id":"https:\/\/forum.schreiner-group.com\/de\/#\/schema\/person\/281a97590cf118ded8ac2c621538514e","name":"Bettina Walz","image":{"@type":"ImageObject","inLanguage":"de","@id":"https:\/\/forum.schreiner-group.com\/de\/#\/schema\/person\/image\/","url":"https:\/\/secure.gravatar.com\/avatar\/9354a8d933352f8dbc4df9ead552930f?s=96&d=mm&r=g","contentUrl":"https:\/\/secure.gravatar.com\/avatar\/9354a8d933352f8dbc4df9ead552930f?s=96&d=mm&r=g","caption":"Bettina Walz"},"url":"https:\/\/forum.schreiner-group.com\/de\/author\/bettina-walz\/"}]}},"_links":{"self":[{"href":"https:\/\/forum.schreiner-group.com\/de\/wp-json\/wp\/v2\/posts\/8248","targetHints":{"allow":["GET"]}}],"collection":[{"href":"https:\/\/forum.schreiner-group.com\/de\/wp-json\/wp\/v2\/posts"}],"about":[{"href":"https:\/\/forum.schreiner-group.com\/de\/wp-json\/wp\/v2\/types\/post"}],"author":[{"embeddable":true,"href":"https:\/\/forum.schreiner-group.com\/de\/wp-json\/wp\/v2\/users\/4"}],"replies":[{"embeddable":true,"href":"https:\/\/forum.schreiner-group.com\/de\/wp-json\/wp\/v2\/comments?post=8248"}],"version-history":[{"count":8,"href":"https:\/\/forum.schreiner-group.com\/de\/wp-json\/wp\/v2\/posts\/8248\/revisions"}],"predecessor-version":[{"id":8555,"href":"https:\/\/forum.schreiner-group.com\/de\/wp-json\/wp\/v2\/posts\/8248\/revisions\/8555"}],"wp:featuredmedia":[{"embeddable":true,"href":"https:\/\/forum.schreiner-group.com\/de\/wp-json\/wp\/v2\/media\/8245"}],"wp:attachment":[{"href":"https:\/\/forum.schreiner-group.com\/de\/wp-json\/wp\/v2\/media?parent=8248"}],"wp:term":[{"taxonomy":"category","embeddable":true,"href":"https:\/\/forum.schreiner-group.com\/de\/wp-json\/wp\/v2\/categories?post=8248"},{"taxonomy":"post_tag","embeddable":true,"href":"https:\/\/forum.schreiner-group.com\/de\/wp-json\/wp\/v2\/tags?post=8248"}],"curies":[{"name":"wp","href":"https:\/\/api.w.org\/{rel}","templated":true}]}}