{"id":7211,"date":"2021-03-16T09:36:33","date_gmt":"2021-03-16T08:36:33","guid":{"rendered":"https:\/\/forum.schreiner-group.com\/?p=7211"},"modified":"2021-06-30T11:01:02","modified_gmt":"2021-06-30T09:01:02","slug":"displayschutz-infotainment-gut-gesichert","status":"publish","type":"post","link":"https:\/\/forum.schreiner-group.com\/de\/displayschutz-infotainment-gut-gesichert\/","title":{"rendered":"Displayschutz: Infotainment gut gesichert"},"content":{"rendered":"<section class=\"wpb-content-wrapper\"><p>[vc_row full_width=&#8220;stretch_row_content_no_spaces&#8220; content_placement=&#8220;top&#8220; css=&#8220;.vc_custom_1614265775334{margin-top: 150px !important;}&#8220; parallax_background_image=&#8220;7205&#8243;][vc_column][vc_empty_space height=&#8220;615px&#8220;][\/vc_column][\/vc_row][vc_row css=&#8220;.vc_custom_1596612545427{background-color: #ffffff !important;}&#8220; el_class=&#8220;article_bighead&#8220;][vc_column][vc_custom_heading text=&#8220;SCHREINER PROTECH&#8220; font_container=&#8220;tag:h2|text_align:center&#8220; use_theme_fonts=&#8220;yes&#8220; el_class=&#8220;topcategory&#8220;][vc_custom_heading text=&#8220;Displayschutz:<br \/>\nInfotainment gut gesichert&#8220; font_container=&#8220;tag:h1|text_align:center&#8220; use_theme_fonts=&#8220;yes&#8220;][\/vc_column][\/vc_row][vc_row css=&#8220;.vc_custom_1594633744978{padding-bottom: 3% !important;}&#8220;][vc_column][vc_column_text]<strong>Carl Benz entwickelte 1886 das erste Fahr\u00adzeug, das als Ursprung des heutigen Autos gilt. Seit diesen Anf\u00e4ngen hat sich in der Automobilindustrie inzwischen einiges ver\u00ad\u00e4ndert: Hochmoderne Infotainment- und Entertainmentsysteme beispielsweise sind eine von vielen Technologien unserer mobi\u00adlen Gegenwart. Ob als Kombiinstrument oder als Bedienoberfl\u00e4che eines Touchdis\u00adplays \u2013 Displayanwendungen sorgen f\u00fcr ein komfortables, effizientes und individuelles Fahrerlebnis. Gesch\u00fctzt werden diese mit der innovativen Folienl\u00f6sung von Schreiner ProTech.<\/strong>[\/vc_column_text][\/vc_column][\/vc_row][vc_row][vc_column width=&#8220;2\/3&#8243;][vc_column_text]Von der Produktion \u00fcber die Lieferung bis hin zum Verbau im Fahrzeug muss das Display stets vor \u00e4u\u00dferen Einwirkungen wie Verunreinigungen oder potenziellen Besch\u00e4digungen wie Kratzern gesch\u00fctzt werden. Denn die Entt\u00e4uschung beim Kunden und der dadurch entstehende Imageschaden w\u00e4ren gro\u00df, wenn in einem Neuwagen bereits das Display im Armaturenbrett verkratzt w\u00e4re. Diese Aufgabe \u00fcbernehmen Displayschutzfolien von Schreiner ProTech.[\/vc_column_text][vc_column_text]Au\u00dferdem muss beim r\u00fcckstandsfreien Abziehen dieser Folie vom Display die Gefahr von Elektrostatischer Entladung verringert werden. Schutzfolien senken die Wahrscheinlichkeit, dass es zu einem elektrischen \u00dcberschlag kommt, wenn die Schutzfolie vom Display abgel\u00f6st wird. Damit sinkt auch die Gefahr, dass elektronische Komponenten besch\u00e4digt werden oder Personen einen elektrischen Schlag erleiden.[\/vc_column_text][vc_empty_space height=&#8220;25px&#8220;][\/vc_column][vc_column width=&#8220;1\/3&#8243;][vc_empty_space height=&#8220;25px&#8220;][vc_single_image image=&#8220;7209&#8243; img_size=&#8220;full&#8220; add_caption=&#8220;yes&#8220; css_animation=&#8220;fadeIn&#8220;][vc_empty_space height=&#8220;50px&#8220;][\/vc_column][\/vc_row][vc_row][vc_column width=&#8220;2\/3&#8243;][vc_column_text el_class=&#8220;kastenunten&#8220; css=&#8220;.vc_custom_1619436096372{background-color: #e5eed4 !important;}&#8220;]<strong>Vorteile von Schutzfolien<\/strong><\/p>\n<ul>\n<li>Verringerung der elektrostatischen Auf- und Entladung<\/li>\n<li>Sicherung der optimalen Funktionalit\u00e4t von elektronischen Komponenten<\/li>\n<li>Verhinderung der Gef\u00e4hrdung von Personen durch elektrischen Schlag<\/li>\n<li>Entz\u00fcndung brennbarer Stoffe durch Funkenbildung wird vermieden<\/li>\n<\/ul>\n<p>[\/vc_column_text][\/vc_column][vc_column width=&#8220;1\/3&#8243;][vc_single_image image=&#8220;7207&#8243; img_size=&#8220;full&#8220; add_caption=&#8220;yes&#8220; css_animation=&#8220;fadeIn&#8220;][\/vc_column][\/vc_row][vc_row][vc_column][vc_empty_space height=&#8220;25px&#8220;][vc_column_text]Da Displays immer gr\u00f6\u00dfer werden, wird auch die Schutzfolie in einem ungew\u00f6hnlich gro\u00dfen Format ben\u00f6tigt. Die L\u00f6sung von Schreiner ProTech bietet ein optimales Preis-Leistungs-Verh\u00e4ltnis. Neben der erforderlichen Best\u00e4ndigkeit zeichnet sich das Produkt durch weitere Vorteile aus: \u201eDie Anwendung ist simpel und effizient; so kann man die Schutzfolie mit Hinweisen bedrucken, zum Beispiel als Verarbeitungshinweis beim Aufbringen der Folie zur Erleichterung des manuellen Aufbringprozesses. Optional ist dies auch vollautomatisiert m\u00f6glich\u201c, erkl\u00e4rt Dana Imminger, Produktmanager f\u00fcr Schutzfolien bei Schreiner ProTech. Das Layout kann dabei kundenspezifisch und individuell angepasst werden. Zus\u00e4tzlich garantiert die integrierte Lasche das einfache Entfernen der Folie.[\/vc_column_text][vc_empty_space height=&#8220;25px&#8220;][vc_video link=&#8220;https:\/\/www.youtube.com\/watch?v=S8AHfRuUexE&#8220;][\/vc_column][\/vc_row]<\/p>\n<\/section>","protected":false},"excerpt":{"rendered":"<p>Carl Benz entwickelte 1886 das erste Fahrzeug, das als Ursprung des heutigen Autos gilt. Seit diesen Anf\u00e4ngen hat sich in der Automobilindustrie inzwischen einiges ver\u00e4ndert: Hochmoderne Infotainment- und Entertainmentsysteme beispielsweise sind eine von vielen Technologien unserer mobilen Gegenwart. Ob als Kombiinstrument oder als Bedienoberfl\u00e4che eines Touchdisplays \u2013 Displayanwendungen sorgen f\u00fcr ein komfortables, effizientes und individuelles Fahrerlebnis. Gesch\u00fctzt werden diese mit der innovativen Folienl\u00f6sung von Schreiner ProTech.<\/p>\n","protected":false},"author":2,"featured_media":7207,"comment_status":"open","ping_status":"open","sticky":false,"template":"","format":"standard","meta":{"inline_featured_image":false,"footnotes":""},"categories":[56],"tags":[94,89],"class_list":["post-7211","post","type-post","status-publish","format-standard","has-post-thumbnail","hentry","category-schreiner-protech","tag-applizier-und-verarbeitungssysteme","tag-schutzfolien"],"yoast_head":"<!-- This site is optimized with the Yoast SEO plugin v23.9 - https:\/\/yoast.com\/wordpress\/plugins\/seo\/ -->\n<title>Displayschutz: Infotainment gut gesichert - Schreiner Group Forum<\/title>\n<meta name=\"robots\" content=\"index, follow, max-snippet:-1, max-image-preview:large, max-video-preview:-1\" \/>\n<link rel=\"canonical\" href=\"https:\/\/forum.schreiner-group.com\/de\/displayschutz-infotainment-gut-gesichert\/\" \/>\n<meta property=\"og:locale\" content=\"de_DE\" \/>\n<meta property=\"og:type\" content=\"article\" \/>\n<meta property=\"og:title\" content=\"Displayschutz: Infotainment gut gesichert - Schreiner Group Forum\" \/>\n<meta property=\"og:description\" content=\"Carl Benz entwickelte 1886 das erste Fahrzeug, das als Ursprung des heutigen Autos gilt. Seit diesen Anf\u00e4ngen hat sich in der Automobilindustrie inzwischen einiges ver\u00e4ndert: Hochmoderne Infotainment- und Entertainmentsysteme beispielsweise sind eine von vielen Technologien unserer mobilen Gegenwart. Ob als Kombiinstrument oder als Bedienoberfl\u00e4che eines Touchdisplays \u2013 Displayanwendungen sorgen f\u00fcr ein komfortables, effizientes und individuelles Fahrerlebnis. Gesch\u00fctzt werden diese mit der innovativen Folienl\u00f6sung von Schreiner ProTech.\" \/>\n<meta property=\"og:url\" content=\"https:\/\/forum.schreiner-group.com\/de\/displayschutz-infotainment-gut-gesichert\/\" \/>\n<meta property=\"og:site_name\" content=\"Schreiner Group Forum\" \/>\n<meta property=\"article:published_time\" content=\"2021-03-16T08:36:33+00:00\" \/>\n<meta property=\"article:modified_time\" content=\"2021-06-30T09:01:02+00:00\" \/>\n<meta property=\"og:image\" content=\"https:\/\/forum.schreiner-group.com\/wp-content\/uploads\/2021\/02\/SPT_Displayschutz.jpg\" \/>\n\t<meta property=\"og:image:width\" content=\"1920\" \/>\n\t<meta property=\"og:image:height\" content=\"1280\" \/>\n\t<meta property=\"og:image:type\" content=\"image\/jpeg\" \/>\n<meta name=\"author\" content=\"markus.liedl@schreiner-group.com\" \/>\n<meta name=\"twitter:card\" content=\"summary_large_image\" \/>\n<meta name=\"twitter:label1\" content=\"Verfasst von\" \/>\n\t<meta name=\"twitter:data1\" content=\"markus.liedl@schreiner-group.com\" \/>\n\t<meta name=\"twitter:label2\" content=\"Gesch\u00e4tzte Lesezeit\" \/>\n\t<meta name=\"twitter:data2\" content=\"3\u00a0Minuten\" \/>\n<script type=\"application\/ld+json\" class=\"yoast-schema-graph\">{\"@context\":\"https:\/\/schema.org\",\"@graph\":[{\"@type\":\"WebPage\",\"@id\":\"https:\/\/forum.schreiner-group.com\/de\/displayschutz-infotainment-gut-gesichert\/\",\"url\":\"https:\/\/forum.schreiner-group.com\/de\/displayschutz-infotainment-gut-gesichert\/\",\"name\":\"Displayschutz: Infotainment gut gesichert - Schreiner Group Forum\",\"isPartOf\":{\"@id\":\"https:\/\/forum.schreiner-group.com\/de\/#website\"},\"primaryImageOfPage\":{\"@id\":\"https:\/\/forum.schreiner-group.com\/de\/displayschutz-infotainment-gut-gesichert\/#primaryimage\"},\"image\":{\"@id\":\"https:\/\/forum.schreiner-group.com\/de\/displayschutz-infotainment-gut-gesichert\/#primaryimage\"},\"thumbnailUrl\":\"https:\/\/forum.schreiner-group.com\/wp-content\/uploads\/2021\/02\/SPT_Displayschutz.jpg\",\"datePublished\":\"2021-03-16T08:36:33+00:00\",\"dateModified\":\"2021-06-30T09:01:02+00:00\",\"author\":{\"@id\":\"https:\/\/forum.schreiner-group.com\/de\/#\/schema\/person\/bd0e2515cfe9118ea30379405cb6f7dc\"},\"breadcrumb\":{\"@id\":\"https:\/\/forum.schreiner-group.com\/de\/displayschutz-infotainment-gut-gesichert\/#breadcrumb\"},\"inLanguage\":\"de\",\"potentialAction\":[{\"@type\":\"ReadAction\",\"target\":[\"https:\/\/forum.schreiner-group.com\/de\/displayschutz-infotainment-gut-gesichert\/\"]}]},{\"@type\":\"ImageObject\",\"inLanguage\":\"de\",\"@id\":\"https:\/\/forum.schreiner-group.com\/de\/displayschutz-infotainment-gut-gesichert\/#primaryimage\",\"url\":\"https:\/\/forum.schreiner-group.com\/wp-content\/uploads\/2021\/02\/SPT_Displayschutz.jpg\",\"contentUrl\":\"https:\/\/forum.schreiner-group.com\/wp-content\/uploads\/2021\/02\/SPT_Displayschutz.jpg\",\"width\":1920,\"height\":1280},{\"@type\":\"BreadcrumbList\",\"@id\":\"https:\/\/forum.schreiner-group.com\/de\/displayschutz-infotainment-gut-gesichert\/#breadcrumb\",\"itemListElement\":[{\"@type\":\"ListItem\",\"position\":1,\"name\":\"Startseite\",\"item\":\"https:\/\/forum.schreiner-group.com\/de\/\"},{\"@type\":\"ListItem\",\"position\":2,\"name\":\"Displayschutz: Infotainment gut gesichert\"}]},{\"@type\":\"WebSite\",\"@id\":\"https:\/\/forum.schreiner-group.com\/de\/#website\",\"url\":\"https:\/\/forum.schreiner-group.com\/de\/\",\"name\":\"Schreiner Group Forum\",\"description\":\"\",\"potentialAction\":[{\"@type\":\"SearchAction\",\"target\":{\"@type\":\"EntryPoint\",\"urlTemplate\":\"https:\/\/forum.schreiner-group.com\/de\/?s={search_term_string}\"},\"query-input\":{\"@type\":\"PropertyValueSpecification\",\"valueRequired\":true,\"valueName\":\"search_term_string\"}}],\"inLanguage\":\"de\"},{\"@type\":\"Person\",\"@id\":\"https:\/\/forum.schreiner-group.com\/de\/#\/schema\/person\/bd0e2515cfe9118ea30379405cb6f7dc\",\"name\":\"markus.liedl@schreiner-group.com\",\"image\":{\"@type\":\"ImageObject\",\"inLanguage\":\"de\",\"@id\":\"https:\/\/forum.schreiner-group.com\/de\/#\/schema\/person\/image\/\",\"url\":\"https:\/\/secure.gravatar.com\/avatar\/e83202ed81ba95ae0113c3f2d897918a?s=96&d=mm&r=g\",\"contentUrl\":\"https:\/\/secure.gravatar.com\/avatar\/e83202ed81ba95ae0113c3f2d897918a?s=96&d=mm&r=g\",\"caption\":\"markus.liedl@schreiner-group.com\"},\"url\":\"https:\/\/forum.schreiner-group.com\/de\/author\/markus-liedlschreiner-group-de\/\"}]}<\/script>\n<!-- \/ Yoast SEO plugin. -->","yoast_head_json":{"title":"Displayschutz: Infotainment gut gesichert - Schreiner Group Forum","robots":{"index":"index","follow":"follow","max-snippet":"max-snippet:-1","max-image-preview":"max-image-preview:large","max-video-preview":"max-video-preview:-1"},"canonical":"https:\/\/forum.schreiner-group.com\/de\/displayschutz-infotainment-gut-gesichert\/","og_locale":"de_DE","og_type":"article","og_title":"Displayschutz: Infotainment gut gesichert - Schreiner Group Forum","og_description":"Carl Benz entwickelte 1886 das erste Fahrzeug, das als Ursprung des heutigen Autos gilt. Seit diesen Anf\u00e4ngen hat sich in der Automobilindustrie inzwischen einiges ver\u00e4ndert: Hochmoderne Infotainment- und Entertainmentsysteme beispielsweise sind eine von vielen Technologien unserer mobilen Gegenwart. Ob als Kombiinstrument oder als Bedienoberfl\u00e4che eines Touchdisplays \u2013 Displayanwendungen sorgen f\u00fcr ein komfortables, effizientes und individuelles Fahrerlebnis. Gesch\u00fctzt werden diese mit der innovativen Folienl\u00f6sung von Schreiner ProTech.","og_url":"https:\/\/forum.schreiner-group.com\/de\/displayschutz-infotainment-gut-gesichert\/","og_site_name":"Schreiner Group Forum","article_published_time":"2021-03-16T08:36:33+00:00","article_modified_time":"2021-06-30T09:01:02+00:00","og_image":[{"width":1920,"height":1280,"url":"https:\/\/forum.schreiner-group.com\/wp-content\/uploads\/2021\/02\/SPT_Displayschutz.jpg","type":"image\/jpeg"}],"author":"markus.liedl@schreiner-group.com","twitter_card":"summary_large_image","twitter_misc":{"Verfasst von":"markus.liedl@schreiner-group.com","Gesch\u00e4tzte Lesezeit":"3\u00a0Minuten"},"schema":{"@context":"https:\/\/schema.org","@graph":[{"@type":"WebPage","@id":"https:\/\/forum.schreiner-group.com\/de\/displayschutz-infotainment-gut-gesichert\/","url":"https:\/\/forum.schreiner-group.com\/de\/displayschutz-infotainment-gut-gesichert\/","name":"Displayschutz: Infotainment gut gesichert - Schreiner Group Forum","isPartOf":{"@id":"https:\/\/forum.schreiner-group.com\/de\/#website"},"primaryImageOfPage":{"@id":"https:\/\/forum.schreiner-group.com\/de\/displayschutz-infotainment-gut-gesichert\/#primaryimage"},"image":{"@id":"https:\/\/forum.schreiner-group.com\/de\/displayschutz-infotainment-gut-gesichert\/#primaryimage"},"thumbnailUrl":"https:\/\/forum.schreiner-group.com\/wp-content\/uploads\/2021\/02\/SPT_Displayschutz.jpg","datePublished":"2021-03-16T08:36:33+00:00","dateModified":"2021-06-30T09:01:02+00:00","author":{"@id":"https:\/\/forum.schreiner-group.com\/de\/#\/schema\/person\/bd0e2515cfe9118ea30379405cb6f7dc"},"breadcrumb":{"@id":"https:\/\/forum.schreiner-group.com\/de\/displayschutz-infotainment-gut-gesichert\/#breadcrumb"},"inLanguage":"de","potentialAction":[{"@type":"ReadAction","target":["https:\/\/forum.schreiner-group.com\/de\/displayschutz-infotainment-gut-gesichert\/"]}]},{"@type":"ImageObject","inLanguage":"de","@id":"https:\/\/forum.schreiner-group.com\/de\/displayschutz-infotainment-gut-gesichert\/#primaryimage","url":"https:\/\/forum.schreiner-group.com\/wp-content\/uploads\/2021\/02\/SPT_Displayschutz.jpg","contentUrl":"https:\/\/forum.schreiner-group.com\/wp-content\/uploads\/2021\/02\/SPT_Displayschutz.jpg","width":1920,"height":1280},{"@type":"BreadcrumbList","@id":"https:\/\/forum.schreiner-group.com\/de\/displayschutz-infotainment-gut-gesichert\/#breadcrumb","itemListElement":[{"@type":"ListItem","position":1,"name":"Startseite","item":"https:\/\/forum.schreiner-group.com\/de\/"},{"@type":"ListItem","position":2,"name":"Displayschutz: Infotainment gut gesichert"}]},{"@type":"WebSite","@id":"https:\/\/forum.schreiner-group.com\/de\/#website","url":"https:\/\/forum.schreiner-group.com\/de\/","name":"Schreiner Group Forum","description":"","potentialAction":[{"@type":"SearchAction","target":{"@type":"EntryPoint","urlTemplate":"https:\/\/forum.schreiner-group.com\/de\/?s={search_term_string}"},"query-input":{"@type":"PropertyValueSpecification","valueRequired":true,"valueName":"search_term_string"}}],"inLanguage":"de"},{"@type":"Person","@id":"https:\/\/forum.schreiner-group.com\/de\/#\/schema\/person\/bd0e2515cfe9118ea30379405cb6f7dc","name":"markus.liedl@schreiner-group.com","image":{"@type":"ImageObject","inLanguage":"de","@id":"https:\/\/forum.schreiner-group.com\/de\/#\/schema\/person\/image\/","url":"https:\/\/secure.gravatar.com\/avatar\/e83202ed81ba95ae0113c3f2d897918a?s=96&d=mm&r=g","contentUrl":"https:\/\/secure.gravatar.com\/avatar\/e83202ed81ba95ae0113c3f2d897918a?s=96&d=mm&r=g","caption":"markus.liedl@schreiner-group.com"},"url":"https:\/\/forum.schreiner-group.com\/de\/author\/markus-liedlschreiner-group-de\/"}]}},"_links":{"self":[{"href":"https:\/\/forum.schreiner-group.com\/de\/wp-json\/wp\/v2\/posts\/7211","targetHints":{"allow":["GET"]}}],"collection":[{"href":"https:\/\/forum.schreiner-group.com\/de\/wp-json\/wp\/v2\/posts"}],"about":[{"href":"https:\/\/forum.schreiner-group.com\/de\/wp-json\/wp\/v2\/types\/post"}],"author":[{"embeddable":true,"href":"https:\/\/forum.schreiner-group.com\/de\/wp-json\/wp\/v2\/users\/2"}],"replies":[{"embeddable":true,"href":"https:\/\/forum.schreiner-group.com\/de\/wp-json\/wp\/v2\/comments?post=7211"}],"version-history":[{"count":26,"href":"https:\/\/forum.schreiner-group.com\/de\/wp-json\/wp\/v2\/posts\/7211\/revisions"}],"predecessor-version":[{"id":8515,"href":"https:\/\/forum.schreiner-group.com\/de\/wp-json\/wp\/v2\/posts\/7211\/revisions\/8515"}],"wp:featuredmedia":[{"embeddable":true,"href":"https:\/\/forum.schreiner-group.com\/de\/wp-json\/wp\/v2\/media\/7207"}],"wp:attachment":[{"href":"https:\/\/forum.schreiner-group.com\/de\/wp-json\/wp\/v2\/media?parent=7211"}],"wp:term":[{"taxonomy":"category","embeddable":true,"href":"https:\/\/forum.schreiner-group.com\/de\/wp-json\/wp\/v2\/categories?post=7211"},{"taxonomy":"post_tag","embeddable":true,"href":"https:\/\/forum.schreiner-group.com\/de\/wp-json\/wp\/v2\/tags?post=7211"}],"curies":[{"name":"wp","href":"https:\/\/api.w.org\/{rel}","templated":true}]}}