{"id":7187,"date":"2021-03-16T09:44:09","date_gmt":"2021-03-16T08:44:09","guid":{"rendered":"https:\/\/forum.schreiner-group.com\/?p=7187"},"modified":"2021-03-16T09:44:09","modified_gmt":"2021-03-16T08:44:09","slug":"doseid-rfid-standard-fuer-healthcare","status":"publish","type":"post","link":"https:\/\/forum.schreiner-group.com\/de\/doseid-rfid-standard-fuer-healthcare\/","title":{"rendered":"DoseID: RFID-Standard f\u00fcr Healthcare"},"content":{"rendered":"<section class=\"wpb-content-wrapper\"><p>[vc_row full_width=&#8220;stretch_row_content_no_spaces&#8220; content_placement=&#8220;top&#8220; css=&#8220;.vc_custom_1614185112036{margin-top: 150px !important;}&#8220; parallax_background_image=&#8220;7177&#8243;][vc_column][vc_empty_space height=&#8220;615px&#8220;][\/vc_column][\/vc_row][vc_row css=&#8220;.vc_custom_1594636600423{background-color: #ffffff !important;}&#8220; el_class=&#8220;article_bighead&#8220;][vc_column][vc_custom_heading text=&#8220;SCHREINER MEDIPHARM&#8220; font_container=&#8220;tag:h2|text_align:center&#8220; use_theme_fonts=&#8220;yes&#8220; el_class=&#8220;topcategory&#8220;][vc_custom_heading text=&#8220;DoseID: RFID-Standard f\u00fcr Healthcare&#8220; font_container=&#8220;tag:h1|text_align:center&#8220; use_theme_fonts=&#8220;yes&#8220;][\/vc_column][\/vc_row][vc_row][vc_column][vc_column_text]<strong>Die RFID-Technologie ist im Gesundheitswesen auf dem Vor\u00admarsch. Doch es fehlt an einheitlichen Tools, um Arzneimittel, Devices und Verbrauchsmaterialien nachzuverfolgen. Um einen branchenweiten Standard einzuf\u00fchren, wurde das Konsortium \u201eDoseID\u201c gegr\u00fcndet. Sein Ziel: die Interoperabilit\u00e4t, Qualit\u00e4t und Leistungsf\u00e4higkeit von mit RFID gekennzeichneten Produkten auf ihrem Weg durch die pharmazeutische Lieferkette sicherzustellen. Diesem Zusammenschluss aus f\u00fchrenden Unternehmen und Play\u00adern im Healthcare-Bereich hat sich nun Schreiner MediPharm angeschlossen.<\/strong>[\/vc_column_text][vc_row_inner css=&#8220;.vc_custom_1594202372538{padding-top: 3% !important;padding-bottom: 3% !important;}&#8220;][vc_column_inner width=&#8220;2\/3&#8243;][vc_column_text]DoseID wurde im August 2020 gegr\u00fcndet. Es ist der erste Branchenverband f\u00fcr den standardisierten Einsatz von RFID-Tags im Bereich der Medikamentenverfolgung \u00fcber alle Hardware- und Softwaresysteme \u2013 vom Hersteller \u00fcber den H\u00e4ndler zum Krankenhaus bis zum Patienten. Zu den Mitgliedern z\u00e4hlen unter anderem Omnicell Inc., Sandoz, Baxter, Hikma, Leiters, Nephron Pharmaceuticals, Avery Dennison und Kit Check. Um sicher\u00adzustellen, dass die vom Konsortium fest\u00adgelegten Standards erf\u00fcllt werden und den Anforderungen von Pharmaherstellern, Compounding-Apotheken*, Automatisierungs\u00addienstleistern f\u00fcr Apotheken sowie Herstellern von RFID-Inlays und -Tags entsprechen, wird eine spezielle RFID-Tag-Zertifizierung nach Tests durch einen Drittanbieter vergeben.[\/vc_column_text][vc_empty_space height=&#8220;25px&#8220;][vc_column_text]Gelingen kann die Nachverfolgung eines Arzneimittels, indem Medikament, Beh\u00e4lter und Device eindeutig serialisiert werden und die RFID-Tags in allen IT-Systemen von Krankenh\u00e4usern und Gesundheitssystemen zuverl\u00e4ssig funktionieren. Dadurch k\u00f6nnen die Produkte auf Unit Level erfasst und \u00fcber ihren gesamten Lebenszyklus getrackt werden. Die DoseID-Serialisierung \u00fcbertrifft dabei die Anforderungen des DSCSA (Drug Supply Chain Security Act, Standard f\u00fcr die Sicherung der US-amerikanischen Lieferkette f\u00fcr ver\u00adschreibungspflichtige Medikamente). Die RFID-Etiketten von Schreiner MediPharm tragen ent\u00adscheidend dazu bei: Sie k\u00f6nnen problemlos in die pharmazeutische Verpackungslinie integriert und dort reibungslos verarbeitet werden, erm\u00f6g\u00adlichen eine effiziente Prozessautomatisierung und erh\u00f6hen die Arzneimittel- und letztlich die Patientensicherheit.[\/vc_column_text][vc_empty_space height=&#8220;25px&#8220;][\/vc_column_inner][vc_column_inner width=&#8220;1\/3&#8243;][vc_empty_space height=&#8220;25px&#8220;][vc_single_image image=&#8220;7181&#8243; img_size=&#8220;full&#8220; add_caption=&#8220;yes&#8220; css_animation=&#8220;fadeIn&#8220;][vc_empty_space height=&#8220;25px&#8220;][vc_single_image image=&#8220;7179&#8243; img_size=&#8220;full&#8220; add_caption=&#8220;yes&#8220; css_animation=&#8220;fadeIn&#8220;][\/vc_column_inner][\/vc_row_inner][vc_single_image image=&#8220;7183&#8243; img_size=&#8220;full&#8220; css_animation=&#8220;fadeIn&#8220;][vc_row_inner css=&#8220;.vc_custom_1594202372538{padding-top: 3% !important;padding-bottom: 3% !important;}&#8220;][vc_column_inner width=&#8220;2\/3&#8243;][vc_empty_space height=&#8220;25px&#8220;][vc_column_text]\u201eAls langj\u00e4hriger Anbieter von kundenspezi\u00adfischen RFID-Labels f\u00fcr die Healthcare-In\u00addustrie betrachten wir die Notwendigkeit von Interoperabilit\u00e4ts- und Qualit\u00e4tsstandards als essenziell, um das volle Potenzial von RFID auszusch\u00f6pfen. Wir freuen uns darauf, Teil des DoseID-Konsortiums zu sein, um gemeinsam RFID-basierte, intelligente L\u00f6sungen zur Ver\u00adbesserung der pharmazeutischen Lieferkette voranzutreiben\u201c, kommentiert Stefan Wiede\u00admann, Senior Director Strategic Marketing and Business Development bei Schreiner Medi\u00adPharm. Einige Konzepte von DoseID sind bereits erfolgreich umgesetzt \u2013 bis heute wurden mehr als 120 Millionen Einheiten erfasst.[\/vc_column_text][vc_empty_space height=&#8220;15px&#8220;][vc_column_text]<sup>*Apotheken, die individuelle Arzneien f\u00fcr ihre Kunden zubereiten.[\/vc_column_text][vc_empty_space height=&#8220;25px&#8220;][vc_column_text]Mehr Informationen zu unseren RFID-L\u00f6sungen f\u00fcr Pharma unter <a href=\"http:\/\/www.pharma-rfid.com\" target=\"_blank\" rel=\"noopener\">www.pharma-rfid.com<\/a>[\/vc_column_text][\/vc_column_inner][vc_column_inner width=&#8220;1\/3&#8243;][vc_empty_space height=&#8220;25px&#8220;][vc_single_image image=&#8220;7185&#8243; img_size=&#8220;full&#8220; add_caption=&#8220;yes&#8220; css_animation=&#8220;fadeIn&#8220;][\/vc_column_inner][\/vc_row_inner][\/vc_column][vc_column][\/vc_column][\/vc_row][vc_row][vc_column][vc_column_text]<\/sup>[\/vc_column_text][\/vc_column][\/vc_row]<\/p>\n<\/section>","protected":false},"excerpt":{"rendered":"<p>Die RFID-Technologie ist im Gesundheitswesen auf dem Vormarsch. Doch es fehlt an einheitlichen Tools, um Arzneimittel, Devices und Verbrauchsmaterialien nachzuverfolgen. Um einen branchenweiten Standard einzuf\u00fchren, wurde das Konsortium \u201eDoseID\u201c gegr\u00fcndet. Sein Ziel: die Interoperabilit\u00e4t, Qualit\u00e4t und Leistungsf\u00e4higkeit von mit RFID gekennzeichneten Produkten auf ihrem Weg durch die pharmazeutische Lieferkette sicherzustellen. Diesem Zusammenschluss aus f\u00fchrenden Unternehmen und Playern im Healthcare-Bereich hat sich nun Schreiner MediPharm angeschlossen.<\/p>\n","protected":false},"author":2,"featured_media":7183,"comment_status":"open","ping_status":"open","sticky":false,"template":"","format":"standard","meta":{"inline_featured_image":false,"footnotes":""},"categories":[55],"tags":[91,86],"class_list":["post-7187","post","type-post","status-publish","format-standard","has-post-thumbnail","hentry","category-schreiner-medipharm","tag-kennzeichnungsloesungen","tag-rfid-nfc"],"yoast_head":"<!-- This site is optimized with the Yoast SEO plugin v23.9 - https:\/\/yoast.com\/wordpress\/plugins\/seo\/ -->\n<title>DoseID: RFID-Standard f\u00fcr Healthcare - Schreiner Group Forum<\/title>\n<meta name=\"robots\" content=\"index, follow, max-snippet:-1, max-image-preview:large, max-video-preview:-1\" \/>\n<link rel=\"canonical\" href=\"https:\/\/forum.schreiner-group.com\/de\/doseid-rfid-standard-fuer-healthcare\/\" \/>\n<meta property=\"og:locale\" content=\"de_DE\" \/>\n<meta property=\"og:type\" content=\"article\" \/>\n<meta property=\"og:title\" content=\"DoseID: RFID-Standard f\u00fcr Healthcare - Schreiner Group Forum\" \/>\n<meta property=\"og:description\" content=\"Die RFID-Technologie ist im Gesundheitswesen auf dem Vormarsch. Doch es fehlt an einheitlichen Tools, um Arzneimittel, Devices und Verbrauchsmaterialien nachzuverfolgen. Um einen branchenweiten Standard einzuf\u00fchren, wurde das Konsortium \u201eDoseID\u201c gegr\u00fcndet. Sein Ziel: die Interoperabilit\u00e4t, Qualit\u00e4t und Leistungsf\u00e4higkeit von mit RFID gekennzeichneten Produkten auf ihrem Weg durch die pharmazeutische Lieferkette sicherzustellen. Diesem Zusammenschluss aus f\u00fchrenden Unternehmen und Playern im Healthcare-Bereich hat sich nun Schreiner MediPharm angeschlossen.\" \/>\n<meta property=\"og:url\" content=\"https:\/\/forum.schreiner-group.com\/de\/doseid-rfid-standard-fuer-healthcare\/\" \/>\n<meta property=\"og:site_name\" content=\"Schreiner Group Forum\" \/>\n<meta property=\"article:published_time\" content=\"2021-03-16T08:44:09+00:00\" \/>\n<meta property=\"og:image\" content=\"https:\/\/forum.schreiner-group.com\/wp-content\/uploads\/2021\/02\/SMP_DoseID.jpg\" \/>\n\t<meta property=\"og:image:width\" content=\"1920\" \/>\n\t<meta property=\"og:image:height\" content=\"1280\" \/>\n\t<meta property=\"og:image:type\" content=\"image\/jpeg\" \/>\n<meta name=\"author\" content=\"markus.liedl@schreiner-group.com\" \/>\n<meta name=\"twitter:card\" content=\"summary_large_image\" \/>\n<meta name=\"twitter:label1\" content=\"Verfasst von\" \/>\n\t<meta name=\"twitter:data1\" content=\"markus.liedl@schreiner-group.com\" \/>\n\t<meta name=\"twitter:label2\" content=\"Gesch\u00e4tzte Lesezeit\" \/>\n\t<meta name=\"twitter:data2\" content=\"3\u00a0Minuten\" \/>\n<script type=\"application\/ld+json\" class=\"yoast-schema-graph\">{\"@context\":\"https:\/\/schema.org\",\"@graph\":[{\"@type\":\"WebPage\",\"@id\":\"https:\/\/forum.schreiner-group.com\/de\/doseid-rfid-standard-fuer-healthcare\/\",\"url\":\"https:\/\/forum.schreiner-group.com\/de\/doseid-rfid-standard-fuer-healthcare\/\",\"name\":\"DoseID: RFID-Standard f\u00fcr Healthcare - Schreiner Group Forum\",\"isPartOf\":{\"@id\":\"https:\/\/forum.schreiner-group.com\/de\/#website\"},\"primaryImageOfPage\":{\"@id\":\"https:\/\/forum.schreiner-group.com\/de\/doseid-rfid-standard-fuer-healthcare\/#primaryimage\"},\"image\":{\"@id\":\"https:\/\/forum.schreiner-group.com\/de\/doseid-rfid-standard-fuer-healthcare\/#primaryimage\"},\"thumbnailUrl\":\"https:\/\/forum.schreiner-group.com\/wp-content\/uploads\/2021\/02\/SMP_DoseID.jpg\",\"datePublished\":\"2021-03-16T08:44:09+00:00\",\"dateModified\":\"2021-03-16T08:44:09+00:00\",\"author\":{\"@id\":\"https:\/\/forum.schreiner-group.com\/de\/#\/schema\/person\/bd0e2515cfe9118ea30379405cb6f7dc\"},\"breadcrumb\":{\"@id\":\"https:\/\/forum.schreiner-group.com\/de\/doseid-rfid-standard-fuer-healthcare\/#breadcrumb\"},\"inLanguage\":\"de\",\"potentialAction\":[{\"@type\":\"ReadAction\",\"target\":[\"https:\/\/forum.schreiner-group.com\/de\/doseid-rfid-standard-fuer-healthcare\/\"]}]},{\"@type\":\"ImageObject\",\"inLanguage\":\"de\",\"@id\":\"https:\/\/forum.schreiner-group.com\/de\/doseid-rfid-standard-fuer-healthcare\/#primaryimage\",\"url\":\"https:\/\/forum.schreiner-group.com\/wp-content\/uploads\/2021\/02\/SMP_DoseID.jpg\",\"contentUrl\":\"https:\/\/forum.schreiner-group.com\/wp-content\/uploads\/2021\/02\/SMP_DoseID.jpg\",\"width\":1920,\"height\":1280},{\"@type\":\"BreadcrumbList\",\"@id\":\"https:\/\/forum.schreiner-group.com\/de\/doseid-rfid-standard-fuer-healthcare\/#breadcrumb\",\"itemListElement\":[{\"@type\":\"ListItem\",\"position\":1,\"name\":\"Startseite\",\"item\":\"https:\/\/forum.schreiner-group.com\/de\/\"},{\"@type\":\"ListItem\",\"position\":2,\"name\":\"DoseID: RFID-Standard f\u00fcr Healthcare\"}]},{\"@type\":\"WebSite\",\"@id\":\"https:\/\/forum.schreiner-group.com\/de\/#website\",\"url\":\"https:\/\/forum.schreiner-group.com\/de\/\",\"name\":\"Schreiner Group Forum\",\"description\":\"\",\"potentialAction\":[{\"@type\":\"SearchAction\",\"target\":{\"@type\":\"EntryPoint\",\"urlTemplate\":\"https:\/\/forum.schreiner-group.com\/de\/?s={search_term_string}\"},\"query-input\":{\"@type\":\"PropertyValueSpecification\",\"valueRequired\":true,\"valueName\":\"search_term_string\"}}],\"inLanguage\":\"de\"},{\"@type\":\"Person\",\"@id\":\"https:\/\/forum.schreiner-group.com\/de\/#\/schema\/person\/bd0e2515cfe9118ea30379405cb6f7dc\",\"name\":\"markus.liedl@schreiner-group.com\",\"image\":{\"@type\":\"ImageObject\",\"inLanguage\":\"de\",\"@id\":\"https:\/\/forum.schreiner-group.com\/de\/#\/schema\/person\/image\/\",\"url\":\"https:\/\/secure.gravatar.com\/avatar\/e83202ed81ba95ae0113c3f2d897918a?s=96&d=mm&r=g\",\"contentUrl\":\"https:\/\/secure.gravatar.com\/avatar\/e83202ed81ba95ae0113c3f2d897918a?s=96&d=mm&r=g\",\"caption\":\"markus.liedl@schreiner-group.com\"},\"url\":\"https:\/\/forum.schreiner-group.com\/de\/author\/markus-liedlschreiner-group-de\/\"}]}<\/script>\n<!-- \/ Yoast SEO plugin. -->","yoast_head_json":{"title":"DoseID: RFID-Standard f\u00fcr Healthcare - Schreiner Group Forum","robots":{"index":"index","follow":"follow","max-snippet":"max-snippet:-1","max-image-preview":"max-image-preview:large","max-video-preview":"max-video-preview:-1"},"canonical":"https:\/\/forum.schreiner-group.com\/de\/doseid-rfid-standard-fuer-healthcare\/","og_locale":"de_DE","og_type":"article","og_title":"DoseID: RFID-Standard f\u00fcr Healthcare - Schreiner Group Forum","og_description":"Die RFID-Technologie ist im Gesundheitswesen auf dem Vormarsch. Doch es fehlt an einheitlichen Tools, um Arzneimittel, Devices und Verbrauchsmaterialien nachzuverfolgen. Um einen branchenweiten Standard einzuf\u00fchren, wurde das Konsortium \u201eDoseID\u201c gegr\u00fcndet. Sein Ziel: die Interoperabilit\u00e4t, Qualit\u00e4t und Leistungsf\u00e4higkeit von mit RFID gekennzeichneten Produkten auf ihrem Weg durch die pharmazeutische Lieferkette sicherzustellen. Diesem Zusammenschluss aus f\u00fchrenden Unternehmen und Playern im Healthcare-Bereich hat sich nun Schreiner MediPharm angeschlossen.","og_url":"https:\/\/forum.schreiner-group.com\/de\/doseid-rfid-standard-fuer-healthcare\/","og_site_name":"Schreiner Group Forum","article_published_time":"2021-03-16T08:44:09+00:00","og_image":[{"width":1920,"height":1280,"url":"https:\/\/forum.schreiner-group.com\/wp-content\/uploads\/2021\/02\/SMP_DoseID.jpg","type":"image\/jpeg"}],"author":"markus.liedl@schreiner-group.com","twitter_card":"summary_large_image","twitter_misc":{"Verfasst von":"markus.liedl@schreiner-group.com","Gesch\u00e4tzte Lesezeit":"3\u00a0Minuten"},"schema":{"@context":"https:\/\/schema.org","@graph":[{"@type":"WebPage","@id":"https:\/\/forum.schreiner-group.com\/de\/doseid-rfid-standard-fuer-healthcare\/","url":"https:\/\/forum.schreiner-group.com\/de\/doseid-rfid-standard-fuer-healthcare\/","name":"DoseID: RFID-Standard f\u00fcr Healthcare - Schreiner Group Forum","isPartOf":{"@id":"https:\/\/forum.schreiner-group.com\/de\/#website"},"primaryImageOfPage":{"@id":"https:\/\/forum.schreiner-group.com\/de\/doseid-rfid-standard-fuer-healthcare\/#primaryimage"},"image":{"@id":"https:\/\/forum.schreiner-group.com\/de\/doseid-rfid-standard-fuer-healthcare\/#primaryimage"},"thumbnailUrl":"https:\/\/forum.schreiner-group.com\/wp-content\/uploads\/2021\/02\/SMP_DoseID.jpg","datePublished":"2021-03-16T08:44:09+00:00","dateModified":"2021-03-16T08:44:09+00:00","author":{"@id":"https:\/\/forum.schreiner-group.com\/de\/#\/schema\/person\/bd0e2515cfe9118ea30379405cb6f7dc"},"breadcrumb":{"@id":"https:\/\/forum.schreiner-group.com\/de\/doseid-rfid-standard-fuer-healthcare\/#breadcrumb"},"inLanguage":"de","potentialAction":[{"@type":"ReadAction","target":["https:\/\/forum.schreiner-group.com\/de\/doseid-rfid-standard-fuer-healthcare\/"]}]},{"@type":"ImageObject","inLanguage":"de","@id":"https:\/\/forum.schreiner-group.com\/de\/doseid-rfid-standard-fuer-healthcare\/#primaryimage","url":"https:\/\/forum.schreiner-group.com\/wp-content\/uploads\/2021\/02\/SMP_DoseID.jpg","contentUrl":"https:\/\/forum.schreiner-group.com\/wp-content\/uploads\/2021\/02\/SMP_DoseID.jpg","width":1920,"height":1280},{"@type":"BreadcrumbList","@id":"https:\/\/forum.schreiner-group.com\/de\/doseid-rfid-standard-fuer-healthcare\/#breadcrumb","itemListElement":[{"@type":"ListItem","position":1,"name":"Startseite","item":"https:\/\/forum.schreiner-group.com\/de\/"},{"@type":"ListItem","position":2,"name":"DoseID: RFID-Standard f\u00fcr Healthcare"}]},{"@type":"WebSite","@id":"https:\/\/forum.schreiner-group.com\/de\/#website","url":"https:\/\/forum.schreiner-group.com\/de\/","name":"Schreiner Group Forum","description":"","potentialAction":[{"@type":"SearchAction","target":{"@type":"EntryPoint","urlTemplate":"https:\/\/forum.schreiner-group.com\/de\/?s={search_term_string}"},"query-input":{"@type":"PropertyValueSpecification","valueRequired":true,"valueName":"search_term_string"}}],"inLanguage":"de"},{"@type":"Person","@id":"https:\/\/forum.schreiner-group.com\/de\/#\/schema\/person\/bd0e2515cfe9118ea30379405cb6f7dc","name":"markus.liedl@schreiner-group.com","image":{"@type":"ImageObject","inLanguage":"de","@id":"https:\/\/forum.schreiner-group.com\/de\/#\/schema\/person\/image\/","url":"https:\/\/secure.gravatar.com\/avatar\/e83202ed81ba95ae0113c3f2d897918a?s=96&d=mm&r=g","contentUrl":"https:\/\/secure.gravatar.com\/avatar\/e83202ed81ba95ae0113c3f2d897918a?s=96&d=mm&r=g","caption":"markus.liedl@schreiner-group.com"},"url":"https:\/\/forum.schreiner-group.com\/de\/author\/markus-liedlschreiner-group-de\/"}]}},"_links":{"self":[{"href":"https:\/\/forum.schreiner-group.com\/de\/wp-json\/wp\/v2\/posts\/7187","targetHints":{"allow":["GET"]}}],"collection":[{"href":"https:\/\/forum.schreiner-group.com\/de\/wp-json\/wp\/v2\/posts"}],"about":[{"href":"https:\/\/forum.schreiner-group.com\/de\/wp-json\/wp\/v2\/types\/post"}],"author":[{"embeddable":true,"href":"https:\/\/forum.schreiner-group.com\/de\/wp-json\/wp\/v2\/users\/2"}],"replies":[{"embeddable":true,"href":"https:\/\/forum.schreiner-group.com\/de\/wp-json\/wp\/v2\/comments?post=7187"}],"version-history":[{"count":14,"href":"https:\/\/forum.schreiner-group.com\/de\/wp-json\/wp\/v2\/posts\/7187\/revisions"}],"predecessor-version":[{"id":7660,"href":"https:\/\/forum.schreiner-group.com\/de\/wp-json\/wp\/v2\/posts\/7187\/revisions\/7660"}],"wp:featuredmedia":[{"embeddable":true,"href":"https:\/\/forum.schreiner-group.com\/de\/wp-json\/wp\/v2\/media\/7183"}],"wp:attachment":[{"href":"https:\/\/forum.schreiner-group.com\/de\/wp-json\/wp\/v2\/media?parent=7187"}],"wp:term":[{"taxonomy":"category","embeddable":true,"href":"https:\/\/forum.schreiner-group.com\/de\/wp-json\/wp\/v2\/categories?post=7187"},{"taxonomy":"post_tag","embeddable":true,"href":"https:\/\/forum.schreiner-group.com\/de\/wp-json\/wp\/v2\/tags?post=7187"}],"curies":[{"name":"wp","href":"https:\/\/api.w.org\/{rel}","templated":true}]}}