{"id":6648,"date":"2020-11-24T15:49:14","date_gmt":"2020-11-24T14:49:14","guid":{"rendered":"https:\/\/forum.schreiner-group.com\/?p=6648"},"modified":"2022-02-21T15:08:47","modified_gmt":"2022-02-21T14:08:47","slug":"future-mobility-von-autonomem-fahren-bis-e-bike","status":"publish","type":"post","link":"https:\/\/forum.schreiner-group.com\/de\/future-mobility-von-autonomem-fahren-bis-e-bike\/","title":{"rendered":"Future Mobility: Von autonomem Fahren bis E-Bike"},"content":{"rendered":"<section class=\"wpb-content-wrapper\"><p>[vc_row full_width=&#8220;stretch_row_content_no_spaces&#8220; content_placement=&#8220;top&#8220; css=&#8220;.vc_custom_1611138919156{margin-top: 150px !important;}&#8220; parallax_background_image=&#8220;7068&#8243;][vc_column][vc_empty_space height=&#8220;615px&#8220;][\/vc_column][\/vc_row][vc_row css=&#8220;.vc_custom_1594636600423{background-color: #ffffff !important;}&#8220; el_class=&#8220;article_bighead&#8220;][vc_column][vc_custom_heading text=&#8220;SCHREINER PROTECH&#8220; font_container=&#8220;tag:h2|text_align:center&#8220; use_theme_fonts=&#8220;yes&#8220; el_class=&#8220;topcategory&#8220;][vc_custom_heading text=&#8220;Future Mobility:<br \/>\nVon autonomem Fahren bis E-Bike&#8220; font_container=&#8220;tag:h1|text_align:center&#8220; use_theme_fonts=&#8220;yes&#8220;][\/vc_column][\/vc_row][vc_row][vc_column][vc_column_text]<strong>Zur\u00fcck in die Zukunft: Durch die Greta-Bewegung sind viele Autofahrer auf die \u00f6ffentlichen Verkehrsmittel umgestiegen. Allerdings hat die Corona-Pandemie im Jahr 2020 eine hohe Dynamik in den Markt gebracht und eine gegenl\u00e4ufige Entwicklung ausgel\u00f6st. Viele Personen schwenken jetzt wieder von den \u00f6ffentlichen Verkehrsmitteln auf die Individualmobilit\u00e4t zur\u00fcck, also auf das Auto oder auch das Fahrrad. Der Automobilmarkt, aber auch das Thema E-Bike r\u00fccken somit wieder in den Vordergrund. Aber wohin geht die Reise wirklich? Wir haben mit Thomas K\u00f6berlein, dem Gesch\u00e4ftsleiter von Schreiner ProTech, dar\u00fcber gesprochen.<\/strong>[\/vc_column_text][vc_row_inner][vc_column_inner][vc_empty_space height=&#8220;25px&#8220;][vc_column_text]<strong>Bei Schreiner ProTech ist der neue Kernbegriff die Mobility. Ist das nur ein neues Schlagwort oder steckt da tats\u00e4chlich eine gro\u00dfe Ver\u00e4nderung dahinter?<\/strong><\/p>\n<p><em><strong>Thomas K\u00f6berlein:<\/strong> Der Begriff \u201eMobility&#8220; ist an sich nicht neu. Individuelle Mobilit\u00e4t ist seit Langem ein Grundbed\u00fcrfnis und wird auch k\u00fcnftig ein wichtiges Gut sein. Neu ist die Art der Mobilit\u00e4t durch die signifikanten Ver\u00e4nderungen in der Gesellschaft: Themen wie Umwelt, Sicherheit, Erreichbarkeit, Vernetzung und Shared Economy r\u00fccken zunehmend in den Vordergrund. Und genau auf diesen Trend stellen wir uns ein: Wir bieten Dienstleistungen und Produkte f\u00fcr alternative, umweltfreundliche Verkehrsmittel der New Mobility wie E-Scooter, E-Bike sowie f\u00fcr das autonome, vernetzte und nachhaltige Fahren an. Ein Beispiel sind die Kamerasysteme, die im Winter kurz nach dem Start frei von Eis und Beschlag sein m\u00fcssen. Spezielle Heizl\u00f6sungen sind hier gefragt. Auch die ungest\u00f6rte Kommunikation zwischen den Fahrzeugen muss f\u00fcr die Sicherheit im Verkehr gew\u00e4hrleistet sein. Dazu werden Antennen f\u00fcr die neuen Kommunikationsstandards, wie 5G, ben\u00f6tigt. Die effizienten Heizfolien und Antennen bieten wir auf Basis der Technologie \u201egedruckte Elektronik\u201c an.<\/em>[\/vc_column_text][vc_empty_space height=&#8220;25px&#8220;][\/vc_column_inner][\/vc_row_inner][vc_row_inner][vc_column_inner width=&#8220;2\/3&#8243;][vc_column_text]<strong>Welche konkreten Anwendungen sehen Sie im Bereich Mobility?<\/strong><\/p>\n<p><em>Zun\u00e4chst einmal wird das Automobil auch in Zukunft eine signifikante Rolle im Bereich der individuellen Mobilit\u00e4t spielen. Allerdings wird es anders aussehen: Es wird durch nachhaltige Antriebssysteme bewegt werden, vernetzt sein und es wird zunehmend autonom fahren. Damit gew\u00e4hrleistet es Umweltfreundlichkeit, h\u00f6chste Sicherheit und Bequemlichkeit. Genau f\u00fcr diese Megatrends bieten wir L\u00f6sungen an: von hocheffizienten Antennen, die helfen, das Fahrzeug im 5G-Netz einzubinden, \u00fcber Produkte f\u00fcr alternative Antriebe oder Heizl\u00f6sungen f\u00fcr Sensortechnologie, um autonomes Fahren zu erm\u00f6glichen.<\/em><\/p>\n<p>&nbsp;<\/p>\n<p><em>Daneben haben wir ein zus\u00e4tzliches Produktportfolio aufgebaut f\u00fcr Anwendungen alternativer Verkehrsmittel wie E-Bikes oder Elektroroller. Au\u00dferdem bieten wir L\u00f6sungen auf RFID-Basis an: So wird in den neuen Fahrzeugen die RFID-Technologie eingesetzt, die zur Vernetzung mit der Verkehrsinfrastruktur ben\u00f6tigt wird und zum Beispiel die Einfahrt in gesch\u00fctzte Bereiche erlaubt oder freie Parkpl\u00e4tze in einem Parkhaus anzeigt. Dadurch wird eine bequeme und zuverl\u00e4ssige Parkraumbewirtschaftung erm\u00f6glicht. Insgesamt bietet diese neue Mobilit\u00e4t uns sehr viele M\u00f6glichkeiten, unsere Kunden mit L\u00f6sungen bei der Realisierung zukunftsweisender Projekte zu unterst\u00fctzen. <\/em>[\/vc_column_text][vc_empty_space height=&#8220;25px&#8220;][\/vc_column_inner][vc_column_inner width=&#8220;1\/3&#8243;][vc_empty_space height=&#8220;18px&#8220;][vc_single_image image=&#8220;6638&#8243; img_size=&#8220;full&#8220; add_caption=&#8220;yes&#8220; css_animation=&#8220;fadeIn&#8220;][vc_empty_space height=&#8220;35px&#8220;][vc_single_image image=&#8220;6640&#8243; img_size=&#8220;full&#8220; add_caption=&#8220;yes&#8220; css_animation=&#8220;fadeIn&#8220;][\/vc_column_inner][\/vc_row_inner][vc_row_inner][vc_column_inner width=&#8220;2\/3&#8243;][vc_column_text]<strong>Welche gro\u00dfen Chancen sehen Sie neben dem Bereich Automotive und Mobility?<\/strong><\/p>\n<p><em>\u00dcberall, wo Innovation, Qualit\u00e4t und kundenindividuelle L\u00f6sungen gefragt sind, sind wir der richtige Partner. Diese Zukunftsfelder erstrecken sich von Technologien zur Schonung der Umwelt, zur Trinkwasseraufbereitung oder Luftreinhaltung bis hin zu Fabrikautomation. In diesen Bereichen haben wir bereits viele neue Kunden gewonnen, die wir mit unseren L\u00f6sungen begeistern konnten.<\/em>[\/vc_column_text][vc_empty_space height=&#8220;25px&#8220;][\/vc_column_inner][vc_column_inner width=&#8220;1\/3&#8243;][vc_empty_space height=&#8220;18px&#8220;][vc_single_image image=&#8220;6646&#8243; img_size=&#8220;large&#8220; add_caption=&#8220;yes&#8220;][\/vc_column_inner][\/vc_row_inner][vc_row_inner][vc_column_inner width=&#8220;2\/3&#8243;][vc_column_text]<strong>Welche Synergieeffekte lassen sich im Bereich Mobility mit den bestehenden M\u00e4rkten wie Automotive erzielen?<\/strong><\/p>\n<p><em>Viele unserer Anwendungen \u2013 von Technologien zum Druckausgleich f\u00fcr Elektronikgeh\u00e4use \u00fcber Security-Produkte, um die Originalit\u00e4t von Bauteilen zu gew\u00e4hrleisten, bis hin zu RFID-Produkten zur optimalen Steuerung der logistischen Prozesse \u2013 k\u00f6nnen im Feld der New Mobility vermarktet werden. Eine weiterere Synergie: Schreiner ProTech ist zertifizierter Partner zahlreicher Kunden der Automobilindustrie und kennt durch seine Expertise im Automotive-Bereich die Anforderungen sehr genau.<\/em>[\/vc_column_text][vc_empty_space height=&#8220;25px&#8220;][\/vc_column_inner][vc_column_inner width=&#8220;1\/3&#8243;][vc_empty_space height=&#8220;18px&#8220;][vc_single_image image=&#8220;6636&#8243; img_size=&#8220;large&#8220; add_caption=&#8220;yes&#8220;][\/vc_column_inner][\/vc_row_inner][vc_row_inner][vc_column_inner][vc_column_text]<strong>Da sind Sie ja bestens aufgestellt. Denn die Automobilindustrie spielt nach wie vor eine wichtige Rolle f\u00fcr Schreiner ProTech, oder?<\/strong><\/p>\n<p><em>Nat\u00fcrlich. Die Automobilindustrie wird auch zuk\u00fcnftig ein signifikanter Pfeiler der individuellen Mobilit\u00e4t sein. Allerdings wird sie sich wandeln: Mittels nachhaltiger Antriebskonzepte sowie Technologien zur Erh\u00f6hung der Fahrsicherheit durch hochgradig vernetzte Fahrzeuge wird Fahrzeit zur Qualit\u00e4tszeit und eine nachhaltige gesellschaftliche Akzeptanz wird sichergestellt. Genau f\u00fcr die Megatrends nachhaltige Antriebe sowie autonomes und vernetztes Fahren bieten wir L\u00f6sungen an, die unseren Kunden helfen, diese Technologien effizient zu realisieren.<\/em>[\/vc_column_text][vc_empty_space height=&#8220;25px&#8220;][\/vc_column_inner][\/vc_row_inner][vc_row_inner][vc_column_inner][vc_column_text]<strong>Und wie stehen Sie selbst zu den tiefgreifenden Ver\u00e4nderungen in der Automobilindustrie?<\/strong><\/p>\n<p><em>Ich finde es toll, dass die Automobilindustrie mit Hochdruck in die neuen Technologien investiert, um eine nachhaltige und absolut sichere, unfallfreie Mobilit\u00e4t zu erreichen. Auch die Entwicklung erg\u00e4nzender alternativer Konzepte zur individuellen Mobilit\u00e4t ist wichtig. Dies ist f\u00fcr unsere Umwelt, f\u00fcr unsere Gesellschaft und auch f\u00fcr die Zukunftsf\u00e4higkeit der Automobilindustrie entscheidend. Wir sind stolz darauf, zu diesen enorm wichtigen Ver\u00e4nderungen unseren Beitrag zu leisten.<\/em>[\/vc_column_text][vc_empty_space height=&#8220;25px&#8220;][\/vc_column_inner][\/vc_row_inner][\/vc_column][\/vc_row][vc_row el_class=&#8220;kastenunten&#8220;][vc_column width=&#8220;1\/2&#8243;][vc_column_text el_class=&#8220;kastenunten&#8220; css=&#8220;.vc_custom_1645452523350{background-color: #e1e7f5 !important;}&#8220;]<strong>Thomas K\u00f6berlein<\/strong>\u00a0studierte Betriebswirtschaft in Regensburg. Er verf\u00fcgt \u00fcber langj\u00e4hrige F\u00fchrungserfahrung in Vertrieb und Marketing in der Markenartikelindustrie. Seit \u00fcber 20 Jahren ist er in der Schreiner Group verantwortlich f\u00fcr den Ausbau der Gesch\u00e4ftsfelder Automotive und Technische Industrie. In dieser Funktion ist er u. a. zust\u00e4ndig f\u00fcr den Auf- und Ausbau des Produktionsstandortes der Schreiner Group in China.[\/vc_column_text][\/vc_column][vc_column width=&#8220;1\/2&#8243;][vc_single_image image=&#8220;6644&#8243; img_size=&#8220;full&#8220; add_caption=&#8220;yes&#8220; onclick=&#8220;link_image&#8220; css_animation=&#8220;fadeIn&#8220;][\/vc_column][\/vc_row][vc_row][vc_column][vc_empty_space height=&#8220;25px&#8220;][\/vc_column][\/vc_row]<\/p>\n<\/section>","protected":false},"excerpt":{"rendered":"<p>Zur\u00fcck in die Zukunft: Durch die Greta-Bewegung sind viele Autofahrer auf die \u00f6ffentlichen Verkehrsmittel umgestiegen. Allerdings hat die Corona-Pandemie im Jahr 2020 eine hohe Dynamik in den Markt gebracht und eine gegenl\u00e4ufige Entwicklung ausgel\u00f6st. Viele Personen schwenken jetzt wieder von den \u00f6ffentlichen Verkehrsmitteln auf die Individualmobilit\u00e4t zur\u00fcck, also auf das Auto oder auch das Fahrrad. Der Automobilmarkt, aber auch das Thema E-Bike r\u00fccken somit wieder in den Vordergrund. Aber wohin geht die Reise wirklich? Wir haben mit Thomas K\u00f6berlein, dem Gesch\u00e4ftsleiter von Schreiner ProTech, dar\u00fcber gesprochen. <\/p>\n","protected":false},"author":2,"featured_media":7070,"comment_status":"open","ping_status":"open","sticky":false,"template":"","format":"standard","meta":{"inline_featured_image":false,"footnotes":""},"categories":[56],"tags":[225,91,86],"class_list":["post-6648","post","type-post","status-publish","format-standard","has-post-thumbnail","hentry","category-schreiner-protech","tag-integrierte-elektronik","tag-kennzeichnungsloesungen","tag-rfid-nfc"],"yoast_head":"<!-- This site is optimized with the Yoast SEO plugin v23.9 - https:\/\/yoast.com\/wordpress\/plugins\/seo\/ -->\n<title>Future Mobility: Von autonomem Fahren bis E-Bike - Schreiner Group Forum<\/title>\n<meta name=\"robots\" content=\"index, follow, max-snippet:-1, max-image-preview:large, max-video-preview:-1\" \/>\n<link rel=\"canonical\" href=\"https:\/\/forum.schreiner-group.com\/de\/future-mobility-von-autonomem-fahren-bis-e-bike\/\" \/>\n<meta property=\"og:locale\" content=\"de_DE\" \/>\n<meta property=\"og:type\" content=\"article\" \/>\n<meta property=\"og:title\" content=\"Future Mobility: Von autonomem Fahren bis E-Bike - Schreiner Group Forum\" \/>\n<meta property=\"og:description\" content=\"Zur\u00fcck in die Zukunft: Durch die Greta-Bewegung sind viele Autofahrer auf die \u00f6ffentlichen Verkehrsmittel umgestiegen. Allerdings hat die Corona-Pandemie im Jahr 2020 eine hohe Dynamik in den Markt gebracht und eine gegenl\u00e4ufige Entwicklung ausgel\u00f6st. Viele Personen schwenken jetzt wieder von den \u00f6ffentlichen Verkehrsmitteln auf die Individualmobilit\u00e4t zur\u00fcck, also auf das Auto oder auch das Fahrrad. Der Automobilmarkt, aber auch das Thema E-Bike r\u00fccken somit wieder in den Vordergrund. Aber wohin geht die Reise wirklich? Wir haben mit Thomas K\u00f6berlein, dem Gesch\u00e4ftsleiter von Schreiner ProTech, dar\u00fcber gesprochen.\" \/>\n<meta property=\"og:url\" content=\"https:\/\/forum.schreiner-group.com\/de\/future-mobility-von-autonomem-fahren-bis-e-bike\/\" \/>\n<meta property=\"og:site_name\" content=\"Schreiner Group Forum\" \/>\n<meta property=\"article:published_time\" content=\"2020-11-24T14:49:14+00:00\" \/>\n<meta property=\"article:modified_time\" content=\"2022-02-21T14:08:47+00:00\" \/>\n<meta property=\"og:image\" content=\"https:\/\/forum.schreiner-group.com\/wp-content\/uploads\/2021\/01\/SPT_Future-Mobility1.jpg\" \/>\n\t<meta property=\"og:image:width\" content=\"1280\" \/>\n\t<meta property=\"og:image:height\" content=\"853\" \/>\n\t<meta property=\"og:image:type\" content=\"image\/jpeg\" \/>\n<meta name=\"author\" content=\"markus.liedl@schreiner-group.com\" \/>\n<meta name=\"twitter:card\" content=\"summary_large_image\" \/>\n<meta name=\"twitter:label1\" content=\"Verfasst von\" \/>\n\t<meta name=\"twitter:data1\" content=\"markus.liedl@schreiner-group.com\" \/>\n\t<meta name=\"twitter:label2\" content=\"Gesch\u00e4tzte Lesezeit\" \/>\n\t<meta name=\"twitter:data2\" content=\"6\u00a0Minuten\" \/>\n<script type=\"application\/ld+json\" class=\"yoast-schema-graph\">{\"@context\":\"https:\/\/schema.org\",\"@graph\":[{\"@type\":\"WebPage\",\"@id\":\"https:\/\/forum.schreiner-group.com\/de\/future-mobility-von-autonomem-fahren-bis-e-bike\/\",\"url\":\"https:\/\/forum.schreiner-group.com\/de\/future-mobility-von-autonomem-fahren-bis-e-bike\/\",\"name\":\"Future Mobility: Von autonomem Fahren bis E-Bike - Schreiner Group Forum\",\"isPartOf\":{\"@id\":\"https:\/\/forum.schreiner-group.com\/de\/#website\"},\"primaryImageOfPage\":{\"@id\":\"https:\/\/forum.schreiner-group.com\/de\/future-mobility-von-autonomem-fahren-bis-e-bike\/#primaryimage\"},\"image\":{\"@id\":\"https:\/\/forum.schreiner-group.com\/de\/future-mobility-von-autonomem-fahren-bis-e-bike\/#primaryimage\"},\"thumbnailUrl\":\"https:\/\/forum.schreiner-group.com\/wp-content\/uploads\/2021\/01\/SPT_Future-Mobility1.jpg\",\"datePublished\":\"2020-11-24T14:49:14+00:00\",\"dateModified\":\"2022-02-21T14:08:47+00:00\",\"author\":{\"@id\":\"https:\/\/forum.schreiner-group.com\/de\/#\/schema\/person\/bd0e2515cfe9118ea30379405cb6f7dc\"},\"breadcrumb\":{\"@id\":\"https:\/\/forum.schreiner-group.com\/de\/future-mobility-von-autonomem-fahren-bis-e-bike\/#breadcrumb\"},\"inLanguage\":\"de\",\"potentialAction\":[{\"@type\":\"ReadAction\",\"target\":[\"https:\/\/forum.schreiner-group.com\/de\/future-mobility-von-autonomem-fahren-bis-e-bike\/\"]}]},{\"@type\":\"ImageObject\",\"inLanguage\":\"de\",\"@id\":\"https:\/\/forum.schreiner-group.com\/de\/future-mobility-von-autonomem-fahren-bis-e-bike\/#primaryimage\",\"url\":\"https:\/\/forum.schreiner-group.com\/wp-content\/uploads\/2021\/01\/SPT_Future-Mobility1.jpg\",\"contentUrl\":\"https:\/\/forum.schreiner-group.com\/wp-content\/uploads\/2021\/01\/SPT_Future-Mobility1.jpg\",\"width\":1280,\"height\":853},{\"@type\":\"BreadcrumbList\",\"@id\":\"https:\/\/forum.schreiner-group.com\/de\/future-mobility-von-autonomem-fahren-bis-e-bike\/#breadcrumb\",\"itemListElement\":[{\"@type\":\"ListItem\",\"position\":1,\"name\":\"Startseite\",\"item\":\"https:\/\/forum.schreiner-group.com\/de\/\"},{\"@type\":\"ListItem\",\"position\":2,\"name\":\"Future Mobility: Von autonomem Fahren bis E-Bike\"}]},{\"@type\":\"WebSite\",\"@id\":\"https:\/\/forum.schreiner-group.com\/de\/#website\",\"url\":\"https:\/\/forum.schreiner-group.com\/de\/\",\"name\":\"Schreiner Group Forum\",\"description\":\"\",\"potentialAction\":[{\"@type\":\"SearchAction\",\"target\":{\"@type\":\"EntryPoint\",\"urlTemplate\":\"https:\/\/forum.schreiner-group.com\/de\/?s={search_term_string}\"},\"query-input\":{\"@type\":\"PropertyValueSpecification\",\"valueRequired\":true,\"valueName\":\"search_term_string\"}}],\"inLanguage\":\"de\"},{\"@type\":\"Person\",\"@id\":\"https:\/\/forum.schreiner-group.com\/de\/#\/schema\/person\/bd0e2515cfe9118ea30379405cb6f7dc\",\"name\":\"markus.liedl@schreiner-group.com\",\"image\":{\"@type\":\"ImageObject\",\"inLanguage\":\"de\",\"@id\":\"https:\/\/forum.schreiner-group.com\/de\/#\/schema\/person\/image\/\",\"url\":\"https:\/\/secure.gravatar.com\/avatar\/e83202ed81ba95ae0113c3f2d897918a?s=96&d=mm&r=g\",\"contentUrl\":\"https:\/\/secure.gravatar.com\/avatar\/e83202ed81ba95ae0113c3f2d897918a?s=96&d=mm&r=g\",\"caption\":\"markus.liedl@schreiner-group.com\"},\"url\":\"https:\/\/forum.schreiner-group.com\/de\/author\/markus-liedlschreiner-group-de\/\"}]}<\/script>\n<!-- \/ Yoast SEO plugin. -->","yoast_head_json":{"title":"Future Mobility: Von autonomem Fahren bis E-Bike - Schreiner Group Forum","robots":{"index":"index","follow":"follow","max-snippet":"max-snippet:-1","max-image-preview":"max-image-preview:large","max-video-preview":"max-video-preview:-1"},"canonical":"https:\/\/forum.schreiner-group.com\/de\/future-mobility-von-autonomem-fahren-bis-e-bike\/","og_locale":"de_DE","og_type":"article","og_title":"Future Mobility: Von autonomem Fahren bis E-Bike - Schreiner Group Forum","og_description":"Zur\u00fcck in die Zukunft: Durch die Greta-Bewegung sind viele Autofahrer auf die \u00f6ffentlichen Verkehrsmittel umgestiegen. Allerdings hat die Corona-Pandemie im Jahr 2020 eine hohe Dynamik in den Markt gebracht und eine gegenl\u00e4ufige Entwicklung ausgel\u00f6st. Viele Personen schwenken jetzt wieder von den \u00f6ffentlichen Verkehrsmitteln auf die Individualmobilit\u00e4t zur\u00fcck, also auf das Auto oder auch das Fahrrad. Der Automobilmarkt, aber auch das Thema E-Bike r\u00fccken somit wieder in den Vordergrund. Aber wohin geht die Reise wirklich? Wir haben mit Thomas K\u00f6berlein, dem Gesch\u00e4ftsleiter von Schreiner ProTech, dar\u00fcber gesprochen.","og_url":"https:\/\/forum.schreiner-group.com\/de\/future-mobility-von-autonomem-fahren-bis-e-bike\/","og_site_name":"Schreiner Group Forum","article_published_time":"2020-11-24T14:49:14+00:00","article_modified_time":"2022-02-21T14:08:47+00:00","og_image":[{"width":1280,"height":853,"url":"https:\/\/forum.schreiner-group.com\/wp-content\/uploads\/2021\/01\/SPT_Future-Mobility1.jpg","type":"image\/jpeg"}],"author":"markus.liedl@schreiner-group.com","twitter_card":"summary_large_image","twitter_misc":{"Verfasst von":"markus.liedl@schreiner-group.com","Gesch\u00e4tzte Lesezeit":"6\u00a0Minuten"},"schema":{"@context":"https:\/\/schema.org","@graph":[{"@type":"WebPage","@id":"https:\/\/forum.schreiner-group.com\/de\/future-mobility-von-autonomem-fahren-bis-e-bike\/","url":"https:\/\/forum.schreiner-group.com\/de\/future-mobility-von-autonomem-fahren-bis-e-bike\/","name":"Future Mobility: Von autonomem Fahren bis E-Bike - Schreiner Group Forum","isPartOf":{"@id":"https:\/\/forum.schreiner-group.com\/de\/#website"},"primaryImageOfPage":{"@id":"https:\/\/forum.schreiner-group.com\/de\/future-mobility-von-autonomem-fahren-bis-e-bike\/#primaryimage"},"image":{"@id":"https:\/\/forum.schreiner-group.com\/de\/future-mobility-von-autonomem-fahren-bis-e-bike\/#primaryimage"},"thumbnailUrl":"https:\/\/forum.schreiner-group.com\/wp-content\/uploads\/2021\/01\/SPT_Future-Mobility1.jpg","datePublished":"2020-11-24T14:49:14+00:00","dateModified":"2022-02-21T14:08:47+00:00","author":{"@id":"https:\/\/forum.schreiner-group.com\/de\/#\/schema\/person\/bd0e2515cfe9118ea30379405cb6f7dc"},"breadcrumb":{"@id":"https:\/\/forum.schreiner-group.com\/de\/future-mobility-von-autonomem-fahren-bis-e-bike\/#breadcrumb"},"inLanguage":"de","potentialAction":[{"@type":"ReadAction","target":["https:\/\/forum.schreiner-group.com\/de\/future-mobility-von-autonomem-fahren-bis-e-bike\/"]}]},{"@type":"ImageObject","inLanguage":"de","@id":"https:\/\/forum.schreiner-group.com\/de\/future-mobility-von-autonomem-fahren-bis-e-bike\/#primaryimage","url":"https:\/\/forum.schreiner-group.com\/wp-content\/uploads\/2021\/01\/SPT_Future-Mobility1.jpg","contentUrl":"https:\/\/forum.schreiner-group.com\/wp-content\/uploads\/2021\/01\/SPT_Future-Mobility1.jpg","width":1280,"height":853},{"@type":"BreadcrumbList","@id":"https:\/\/forum.schreiner-group.com\/de\/future-mobility-von-autonomem-fahren-bis-e-bike\/#breadcrumb","itemListElement":[{"@type":"ListItem","position":1,"name":"Startseite","item":"https:\/\/forum.schreiner-group.com\/de\/"},{"@type":"ListItem","position":2,"name":"Future Mobility: Von autonomem Fahren bis E-Bike"}]},{"@type":"WebSite","@id":"https:\/\/forum.schreiner-group.com\/de\/#website","url":"https:\/\/forum.schreiner-group.com\/de\/","name":"Schreiner Group Forum","description":"","potentialAction":[{"@type":"SearchAction","target":{"@type":"EntryPoint","urlTemplate":"https:\/\/forum.schreiner-group.com\/de\/?s={search_term_string}"},"query-input":{"@type":"PropertyValueSpecification","valueRequired":true,"valueName":"search_term_string"}}],"inLanguage":"de"},{"@type":"Person","@id":"https:\/\/forum.schreiner-group.com\/de\/#\/schema\/person\/bd0e2515cfe9118ea30379405cb6f7dc","name":"markus.liedl@schreiner-group.com","image":{"@type":"ImageObject","inLanguage":"de","@id":"https:\/\/forum.schreiner-group.com\/de\/#\/schema\/person\/image\/","url":"https:\/\/secure.gravatar.com\/avatar\/e83202ed81ba95ae0113c3f2d897918a?s=96&d=mm&r=g","contentUrl":"https:\/\/secure.gravatar.com\/avatar\/e83202ed81ba95ae0113c3f2d897918a?s=96&d=mm&r=g","caption":"markus.liedl@schreiner-group.com"},"url":"https:\/\/forum.schreiner-group.com\/de\/author\/markus-liedlschreiner-group-de\/"}]}},"_links":{"self":[{"href":"https:\/\/forum.schreiner-group.com\/de\/wp-json\/wp\/v2\/posts\/6648","targetHints":{"allow":["GET"]}}],"collection":[{"href":"https:\/\/forum.schreiner-group.com\/de\/wp-json\/wp\/v2\/posts"}],"about":[{"href":"https:\/\/forum.schreiner-group.com\/de\/wp-json\/wp\/v2\/types\/post"}],"author":[{"embeddable":true,"href":"https:\/\/forum.schreiner-group.com\/de\/wp-json\/wp\/v2\/users\/2"}],"replies":[{"embeddable":true,"href":"https:\/\/forum.schreiner-group.com\/de\/wp-json\/wp\/v2\/comments?post=6648"}],"version-history":[{"count":9,"href":"https:\/\/forum.schreiner-group.com\/de\/wp-json\/wp\/v2\/posts\/6648\/revisions"}],"predecessor-version":[{"id":9426,"href":"https:\/\/forum.schreiner-group.com\/de\/wp-json\/wp\/v2\/posts\/6648\/revisions\/9426"}],"wp:featuredmedia":[{"embeddable":true,"href":"https:\/\/forum.schreiner-group.com\/de\/wp-json\/wp\/v2\/media\/7070"}],"wp:attachment":[{"href":"https:\/\/forum.schreiner-group.com\/de\/wp-json\/wp\/v2\/media?parent=6648"}],"wp:term":[{"taxonomy":"category","embeddable":true,"href":"https:\/\/forum.schreiner-group.com\/de\/wp-json\/wp\/v2\/categories?post=6648"},{"taxonomy":"post_tag","embeddable":true,"href":"https:\/\/forum.schreiner-group.com\/de\/wp-json\/wp\/v2\/tags?post=6648"}],"curies":[{"name":"wp","href":"https:\/\/api.w.org\/{rel}","templated":true}]}}