{"id":6431,"date":"2020-09-24T17:31:00","date_gmt":"2020-09-24T15:31:00","guid":{"rendered":"https:\/\/forum.schreiner-group.com\/?p=6431"},"modified":"2024-04-30T15:05:47","modified_gmt":"2024-04-30T13:05:47","slug":"mit-den-haenden-kommunizieren-mit-den-augen-verstehen","status":"publish","type":"post","link":"https:\/\/forum.schreiner-group.com\/de\/mit-den-haenden-kommunizieren-mit-den-augen-verstehen\/","title":{"rendered":"Mit den H\u00e4nden kommunizieren \u2013 mit den Augen verstehen"},"content":{"rendered":"<section class=\"wpb-content-wrapper\"><p>[vc_row full_width=&#8220;stretch_row_content_no_spaces&#8220; content_placement=&#8220;top&#8220; css=&#8220;.vc_custom_1600954993504{margin-top: 150px !important;}&#8220; parallax_background_image=&#8220;6429&#8243;][vc_column][vc_empty_space height=&#8220;615px&#8220;][\/vc_column][\/vc_row][vc_row css=&#8220;.vc_custom_1594636600423{background-color: #ffffff !important;}&#8220; el_class=&#8220;article_bighead&#8220;][vc_column][vc_custom_heading text=&#8220;SCHREINER GROUP&#8220; font_container=&#8220;tag:h2|text_align:center&#8220; use_theme_fonts=&#8220;yes&#8220; el_class=&#8220;topcategory&#8220;][vc_custom_heading text=&#8220;Mit den H\u00e4nden kommunizieren \u2013<br \/>\nmit den Augen verstehen&#8220; font_container=&#8220;tag:h1|text_align:center&#8220; use_theme_fonts=&#8220;yes&#8220;][\/vc_column][\/vc_row][vc_row][vc_column][vc_column_text]<strong>Kristina Fleischer und Kilian Spillner sind zwei Mediendesigner bei der Schreiner Group. Beide sind Familienmenschen, sportbegeistert und \u2013 was sie am meisten verbindet \u2013 taub. Uns haben sie verraten, wie die Verst\u00e4ndigung in der Arbeit funktioniert, welche W\u00fcnsche sie an die Kollegen haben und was die Geh\u00f6rlosenkultur ausmacht. <\/strong>[\/vc_column_text][vc_row_inner][vc_column_inner][vc_column_text]<strong><em>Wie funktioniert die Verst\u00e4ndigung mit den<\/em> <em>Kollegen bei der Arbeit?<\/em><\/strong><\/p>\n<p><span style=\"color: #666699;\"><em><strong>Kilian:<\/strong> Als ich hier angefangen habe, musste in der Gruppenbesprechung immer jemand f\u00fcr mich mitschreiben, da ging leider vieles verloren. Jetzt haben wir alle zwei Wochen einen Dolmetscher bei Besprechungen. Nat\u00fcrlich w\u00e4re es besser, noch \u00f6fter einen Dolmetscher zu haben, aber das w\u00fcrde das Inklusionsamt nicht \u00fcbernehmen.<\/em><\/span><\/p>\n<p><span style=\"color: #800080;\"><em><strong>Kristina:<\/strong> Was super ist, ist der Chat per Skype, das hatte ich vorher noch bei keinem Arbeitgeber. Zu zweit bekommen wir aber auch viel mehr mit als alleine. Wir k\u00f6nnen uns untereinander austauschen und auch mal selbstbewusst nachfragen. <\/em><\/span><\/p>\n<p><span style=\"color: #666699;\"><em>Die Kollegen sagen mir auch, dass ich viel offener<\/em> <em>geworden bin, seit Kristina hier ist. Das hat<\/em> <em>uns beide gepusht und uns Mut gegeben.<\/em><\/span><\/p>\n<p><span style=\"color: #800080;\"><em>Auch Spa\u00df geh\u00f6rt zur Arbeit. Zu zweit als Geh\u00f6rlose ist das gut m\u00f6glich, das hat mir vorher bei meinen Jobs gefehlt.<\/em><\/span><\/p>\n<p><span style=\"color: #666699;\"><em>Die Kollegen am Arbeitsplatz geben sich auch viel M\u00fche. Viele von unseren Kollegen <\/em><em>haben freiwillig einen Geb\u00e4rdensprachkurs gemacht. Ein kleiner Schritt, um uns besser zu verstehen. Ein langes Gespr\u00e4ch ist aber leider nicht m\u00f6glich.<\/em><\/span><\/p>\n<p><span style=\"color: #800080;\"><em>Wir wollen alle Kollegen motivieren, mit uns zu kommunizieren und ihnen grunds\u00e4tzliche Kommunikationsregeln mitgeben. Wir Geh\u00f6rlosen brauchen beispielsweise den Augenkontakt, fehlender Augenkontakt gilt als unh\u00f6flich.<\/em><\/span>[\/vc_column_text][\/vc_column_inner][\/vc_row_inner][vc_row_inner][vc_column_inner width=&#8220;2\/3&#8243;][vc_column_text]<strong><em>Gab es denn auch schon Missverst\u00e4ndnisse bei der Arbeit?<\/em><\/strong><\/p>\n<p><span style=\"color: #666699;\"><em>Einmal hatten wir uns zu zweit unterhalten und ein Kollege, der uns gesehen hat, dachte, Kristina sei sauer. Das lag nur an ihrer starken Mimik, die einfach zum Geb\u00e4rden geh\u00f6rt.<\/em><\/span><\/p>\n<p><span style=\"color: #800080;\"><em>Es gibt nat\u00fcrlich auch Missverst\u00e4ndnisse unter Kollegen, mit denen wir oft zu tun haben. Zum Beispiel wenn ein Kollege uns unter Zeitdruck etwas erkl\u00e4rt und wir verstehen ihn dann falsch.<\/em><\/span>[\/vc_column_text][\/vc_column_inner][vc_column_inner width=&#8220;1\/3&#8243;][vc_single_image image=&#8220;6425&#8243; img_size=&#8220;full&#8220; add_caption=&#8220;yes&#8220; onclick=&#8220;link_image&#8220; css_animation=&#8220;fadeIn&#8220;][\/vc_column_inner][\/vc_row_inner][\/vc_column][\/vc_row][vc_row][vc_column][vc_row_inner][vc_column_inner][vc_column_text]<strong><em>Welche W\u00fcnsche habt Ihr an die Kollegen in der Schreiner Group?<\/em><\/strong><\/p>\n<p><span style=\"color: #800080;\"><em>Es liegt uns sehr am Herzen, dass alle wissen, dass wir nicht bei\u00dfen. H\u00f6rende k\u00f6nnen gerne den ersten Schritt machen und auf uns zugehen.<\/em><\/span><\/p>\n<p><span style=\"color: #666699;\"><em>Ein Kollege aus einer anderen Abteilung hatte einmal eine Frage, die mit mir gekl\u00e4rt werden musste. Er ging stattdessen zu einem Kollegen aus meinem Team, erkl\u00e4rte dem alles und mein Kollege musste dann wieder alles mit mir kl\u00e4ren. Jeder kann gerne immer direkt auf mich zugehen. Schriftlich ist es sowieso kein Problem, alles zu kl\u00e4ren.<\/em><\/span><\/p>\n<p><span style=\"color: #800080;\"><em>Viele Kollegen wissen leider nicht, wie sie uns ansprechen sollen. Eine Kollegin von mir wurde auch schon angerufen, um mir etwas auszurichten.<\/em><\/span><\/p>\n<p><span style=\"color: #666699;\"><em>Nat\u00fcrlich ist ein Telefonanruf f\u00fcr die meisten Kollegen schneller, f\u00fcr uns ist es aber auch leichter zu geb\u00e4rden. Es w\u00e4re nett, wenn sich die Kollegen dann auch einfach die Zeit nehmen w\u00fcrden, kurz zu schreiben.<\/em><\/span><\/p>\n<p><strong><em>Ich habe geh\u00f6rt, dass es Geh\u00f6rlosensport und eine eigene Geh\u00f6rlosenkultur gibt. Wie sehr seid Ihr in eurer Freizeit selbst darin involviert?<\/em><\/strong><\/p>\n<p><span style=\"color: #666699;\"><em>Ja, das gibt es. Ich selbst war aktiver Tennis- und Basketballspieler. Ich hab bei deutschen Meisterschaften mitgemacht und war auch erfolgreich. Aufgrund einer Knieverletzung musste ich Tennis und Basketball leider aufgeben.<\/em><\/span><\/p>\n<p><span style=\"color: #800080;\"><em>Ich mache viel beim Verein Geh\u00f6rlose Bergfreunde M\u00fcnchen e. V. (gbf-muenchen.de). Ich bin dort Leiterin der Abteilungen Familie\/ Frauen und Volleyball. Einmal im Monat organisiere ich einen Tac-Spieleabend, zwei bis dreimal im Jahr gibt es Vortr\u00e4ge. Kilian hatte einmal einen Vortrag \u00fcber sein Jahr in Kambodscha gehalten.<\/em><\/span><\/p>\n<p><span style=\"color: #666699;\"><em>In der Geh\u00f6rlosenkultur gibt es auf der ganzen Welt Events, z. B: diverse Theater, Kulturtage, Jugendfestivals, EM und WM, alle vier Jahre Deaflympics und vieles mehr.<\/em><\/span><\/p>\n<p><span style=\"color: #800080;\"><em>Es gibt in der Geh\u00f6rlosenkultur keine Ber\u00fchrungs\u00e4ngste, die visuelle Wahrnehmung steht im Mittelpunkt. H\u00f6renden ist st\u00e4ndiger Augenkontakt oft unangenehm, aber vielleicht k\u00f6nnen wir helfen, die Hemmschwelle etwas abzubauen.<\/em><\/span>[\/vc_column_text][\/vc_column_inner][\/vc_row_inner][\/vc_column][\/vc_row][vc_row][vc_column][vc_empty_space height=&#8220;25px&#8220;][\/vc_column][\/vc_row][vc_row equal_height=&#8220;yes&#8220;][vc_column width=&#8220;2\/3&#8243;][vc_column_text el_class=&#8220;kastenunten&#8220;]<strong>Kilian Spillner<\/strong><\/p>\n<p>Auch wenn die Zeit seitdem schnell vor\u00fcbergegangen ist, Kilian Spillner ist bereits seit M\u00e4rz 2018 bei der Schreiner Group. Er ist taub geboren und in einer geh\u00f6rlosen Familie aufgewachsen. Nach seiner Ausbildung und ein paar Jahren Arbeitserfahrung als Mediengestalter k\u00fcndigte er seinen Job, um in Kambodscha ein Jahr lang Freiwilligendienst zu leisten. Heute verbringt der geb\u00fcrtige M\u00fcnchner seine Freizeit am liebsten mit seiner Frau und seinem Sohn, aber auch Freunde und Sport d\u00fcrfen f\u00fcr ihn nicht zu kurz kommen.[\/vc_column_text][\/vc_column][vc_column width=&#8220;1\/3&#8243;][vc_single_image image=&#8220;6423&#8243; img_size=&#8220;full&#8220; add_caption=&#8220;yes&#8220; onclick=&#8220;link_image&#8220; css_animation=&#8220;fadeIn&#8220;][\/vc_column][\/vc_row][vc_row][vc_column][vc_empty_space height=&#8220;25px&#8220;][\/vc_column][\/vc_row][vc_row equal_height=&#8220;yes&#8220;][vc_column width=&#8220;2\/3&#8243;][vc_column_text css=&#8220;.vc_custom_1600960522591{background-color: #7f5b7f !important;}&#8220; el_class=&#8220;kastenunten&#8220;]<span style=\"color: #ffffff;\"><strong>Kristina Fleischer<\/strong><\/span><\/p>\n<p><span style=\"color: #ffffff;\">Seit Januar 2019 ist Kristina Fleischer im selben Team wie Kilian Spillner. Sie ist taub, kann aber gut von den Lippen ablesen, wenn man deutlich spricht. Die gelernte Reproherstellerin stammt urspr\u00fcnglich aus Berlin, hat in K\u00f6ln vier Jahre als Mediengestalterin f\u00fcr eine Wirtschaftszeitung und in M\u00fcnchen f\u00fcr einen Zeitschriftenverlag gearbeitet. Neben der Arbeit verbringt die dreifache Mutter viel Zeit mit ihrer Familie und schafft es nicht nur selbst Sport zu machen, sondern auch diverse ehrenamtliche Aufgaben f\u00fcr den Verein Geh\u00f6rlose Bergfreunde M\u00fcnchen e. V. zu \u00fcbernehmen.<\/span>[\/vc_column_text][\/vc_column][vc_column width=&#8220;1\/3&#8243;][vc_single_image image=&#8220;6427&#8243; img_size=&#8220;full&#8220; add_caption=&#8220;yes&#8220; onclick=&#8220;link_image&#8220; css_animation=&#8220;fadeIn&#8220;][\/vc_column][\/vc_row]<\/p>\n<\/section>","protected":false},"excerpt":{"rendered":"<p>Kristina Fleischer und Kilian Spillner sind zwei Mediendesigner bei der Schreiner Group. Beide sind Familienmenschen, sportbegeistert und \u2013 was sie am meisten verbindet \u2013 taub. Uns haben sie verraten, wie die Verst\u00e4ndigung in der Arbeit funktioniert, welche W\u00fcnsche sie an die Kollegen haben und was die Geh\u00f6rlosenkultur ausmacht.<\/p>\n","protected":false},"author":2,"featured_media":6425,"comment_status":"closed","ping_status":"closed","sticky":false,"template":"","format":"standard","meta":{"inline_featured_image":false,"footnotes":""},"categories":[54],"tags":[],"class_list":["post-6431","post","type-post","status-publish","format-standard","has-post-thumbnail","hentry","category-schreiner-group"],"yoast_head":"<!-- This site is optimized with the Yoast SEO plugin v23.9 - https:\/\/yoast.com\/wordpress\/plugins\/seo\/ -->\n<title>Mit den H\u00e4nden kommunizieren \u2013 mit den Augen verstehen - Schreiner Group Forum<\/title>\n<meta name=\"robots\" content=\"index, follow, max-snippet:-1, max-image-preview:large, max-video-preview:-1\" \/>\n<link rel=\"canonical\" href=\"https:\/\/forum.schreiner-group.com\/de\/mit-den-haenden-kommunizieren-mit-den-augen-verstehen\/\" \/>\n<meta property=\"og:locale\" content=\"de_DE\" \/>\n<meta property=\"og:type\" content=\"article\" \/>\n<meta property=\"og:title\" content=\"Geh\u00f6rlosen-H\u00f6rende Kommunikation am Arbeitsplatz.\" \/>\n<meta property=\"og:description\" content=\"Mit den H\u00e4nden kommunizieren \u2013 Geh\u00f6rlose Mediendesigner bei der Schreiner Group: Verst\u00e4ndigung, W\u00fcnsche, Missverst\u00e4ndnisse, Geh\u00f6rlosenkultur, Freizeit.\" \/>\n<meta property=\"og:url\" content=\"https:\/\/forum.schreiner-group.com\/de\/mit-den-haenden-kommunizieren-mit-den-augen-verstehen\/\" \/>\n<meta property=\"og:site_name\" content=\"Schreiner Group Forum\" \/>\n<meta property=\"article:published_time\" content=\"2020-09-24T15:31:00+00:00\" \/>\n<meta property=\"article:modified_time\" content=\"2024-04-30T13:05:47+00:00\" \/>\n<meta property=\"og:image\" content=\"https:\/\/forum.schreiner-group.com\/wp-content\/uploads\/2020\/09\/SGR_Gehoerlose_Interview.jpg\" \/>\n\t<meta property=\"og:image:width\" content=\"1920\" \/>\n\t<meta property=\"og:image:height\" content=\"1280\" \/>\n\t<meta property=\"og:image:type\" content=\"image\/jpeg\" \/>\n<meta name=\"author\" content=\"markus.liedl@schreiner-group.com\" \/>\n<meta name=\"twitter:card\" content=\"summary_large_image\" \/>\n<meta name=\"twitter:label1\" content=\"Verfasst von\" \/>\n\t<meta name=\"twitter:data1\" content=\"markus.liedl@schreiner-group.com\" \/>\n\t<meta name=\"twitter:label2\" content=\"Gesch\u00e4tzte Lesezeit\" \/>\n\t<meta name=\"twitter:data2\" content=\"5\u00a0Minuten\" \/>\n<script type=\"application\/ld+json\" class=\"yoast-schema-graph\">{\"@context\":\"https:\/\/schema.org\",\"@graph\":[{\"@type\":\"WebPage\",\"@id\":\"https:\/\/forum.schreiner-group.com\/de\/mit-den-haenden-kommunizieren-mit-den-augen-verstehen\/\",\"url\":\"https:\/\/forum.schreiner-group.com\/de\/mit-den-haenden-kommunizieren-mit-den-augen-verstehen\/\",\"name\":\"Mit den H\u00e4nden kommunizieren \u2013 mit den Augen verstehen - Schreiner Group Forum\",\"isPartOf\":{\"@id\":\"https:\/\/forum.schreiner-group.com\/de\/#website\"},\"primaryImageOfPage\":{\"@id\":\"https:\/\/forum.schreiner-group.com\/de\/mit-den-haenden-kommunizieren-mit-den-augen-verstehen\/#primaryimage\"},\"image\":{\"@id\":\"https:\/\/forum.schreiner-group.com\/de\/mit-den-haenden-kommunizieren-mit-den-augen-verstehen\/#primaryimage\"},\"thumbnailUrl\":\"https:\/\/forum.schreiner-group.com\/wp-content\/uploads\/2020\/09\/SGR_Gehoerlose_Interview.jpg\",\"datePublished\":\"2020-09-24T15:31:00+00:00\",\"dateModified\":\"2024-04-30T13:05:47+00:00\",\"author\":{\"@id\":\"https:\/\/forum.schreiner-group.com\/de\/#\/schema\/person\/bd0e2515cfe9118ea30379405cb6f7dc\"},\"breadcrumb\":{\"@id\":\"https:\/\/forum.schreiner-group.com\/de\/mit-den-haenden-kommunizieren-mit-den-augen-verstehen\/#breadcrumb\"},\"inLanguage\":\"de\",\"potentialAction\":[{\"@type\":\"ReadAction\",\"target\":[\"https:\/\/forum.schreiner-group.com\/de\/mit-den-haenden-kommunizieren-mit-den-augen-verstehen\/\"]}]},{\"@type\":\"ImageObject\",\"inLanguage\":\"de\",\"@id\":\"https:\/\/forum.schreiner-group.com\/de\/mit-den-haenden-kommunizieren-mit-den-augen-verstehen\/#primaryimage\",\"url\":\"https:\/\/forum.schreiner-group.com\/wp-content\/uploads\/2020\/09\/SGR_Gehoerlose_Interview.jpg\",\"contentUrl\":\"https:\/\/forum.schreiner-group.com\/wp-content\/uploads\/2020\/09\/SGR_Gehoerlose_Interview.jpg\",\"width\":1920,\"height\":1280,\"caption\":\"Kristina Fleischer und Kilian Spillner sind beide taub \u2013 und zeigen t\u00e4glich, dass Kommunikation bei weitem nicht nur \u00fcber gesprochene Sprache funktioniert.\"},{\"@type\":\"BreadcrumbList\",\"@id\":\"https:\/\/forum.schreiner-group.com\/de\/mit-den-haenden-kommunizieren-mit-den-augen-verstehen\/#breadcrumb\",\"itemListElement\":[{\"@type\":\"ListItem\",\"position\":1,\"name\":\"Startseite\",\"item\":\"https:\/\/forum.schreiner-group.com\/de\/\"},{\"@type\":\"ListItem\",\"position\":2,\"name\":\"Mit den H\u00e4nden kommunizieren \u2013 mit den Augen verstehen\"}]},{\"@type\":\"WebSite\",\"@id\":\"https:\/\/forum.schreiner-group.com\/de\/#website\",\"url\":\"https:\/\/forum.schreiner-group.com\/de\/\",\"name\":\"Schreiner Group Forum\",\"description\":\"\",\"potentialAction\":[{\"@type\":\"SearchAction\",\"target\":{\"@type\":\"EntryPoint\",\"urlTemplate\":\"https:\/\/forum.schreiner-group.com\/de\/?s={search_term_string}\"},\"query-input\":{\"@type\":\"PropertyValueSpecification\",\"valueRequired\":true,\"valueName\":\"search_term_string\"}}],\"inLanguage\":\"de\"},{\"@type\":\"Person\",\"@id\":\"https:\/\/forum.schreiner-group.com\/de\/#\/schema\/person\/bd0e2515cfe9118ea30379405cb6f7dc\",\"name\":\"markus.liedl@schreiner-group.com\",\"image\":{\"@type\":\"ImageObject\",\"inLanguage\":\"de\",\"@id\":\"https:\/\/forum.schreiner-group.com\/de\/#\/schema\/person\/image\/\",\"url\":\"https:\/\/secure.gravatar.com\/avatar\/e83202ed81ba95ae0113c3f2d897918a?s=96&d=mm&r=g\",\"contentUrl\":\"https:\/\/secure.gravatar.com\/avatar\/e83202ed81ba95ae0113c3f2d897918a?s=96&d=mm&r=g\",\"caption\":\"markus.liedl@schreiner-group.com\"},\"url\":\"https:\/\/forum.schreiner-group.com\/de\/author\/markus-liedlschreiner-group-de\/\"}]}<\/script>\n<!-- \/ Yoast SEO plugin. -->","yoast_head_json":{"title":"Mit den H\u00e4nden kommunizieren \u2013 mit den Augen verstehen - Schreiner Group Forum","robots":{"index":"index","follow":"follow","max-snippet":"max-snippet:-1","max-image-preview":"max-image-preview:large","max-video-preview":"max-video-preview:-1"},"canonical":"https:\/\/forum.schreiner-group.com\/de\/mit-den-haenden-kommunizieren-mit-den-augen-verstehen\/","og_locale":"de_DE","og_type":"article","og_title":"Geh\u00f6rlosen-H\u00f6rende Kommunikation am Arbeitsplatz.","og_description":"Mit den H\u00e4nden kommunizieren \u2013 Geh\u00f6rlose Mediendesigner bei der Schreiner Group: Verst\u00e4ndigung, W\u00fcnsche, Missverst\u00e4ndnisse, Geh\u00f6rlosenkultur, Freizeit.","og_url":"https:\/\/forum.schreiner-group.com\/de\/mit-den-haenden-kommunizieren-mit-den-augen-verstehen\/","og_site_name":"Schreiner Group Forum","article_published_time":"2020-09-24T15:31:00+00:00","article_modified_time":"2024-04-30T13:05:47+00:00","og_image":[{"width":1920,"height":1280,"url":"https:\/\/forum.schreiner-group.com\/wp-content\/uploads\/2020\/09\/SGR_Gehoerlose_Interview.jpg","type":"image\/jpeg"}],"author":"markus.liedl@schreiner-group.com","twitter_card":"summary_large_image","twitter_misc":{"Verfasst von":"markus.liedl@schreiner-group.com","Gesch\u00e4tzte Lesezeit":"5\u00a0Minuten"},"schema":{"@context":"https:\/\/schema.org","@graph":[{"@type":"WebPage","@id":"https:\/\/forum.schreiner-group.com\/de\/mit-den-haenden-kommunizieren-mit-den-augen-verstehen\/","url":"https:\/\/forum.schreiner-group.com\/de\/mit-den-haenden-kommunizieren-mit-den-augen-verstehen\/","name":"Mit den H\u00e4nden kommunizieren \u2013 mit den Augen verstehen - Schreiner Group Forum","isPartOf":{"@id":"https:\/\/forum.schreiner-group.com\/de\/#website"},"primaryImageOfPage":{"@id":"https:\/\/forum.schreiner-group.com\/de\/mit-den-haenden-kommunizieren-mit-den-augen-verstehen\/#primaryimage"},"image":{"@id":"https:\/\/forum.schreiner-group.com\/de\/mit-den-haenden-kommunizieren-mit-den-augen-verstehen\/#primaryimage"},"thumbnailUrl":"https:\/\/forum.schreiner-group.com\/wp-content\/uploads\/2020\/09\/SGR_Gehoerlose_Interview.jpg","datePublished":"2020-09-24T15:31:00+00:00","dateModified":"2024-04-30T13:05:47+00:00","author":{"@id":"https:\/\/forum.schreiner-group.com\/de\/#\/schema\/person\/bd0e2515cfe9118ea30379405cb6f7dc"},"breadcrumb":{"@id":"https:\/\/forum.schreiner-group.com\/de\/mit-den-haenden-kommunizieren-mit-den-augen-verstehen\/#breadcrumb"},"inLanguage":"de","potentialAction":[{"@type":"ReadAction","target":["https:\/\/forum.schreiner-group.com\/de\/mit-den-haenden-kommunizieren-mit-den-augen-verstehen\/"]}]},{"@type":"ImageObject","inLanguage":"de","@id":"https:\/\/forum.schreiner-group.com\/de\/mit-den-haenden-kommunizieren-mit-den-augen-verstehen\/#primaryimage","url":"https:\/\/forum.schreiner-group.com\/wp-content\/uploads\/2020\/09\/SGR_Gehoerlose_Interview.jpg","contentUrl":"https:\/\/forum.schreiner-group.com\/wp-content\/uploads\/2020\/09\/SGR_Gehoerlose_Interview.jpg","width":1920,"height":1280,"caption":"Kristina Fleischer und Kilian Spillner sind beide taub \u2013 und zeigen t\u00e4glich, dass Kommunikation bei weitem nicht nur \u00fcber gesprochene Sprache funktioniert."},{"@type":"BreadcrumbList","@id":"https:\/\/forum.schreiner-group.com\/de\/mit-den-haenden-kommunizieren-mit-den-augen-verstehen\/#breadcrumb","itemListElement":[{"@type":"ListItem","position":1,"name":"Startseite","item":"https:\/\/forum.schreiner-group.com\/de\/"},{"@type":"ListItem","position":2,"name":"Mit den H\u00e4nden kommunizieren \u2013 mit den Augen verstehen"}]},{"@type":"WebSite","@id":"https:\/\/forum.schreiner-group.com\/de\/#website","url":"https:\/\/forum.schreiner-group.com\/de\/","name":"Schreiner Group Forum","description":"","potentialAction":[{"@type":"SearchAction","target":{"@type":"EntryPoint","urlTemplate":"https:\/\/forum.schreiner-group.com\/de\/?s={search_term_string}"},"query-input":{"@type":"PropertyValueSpecification","valueRequired":true,"valueName":"search_term_string"}}],"inLanguage":"de"},{"@type":"Person","@id":"https:\/\/forum.schreiner-group.com\/de\/#\/schema\/person\/bd0e2515cfe9118ea30379405cb6f7dc","name":"markus.liedl@schreiner-group.com","image":{"@type":"ImageObject","inLanguage":"de","@id":"https:\/\/forum.schreiner-group.com\/de\/#\/schema\/person\/image\/","url":"https:\/\/secure.gravatar.com\/avatar\/e83202ed81ba95ae0113c3f2d897918a?s=96&d=mm&r=g","contentUrl":"https:\/\/secure.gravatar.com\/avatar\/e83202ed81ba95ae0113c3f2d897918a?s=96&d=mm&r=g","caption":"markus.liedl@schreiner-group.com"},"url":"https:\/\/forum.schreiner-group.com\/de\/author\/markus-liedlschreiner-group-de\/"}]}},"_links":{"self":[{"href":"https:\/\/forum.schreiner-group.com\/de\/wp-json\/wp\/v2\/posts\/6431","targetHints":{"allow":["GET"]}}],"collection":[{"href":"https:\/\/forum.schreiner-group.com\/de\/wp-json\/wp\/v2\/posts"}],"about":[{"href":"https:\/\/forum.schreiner-group.com\/de\/wp-json\/wp\/v2\/types\/post"}],"author":[{"embeddable":true,"href":"https:\/\/forum.schreiner-group.com\/de\/wp-json\/wp\/v2\/users\/2"}],"replies":[{"embeddable":true,"href":"https:\/\/forum.schreiner-group.com\/de\/wp-json\/wp\/v2\/comments?post=6431"}],"version-history":[{"count":10,"href":"https:\/\/forum.schreiner-group.com\/de\/wp-json\/wp\/v2\/posts\/6431\/revisions"}],"predecessor-version":[{"id":6720,"href":"https:\/\/forum.schreiner-group.com\/de\/wp-json\/wp\/v2\/posts\/6431\/revisions\/6720"}],"wp:featuredmedia":[{"embeddable":true,"href":"https:\/\/forum.schreiner-group.com\/de\/wp-json\/wp\/v2\/media\/6425"}],"wp:attachment":[{"href":"https:\/\/forum.schreiner-group.com\/de\/wp-json\/wp\/v2\/media?parent=6431"}],"wp:term":[{"taxonomy":"category","embeddable":true,"href":"https:\/\/forum.schreiner-group.com\/de\/wp-json\/wp\/v2\/categories?post=6431"},{"taxonomy":"post_tag","embeddable":true,"href":"https:\/\/forum.schreiner-group.com\/de\/wp-json\/wp\/v2\/tags?post=6431"}],"curies":[{"name":"wp","href":"https:\/\/api.w.org\/{rel}","templated":true}]}}