{"id":5112,"date":"2020-07-13T11:48:10","date_gmt":"2020-07-13T09:48:10","guid":{"rendered":"https:\/\/forum.schreiner-group.com\/?p=5112"},"modified":"2024-04-30T14:53:50","modified_gmt":"2024-04-30T12:53:50","slug":"sicherheit-fuer-ein-natuerliches-fahrgefuehl","status":"publish","type":"post","link":"https:\/\/forum.schreiner-group.com\/de\/sicherheit-fuer-ein-natuerliches-fahrgefuehl\/","title":{"rendered":"Sicherheit f\u00fcr ein nat\u00fcrliches Fahrgef\u00fchl"},"content":{"rendered":"<section class=\"wpb-content-wrapper\"><p>[vc_row full_width=&#8220;stretch_row_content_no_spaces&#8220; content_placement=&#8220;top&#8220; css=&#8220;.vc_custom_1596619424315{margin-top: 150px !important;}&#8220; parallax_background_image=&#8220;6353&#8243;][vc_column][vc_empty_space height=&#8220;615px&#8220;][\/vc_column][\/vc_row][vc_row css=&#8220;.vc_custom_1596612545427{background-color: #ffffff !important;}&#8220; el_class=&#8220;article_bighead&#8220;][vc_column][vc_custom_heading text=&#8220;SCHREINER PROTECH&#8220; font_container=&#8220;tag:h2|text_align:center&#8220; use_theme_fonts=&#8220;yes&#8220; el_class=&#8220;topcategory&#8220;][vc_custom_heading text=&#8220;Sicherheit f\u00fcr ein nat\u00fcrliches Fahrgef\u00fchl&#8220; font_container=&#8220;tag:h1|text_align:center&#8220; use_theme_fonts=&#8220;yes&#8220;][\/vc_column][\/vc_row][vc_row css=&#8220;.vc_custom_1594633744978{padding-bottom: 3% !important;}&#8220;][vc_column][vc_column_text]<strong>Der Motor ist das Herzst\u00fcck eines E-Bikes. Der Riemenantrieb von Brose Antriebstechnik ist extrem leise, robust sowie wartungsarm und sorgt f\u00fcr ein nat\u00fcrliches Fahrgef\u00fchl. Der Riemen ist dabei in einem Geh\u00e4use gesch\u00fctzt verbaut. Um die letzte Wartung sicher nachzuweisen, hat Schreiner ProTech f\u00fcr Brose Antriebstechnik ein auf das Kundenbed\u00fcrfnis und die Anwendung angepasstes Label f\u00fcr den Manipulations- und Erst\u00f6ffnungsschutz entwickelt. Dieses zeigt eine unerlaubte \u00d6ffnung des Geh\u00e4uses und damit etwaige Manipulationen zuverl\u00e4ssig an.<\/strong>[\/vc_column_text][\/vc_column][\/vc_row][vc_row][vc_column width=&#8220;1\/3&#8243;][vc_single_image image=&#8220;5108&#8243; img_size=&#8220;full&#8220; add_caption=&#8220;yes&#8220; onclick=&#8220;link_image&#8220; css_animation=&#8220;fadeIn&#8220;][\/vc_column][vc_column width=&#8220;2\/3&#8243;][vc_column_text]Beim regelm\u00e4\u00dfigen Service ist es f\u00fcr die Werkstatt wichtig zu erkennen, ob die letzte Wartung fachm\u00e4nnisch durchgef\u00fchrt und der Riemen in der Zwischenzeit nicht manipuliert wurde. Das garantiert ein auf das Kundenbed\u00fcrfnis und die Anwendung angepasstes Label von Schreiner ProTech.<\/p>\n<p>Spezielle Stanzungen zerst\u00f6ren das Label beim Entfernen und zeigen an, wenn das Geh\u00e4use unerlaubt ge\u00f6ffnet wurde. So sind Hersteller und H\u00e4ndler vor ungerechtfertigten Gew\u00e4hrleistungsanspr\u00fcchen gesch\u00fctzt.[\/vc_column_text][\/vc_column][\/vc_row][vc_row][vc_column width=&#8220;2\/3&#8243;][vc_column_text]Die Herausforderung bei der Entwicklung war, ein Basis-Label so anzupassen, dass es auf der pulverbeschichteten Oberfl\u00e4che des Antriebsgeh\u00e4uses permanent haftet und sich beim Abl\u00f6sen zerst\u00f6rt. Schrift und Farbton des Labels entsprechen dem Corporate Design von Brose Antriebstechnik.<\/p>\n<p>\u201eWir haben gemeinsam mit Schreiner ProTech ein Label entwickelt, das in der Wertigkeit und Anmutung sowie der technischen Ausf\u00fchrung den Anforderungen an unsere Premium E-Bike-Antriebe vollst\u00e4ndig entspricht\u201c, sagt Holger Pries, Leiter Entwicklung Brose Antriebstechnik. Durch das Label wird bestm\u00f6glich sichergestellt und dokumentiert, dass der Antrieb ausschlie\u00dflich fachgerecht gewartet wurde bzw. sich im Originalzustand befindet.[\/vc_column_text][\/vc_column][vc_column width=&#8220;1\/3&#8243;][vc_single_image image=&#8220;6296&#8243; img_size=&#8220;full&#8220; add_caption=&#8220;yes&#8220; onclick=&#8220;link_image&#8220; css_animation=&#8220;fadeIn&#8220;][\/vc_column][\/vc_row]<\/p>\n<\/section>","protected":false},"excerpt":{"rendered":"<p>Der Motor ist das Herzst\u00fcck eines E-Bikes. Der Riemenantrieb von Brose Antriebstechnik ist extrem leise, robust sowie wartungsarm und sorgt f\u00fcr ein nat\u00fcrliches Fahrgef\u00fchl. Der Riemen ist dabei in einem Geh\u00e4use gesch\u00fctzt verbaut. Um die letzte Wartung sicher nachzuweisen, hat Schreiner ProTech f\u00fcr Brose Antriebstechnik ein auf das Kundenbed\u00fcrfnis und die Anwendung angepasstes Label f\u00fcr den Manipulations- und Erst\u00f6ffnungsschutz entwickelt. Dieses zeigt eine unerlaubte \u00d6ffnung des Geh\u00e4uses und damit etwaige Manipulationen zuverl\u00e4ssig an.<\/p>\n","protected":false},"author":1,"featured_media":6296,"comment_status":"closed","ping_status":"closed","sticky":false,"template":"","format":"standard","meta":{"inline_featured_image":false,"footnotes":""},"categories":[56],"tags":[91,207],"class_list":["post-5112","post","type-post","status-publish","format-standard","has-post-thumbnail","hentry","category-schreiner-protech","tag-kennzeichnungsloesungen","tag-manipulationsnachweis"],"yoast_head":"<!-- This site is optimized with the Yoast SEO plugin v23.9 - https:\/\/yoast.com\/wordpress\/plugins\/seo\/ -->\n<title>Sicherheit f\u00fcr ein nat\u00fcrliches Fahrgef\u00fchl - Schreiner Group Forum<\/title>\n<meta name=\"robots\" content=\"index, follow, max-snippet:-1, max-image-preview:large, max-video-preview:-1\" \/>\n<link rel=\"canonical\" href=\"https:\/\/forum.schreiner-group.com\/de\/sicherheit-fuer-ein-natuerliches-fahrgefuehl\/\" \/>\n<meta property=\"og:locale\" content=\"de_DE\" \/>\n<meta property=\"og:type\" content=\"article\" \/>\n<meta property=\"og:title\" content=\"Sicherheit und Wartung f\u00fcr leises E-Bike-Fahrgef\u00fchl.\" \/>\n<meta property=\"og:description\" content=\"Sicherheit f\u00fcr E-Bike Antriebe: Leiser Riemenantrieb von Brose f\u00fcr nat\u00fcrliches Fahrgef\u00fchl mit manipulationsgesch\u00fctztem Label von Schreiner ProTech.\" \/>\n<meta property=\"og:url\" content=\"https:\/\/forum.schreiner-group.com\/de\/sicherheit-fuer-ein-natuerliches-fahrgefuehl\/\" \/>\n<meta property=\"og:site_name\" content=\"Schreiner Group Forum\" \/>\n<meta property=\"article:published_time\" content=\"2020-07-13T09:48:10+00:00\" \/>\n<meta property=\"article:modified_time\" content=\"2024-04-30T12:53:50+00:00\" \/>\n<meta property=\"og:image\" content=\"https:\/\/forum.schreiner-group.com\/wp-content\/uploads\/2020\/08\/Brose_Antriebstechnik-1.jpg\" \/>\n\t<meta property=\"og:image:width\" content=\"1920\" \/>\n\t<meta property=\"og:image:height\" content=\"1200\" \/>\n\t<meta property=\"og:image:type\" content=\"image\/jpeg\" \/>\n<meta name=\"author\" content=\"vh@4korn.de\" \/>\n<meta name=\"twitter:card\" content=\"summary_large_image\" \/>\n<meta name=\"twitter:label1\" content=\"Verfasst von\" \/>\n\t<meta name=\"twitter:data1\" content=\"vh@4korn.de\" \/>\n\t<meta name=\"twitter:label2\" content=\"Gesch\u00e4tzte Lesezeit\" \/>\n\t<meta name=\"twitter:data2\" content=\"2\u00a0Minuten\" \/>\n<script type=\"application\/ld+json\" class=\"yoast-schema-graph\">{\"@context\":\"https:\/\/schema.org\",\"@graph\":[{\"@type\":\"WebPage\",\"@id\":\"https:\/\/forum.schreiner-group.com\/de\/sicherheit-fuer-ein-natuerliches-fahrgefuehl\/\",\"url\":\"https:\/\/forum.schreiner-group.com\/de\/sicherheit-fuer-ein-natuerliches-fahrgefuehl\/\",\"name\":\"Sicherheit f\u00fcr ein nat\u00fcrliches Fahrgef\u00fchl - Schreiner Group Forum\",\"isPartOf\":{\"@id\":\"https:\/\/forum.schreiner-group.com\/de\/#website\"},\"primaryImageOfPage\":{\"@id\":\"https:\/\/forum.schreiner-group.com\/de\/sicherheit-fuer-ein-natuerliches-fahrgefuehl\/#primaryimage\"},\"image\":{\"@id\":\"https:\/\/forum.schreiner-group.com\/de\/sicherheit-fuer-ein-natuerliches-fahrgefuehl\/#primaryimage\"},\"thumbnailUrl\":\"https:\/\/forum.schreiner-group.com\/wp-content\/uploads\/2020\/08\/Brose_Antriebstechnik-1.jpg\",\"datePublished\":\"2020-07-13T09:48:10+00:00\",\"dateModified\":\"2024-04-30T12:53:50+00:00\",\"author\":{\"@id\":\"https:\/\/forum.schreiner-group.com\/de\/#\/schema\/person\/7e48b07792c3e3014dcfd0ff403ece93\"},\"breadcrumb\":{\"@id\":\"https:\/\/forum.schreiner-group.com\/de\/sicherheit-fuer-ein-natuerliches-fahrgefuehl\/#breadcrumb\"},\"inLanguage\":\"de\",\"potentialAction\":[{\"@type\":\"ReadAction\",\"target\":[\"https:\/\/forum.schreiner-group.com\/de\/sicherheit-fuer-ein-natuerliches-fahrgefuehl\/\"]}]},{\"@type\":\"ImageObject\",\"inLanguage\":\"de\",\"@id\":\"https:\/\/forum.schreiner-group.com\/de\/sicherheit-fuer-ein-natuerliches-fahrgefuehl\/#primaryimage\",\"url\":\"https:\/\/forum.schreiner-group.com\/wp-content\/uploads\/2020\/08\/Brose_Antriebstechnik-1.jpg\",\"contentUrl\":\"https:\/\/forum.schreiner-group.com\/wp-content\/uploads\/2020\/08\/Brose_Antriebstechnik-1.jpg\",\"width\":1920,\"height\":1200,\"caption\":\"Weist die letzte Wartung sicher nach: Das Label f\u00fcr den Manipulations- und Erst\u00f6ffnungsschutz von Schreiner ProTech.\"},{\"@type\":\"BreadcrumbList\",\"@id\":\"https:\/\/forum.schreiner-group.com\/de\/sicherheit-fuer-ein-natuerliches-fahrgefuehl\/#breadcrumb\",\"itemListElement\":[{\"@type\":\"ListItem\",\"position\":1,\"name\":\"Startseite\",\"item\":\"https:\/\/forum.schreiner-group.com\/de\/\"},{\"@type\":\"ListItem\",\"position\":2,\"name\":\"Sicherheit f\u00fcr ein nat\u00fcrliches Fahrgef\u00fchl\"}]},{\"@type\":\"WebSite\",\"@id\":\"https:\/\/forum.schreiner-group.com\/de\/#website\",\"url\":\"https:\/\/forum.schreiner-group.com\/de\/\",\"name\":\"Schreiner Group Forum\",\"description\":\"\",\"potentialAction\":[{\"@type\":\"SearchAction\",\"target\":{\"@type\":\"EntryPoint\",\"urlTemplate\":\"https:\/\/forum.schreiner-group.com\/de\/?s={search_term_string}\"},\"query-input\":{\"@type\":\"PropertyValueSpecification\",\"valueRequired\":true,\"valueName\":\"search_term_string\"}}],\"inLanguage\":\"de\"},{\"@type\":\"Person\",\"@id\":\"https:\/\/forum.schreiner-group.com\/de\/#\/schema\/person\/7e48b07792c3e3014dcfd0ff403ece93\",\"name\":\"vh@4korn.de\",\"image\":{\"@type\":\"ImageObject\",\"inLanguage\":\"de\",\"@id\":\"https:\/\/forum.schreiner-group.com\/de\/#\/schema\/person\/image\/\",\"url\":\"https:\/\/secure.gravatar.com\/avatar\/fa6d8a1d5f1131c4069055c194207522?s=96&d=mm&r=g\",\"contentUrl\":\"https:\/\/secure.gravatar.com\/avatar\/fa6d8a1d5f1131c4069055c194207522?s=96&d=mm&r=g\",\"caption\":\"vh@4korn.de\"},\"sameAs\":[\"https:\/\/forum.schreiner-group.de\"],\"url\":\"https:\/\/forum.schreiner-group.com\/de\/author\/vh4korn-de\/\"}]}<\/script>\n<!-- \/ Yoast SEO plugin. -->","yoast_head_json":{"title":"Sicherheit f\u00fcr ein nat\u00fcrliches Fahrgef\u00fchl - Schreiner Group Forum","robots":{"index":"index","follow":"follow","max-snippet":"max-snippet:-1","max-image-preview":"max-image-preview:large","max-video-preview":"max-video-preview:-1"},"canonical":"https:\/\/forum.schreiner-group.com\/de\/sicherheit-fuer-ein-natuerliches-fahrgefuehl\/","og_locale":"de_DE","og_type":"article","og_title":"Sicherheit und Wartung f\u00fcr leises E-Bike-Fahrgef\u00fchl.","og_description":"Sicherheit f\u00fcr E-Bike Antriebe: Leiser Riemenantrieb von Brose f\u00fcr nat\u00fcrliches Fahrgef\u00fchl mit manipulationsgesch\u00fctztem Label von Schreiner ProTech.","og_url":"https:\/\/forum.schreiner-group.com\/de\/sicherheit-fuer-ein-natuerliches-fahrgefuehl\/","og_site_name":"Schreiner Group Forum","article_published_time":"2020-07-13T09:48:10+00:00","article_modified_time":"2024-04-30T12:53:50+00:00","og_image":[{"width":1920,"height":1200,"url":"https:\/\/forum.schreiner-group.com\/wp-content\/uploads\/2020\/08\/Brose_Antriebstechnik-1.jpg","type":"image\/jpeg"}],"author":"vh@4korn.de","twitter_card":"summary_large_image","twitter_misc":{"Verfasst von":"vh@4korn.de","Gesch\u00e4tzte Lesezeit":"2\u00a0Minuten"},"schema":{"@context":"https:\/\/schema.org","@graph":[{"@type":"WebPage","@id":"https:\/\/forum.schreiner-group.com\/de\/sicherheit-fuer-ein-natuerliches-fahrgefuehl\/","url":"https:\/\/forum.schreiner-group.com\/de\/sicherheit-fuer-ein-natuerliches-fahrgefuehl\/","name":"Sicherheit f\u00fcr ein nat\u00fcrliches Fahrgef\u00fchl - Schreiner Group Forum","isPartOf":{"@id":"https:\/\/forum.schreiner-group.com\/de\/#website"},"primaryImageOfPage":{"@id":"https:\/\/forum.schreiner-group.com\/de\/sicherheit-fuer-ein-natuerliches-fahrgefuehl\/#primaryimage"},"image":{"@id":"https:\/\/forum.schreiner-group.com\/de\/sicherheit-fuer-ein-natuerliches-fahrgefuehl\/#primaryimage"},"thumbnailUrl":"https:\/\/forum.schreiner-group.com\/wp-content\/uploads\/2020\/08\/Brose_Antriebstechnik-1.jpg","datePublished":"2020-07-13T09:48:10+00:00","dateModified":"2024-04-30T12:53:50+00:00","author":{"@id":"https:\/\/forum.schreiner-group.com\/de\/#\/schema\/person\/7e48b07792c3e3014dcfd0ff403ece93"},"breadcrumb":{"@id":"https:\/\/forum.schreiner-group.com\/de\/sicherheit-fuer-ein-natuerliches-fahrgefuehl\/#breadcrumb"},"inLanguage":"de","potentialAction":[{"@type":"ReadAction","target":["https:\/\/forum.schreiner-group.com\/de\/sicherheit-fuer-ein-natuerliches-fahrgefuehl\/"]}]},{"@type":"ImageObject","inLanguage":"de","@id":"https:\/\/forum.schreiner-group.com\/de\/sicherheit-fuer-ein-natuerliches-fahrgefuehl\/#primaryimage","url":"https:\/\/forum.schreiner-group.com\/wp-content\/uploads\/2020\/08\/Brose_Antriebstechnik-1.jpg","contentUrl":"https:\/\/forum.schreiner-group.com\/wp-content\/uploads\/2020\/08\/Brose_Antriebstechnik-1.jpg","width":1920,"height":1200,"caption":"Weist die letzte Wartung sicher nach: Das Label f\u00fcr den Manipulations- und Erst\u00f6ffnungsschutz von Schreiner ProTech."},{"@type":"BreadcrumbList","@id":"https:\/\/forum.schreiner-group.com\/de\/sicherheit-fuer-ein-natuerliches-fahrgefuehl\/#breadcrumb","itemListElement":[{"@type":"ListItem","position":1,"name":"Startseite","item":"https:\/\/forum.schreiner-group.com\/de\/"},{"@type":"ListItem","position":2,"name":"Sicherheit f\u00fcr ein nat\u00fcrliches Fahrgef\u00fchl"}]},{"@type":"WebSite","@id":"https:\/\/forum.schreiner-group.com\/de\/#website","url":"https:\/\/forum.schreiner-group.com\/de\/","name":"Schreiner Group Forum","description":"","potentialAction":[{"@type":"SearchAction","target":{"@type":"EntryPoint","urlTemplate":"https:\/\/forum.schreiner-group.com\/de\/?s={search_term_string}"},"query-input":{"@type":"PropertyValueSpecification","valueRequired":true,"valueName":"search_term_string"}}],"inLanguage":"de"},{"@type":"Person","@id":"https:\/\/forum.schreiner-group.com\/de\/#\/schema\/person\/7e48b07792c3e3014dcfd0ff403ece93","name":"vh@4korn.de","image":{"@type":"ImageObject","inLanguage":"de","@id":"https:\/\/forum.schreiner-group.com\/de\/#\/schema\/person\/image\/","url":"https:\/\/secure.gravatar.com\/avatar\/fa6d8a1d5f1131c4069055c194207522?s=96&d=mm&r=g","contentUrl":"https:\/\/secure.gravatar.com\/avatar\/fa6d8a1d5f1131c4069055c194207522?s=96&d=mm&r=g","caption":"vh@4korn.de"},"sameAs":["https:\/\/forum.schreiner-group.de"],"url":"https:\/\/forum.schreiner-group.com\/de\/author\/vh4korn-de\/"}]}},"_links":{"self":[{"href":"https:\/\/forum.schreiner-group.com\/de\/wp-json\/wp\/v2\/posts\/5112","targetHints":{"allow":["GET"]}}],"collection":[{"href":"https:\/\/forum.schreiner-group.com\/de\/wp-json\/wp\/v2\/posts"}],"about":[{"href":"https:\/\/forum.schreiner-group.com\/de\/wp-json\/wp\/v2\/types\/post"}],"author":[{"embeddable":true,"href":"https:\/\/forum.schreiner-group.com\/de\/wp-json\/wp\/v2\/users\/1"}],"replies":[{"embeddable":true,"href":"https:\/\/forum.schreiner-group.com\/de\/wp-json\/wp\/v2\/comments?post=5112"}],"version-history":[{"count":14,"href":"https:\/\/forum.schreiner-group.com\/de\/wp-json\/wp\/v2\/posts\/5112\/revisions"}],"predecessor-version":[{"id":6378,"href":"https:\/\/forum.schreiner-group.com\/de\/wp-json\/wp\/v2\/posts\/5112\/revisions\/6378"}],"wp:featuredmedia":[{"embeddable":true,"href":"https:\/\/forum.schreiner-group.com\/de\/wp-json\/wp\/v2\/media\/6296"}],"wp:attachment":[{"href":"https:\/\/forum.schreiner-group.com\/de\/wp-json\/wp\/v2\/media?parent=5112"}],"wp:term":[{"taxonomy":"category","embeddable":true,"href":"https:\/\/forum.schreiner-group.com\/de\/wp-json\/wp\/v2\/categories?post=5112"},{"taxonomy":"post_tag","embeddable":true,"href":"https:\/\/forum.schreiner-group.com\/de\/wp-json\/wp\/v2\/tags?post=5112"}],"curies":[{"name":"wp","href":"https:\/\/api.w.org\/{rel}","templated":true}]}}