{"id":4775,"date":"2020-07-01T12:34:14","date_gmt":"2020-07-01T10:34:14","guid":{"rendered":"https:\/\/forum.schreiner-group.com\/?p=4775"},"modified":"2024-04-30T14:08:41","modified_gmt":"2024-04-30T12:08:41","slug":"digitaler-nachhaltigkeitsbericht","status":"publish","type":"post","link":"https:\/\/forum.schreiner-group.com\/de\/digitaler-nachhaltigkeitsbericht\/","title":{"rendered":"Digitaler Nachhaltigkeitsbericht"},"content":{"rendered":"<section class=\"wpb-content-wrapper\"><p>[vc_row full_width=&#8220;stretch_row_content_no_spaces&#8220; content_placement=&#8220;top&#8220; css=&#8220;.vc_custom_1594670382404{margin-top: 150px !important;}&#8220; parallax_background_image=&#8220;4764&#8243;][vc_column][vc_empty_space height=&#8220;615px&#8220;][\/vc_column][\/vc_row][vc_row css=&#8220;.vc_custom_1594636600423{background-color: #ffffff !important;}&#8220; el_class=&#8220;article_bighead&#8220;][vc_column][vc_custom_heading text=&#8220;SCHREINER GROUP&#8220; font_container=&#8220;tag:h2|text_align:center&#8220; use_theme_fonts=&#8220;yes&#8220; el_class=&#8220;topcategory&#8220;][vc_custom_heading text=&#8220;Digitaler Nachhaltigkeitsbericht&#8220; font_container=&#8220;tag:h1|text_align:center&#8220; use_theme_fonts=&#8220;yes&#8220;][\/vc_column][\/vc_row][vc_row css=&#8220;.vc_custom_1594671230172{background-color: #ffffff !important;}&#8220;][vc_column][vc_column_text]<strong>Seit fast 15 Jahren ver\u00f6ffentlicht die Schreiner Group allj\u00e4hrlich einen Nachhaltigkeitsbericht und zeigt, wie sie f\u00fcr Natur, Mensch und Gesellschaft Verantwortung \u00fcbernimmt. Dass Umweltschutz und Nachhaltigkeit f\u00fcr das Unternehmen mehr als nur lose Worth\u00fcllen sind, zeigen zahlreiche Beispiele: Das neueste B\u00fcrogeb\u00e4ude am Hauptsitz Oberschlei\u00dfheim wurde als Green Building errichtet, die CO2-Emissionen wurden in den vergangenen sieben Jahren um \u00fcber 70% reduziert und in zahlreichen Netzwerken und Verb\u00e4nden engagiert sich die Schreiner Group f\u00fcr Klimaschutz, Energieeffizienz und M\u00fcllvermeidung. Ein weiterer, kleiner Schritt in die klimaneutrale Zukunft wurde in diesem Jahr unternommen. Der Nachhaltigkeitsbericht wird zum ersten Mal seit seinem Erscheinen nicht gedruckt, sondern ist nur in digitaler Form erh\u00e4ltlich.<\/strong>[\/vc_column_text][vc_row_inner css=&#8220;.vc_custom_1594977179682{margin-top: 25px !important;}&#8220;][vc_column_inner width=&#8220;1\/2&#8243;][vc_column_text]Seit Anfang 2019 gehen regelm\u00e4\u00dfig Millionen junger Menschen weltweit auf die Stra\u00dfe, um f\u00fcr mehr Klima- und Umweltschutz zu demonstrieren.\u00a0Nach Vorbild der jungen Schwedin Greta Thunberg demonstrieren die Aktivisten der \u201eFridays for Future\u201c-Bewegung f\u00fcr die Einhaltung des Weltklimaabkommens und bringen ihren Unmut \u00fcber die bisherigen Ma\u00dfnahmen der Regierungen zum Ausdruck.<\/p>\n<p>Auch die Schreiner Group tr\u00e4gt Verantwortung \u2013 Verantwortung f\u00fcr ihre Mitarbeiter, Verantwortung f\u00fcr die Gesellschaft, Verantwortung f\u00fcr die Umwelt, Verantwortung f\u00fcr das Klima. Dieser Verantwortung stellt sich das Unternehmen jeden Tag. So war die Schreiner Group Ende vergangenen Jahres Mitgr\u00fcnderin des Unternehmensnetzwerks \u201eZero Waste\u201c. Ziel ist es M\u00fcll allgemein, besonders jedoch Einweg-Kunststoff zu reduzieren und zuk\u00fcnftig ganz zu vermeiden.[\/vc_column_text][\/vc_column_inner][vc_column_inner width=&#8220;1\/2&#8243;][vc_single_image image=&#8220;4764&#8243; img_size=&#8220;full&#8220; css_animation=&#8220;none&#8220; css=&#8220;.vc_custom_1594977156938{margin-top: 10px !important;}&#8220;][\/vc_column_inner][\/vc_row_inner][\/vc_column][\/vc_row][vc_row][vc_column][vc_custom_heading text=&#8220;Neue Ma\u00dfst\u00e4be&#8220; use_theme_fonts=&#8220;yes&#8220;][vc_column_text]Eine der neuesten Ma\u00dfnahmen betrifft jedoch den Nachhaltigkeitsbericht, in dem allj\u00e4hrlich die Bem\u00fchungen zusammengefasst werden, selbst. Bisher gab es immer auch eine gedruckte Ausgabe. Seit diesem Jahr wird der Nachhaltigkeitsbericht nur mehr als digitale Version ver\u00f6ffentlicht. Um eine optimale Lesbarkeit am Bildschirm zu garantieren, wurde der Nachhaltigkeitsbericht deshalb in diesem Jahr neu gestaltet und f\u00fcr das digitale Format optimiert. Digitalisierung und Umweltschutz gehen hier Hand in Hand. Falls Sie erfahren m\u00f6chten, welche Nachhaltigkeits-Themen f\u00fcr die Schreiner Group ganz oben stehen, nutzen Sie doch einfach den <a href=\"https:\/\/www.schreiner-group.com\/fileadmin\/assets\/downloads\/Nachhaltigkeitsbericht_Schreiner-Group_2021.pdf\" target=\"_blank\" rel=\"noopener noreferrer\">Link<\/a> und werfen Sie einen Blick in den neuen, digitalen Nachhaltigkeitsbericht.[\/vc_column_text][\/vc_column][\/vc_row]<\/p>\n<\/section>","protected":false},"excerpt":{"rendered":"<p>Seit fast 15 Jahren ver\u00f6ffentlicht die Schreiner Group allj\u00e4hrlich einen Nachhaltigkeitsbericht und zeigt, wie sie f\u00fcr Natur, Mensch und Gesellschaft Verantwortung \u00fcbernimmt. Dass Umweltschutz und Nachhaltigkeit f\u00fcr das Unternehmen mehr als nur lose Worth\u00fcllen sind, zeigen zahlreiche Beispiele: Das neueste B\u00fcrogeb\u00e4ude am Hauptsitz Oberschlei\u00dfheim wurde als Green Building errichtet, die CO2-Emissionen wurden in den vergangenen sieben Jahren um \u00fcber 70% reduziert und in zahlreichen Netzwerken und Verb\u00e4nden engagiert sich die Schreiner Group f\u00fcr Klimaschutz, Energieeffizienz und M\u00fcllvermeidung. Ein weiterer, kleiner Schritt in die klimaneutrale Zukunft wurde in diesem Jahr unternommen. Der Nachhaltigkeitsbericht wird zum ersten Mal seit seinem Erscheinen nicht gedruckt, sondern ist nur in digitaler Form erh\u00e4ltlich.<\/p>\n","protected":false},"author":1,"featured_media":4764,"comment_status":"closed","ping_status":"closed","sticky":false,"template":"","format":"standard","meta":{"inline_featured_image":false,"footnotes":""},"categories":[54],"tags":[217],"class_list":["post-4775","post","type-post","status-publish","format-standard","has-post-thumbnail","hentry","category-schreiner-group","tag-nachhaltigkeit"],"yoast_head":"<!-- This site is optimized with the Yoast SEO plugin v23.9 - https:\/\/yoast.com\/wordpress\/plugins\/seo\/ -->\n<title>Digitaler Nachhaltigkeitsbericht - Schreiner Group Forum<\/title>\n<meta name=\"robots\" content=\"index, follow, max-snippet:-1, max-image-preview:large, max-video-preview:-1\" \/>\n<link rel=\"canonical\" href=\"https:\/\/forum.schreiner-group.com\/de\/digitaler-nachhaltigkeitsbericht\/\" \/>\n<meta property=\"og:locale\" content=\"de_DE\" \/>\n<meta property=\"og:type\" content=\"article\" \/>\n<meta property=\"og:title\" content=\"Nachhaltigkeitsbericht: Umweltschutz, Klima, Gesellschaft.\" \/>\n<meta property=\"og:description\" content=\"Digitaler Nachhaltigkeitsbericht: Schreiner Group zeigt Verantwortung f\u00fcr Natur, Mensch und Gesellschaft durch CO2-Reduzierung und Green Building.\" \/>\n<meta property=\"og:url\" content=\"https:\/\/forum.schreiner-group.com\/de\/digitaler-nachhaltigkeitsbericht\/\" \/>\n<meta property=\"og:site_name\" content=\"Schreiner Group Forum\" \/>\n<meta property=\"article:published_time\" content=\"2020-07-01T10:34:14+00:00\" \/>\n<meta property=\"article:modified_time\" content=\"2024-04-30T12:08:41+00:00\" \/>\n<meta property=\"og:image\" content=\"https:\/\/forum.schreiner-group.com\/wp-content\/uploads\/2020\/07\/NHB_Print_Digital_Bild2557.jpg\" \/>\n\t<meta property=\"og:image:width\" content=\"1920\" \/>\n\t<meta property=\"og:image:height\" content=\"1280\" \/>\n\t<meta property=\"og:image:type\" content=\"image\/jpeg\" \/>\n<meta name=\"author\" content=\"vh@4korn.de\" \/>\n<meta name=\"twitter:card\" content=\"summary_large_image\" \/>\n<meta name=\"twitter:label1\" content=\"Verfasst von\" \/>\n\t<meta name=\"twitter:data1\" content=\"vh@4korn.de\" \/>\n\t<meta name=\"twitter:label2\" content=\"Gesch\u00e4tzte Lesezeit\" \/>\n\t<meta name=\"twitter:data2\" content=\"3\u00a0Minuten\" \/>\n<script type=\"application\/ld+json\" class=\"yoast-schema-graph\">{\"@context\":\"https:\/\/schema.org\",\"@graph\":[{\"@type\":\"WebPage\",\"@id\":\"https:\/\/forum.schreiner-group.com\/de\/digitaler-nachhaltigkeitsbericht\/\",\"url\":\"https:\/\/forum.schreiner-group.com\/de\/digitaler-nachhaltigkeitsbericht\/\",\"name\":\"Digitaler Nachhaltigkeitsbericht - Schreiner Group Forum\",\"isPartOf\":{\"@id\":\"https:\/\/forum.schreiner-group.com\/de\/#website\"},\"primaryImageOfPage\":{\"@id\":\"https:\/\/forum.schreiner-group.com\/de\/digitaler-nachhaltigkeitsbericht\/#primaryimage\"},\"image\":{\"@id\":\"https:\/\/forum.schreiner-group.com\/de\/digitaler-nachhaltigkeitsbericht\/#primaryimage\"},\"thumbnailUrl\":\"https:\/\/forum.schreiner-group.com\/wp-content\/uploads\/2020\/07\/NHB_Print_Digital_Bild2557.jpg\",\"datePublished\":\"2020-07-01T10:34:14+00:00\",\"dateModified\":\"2024-04-30T12:08:41+00:00\",\"author\":{\"@id\":\"https:\/\/forum.schreiner-group.com\/de\/#\/schema\/person\/7e48b07792c3e3014dcfd0ff403ece93\"},\"breadcrumb\":{\"@id\":\"https:\/\/forum.schreiner-group.com\/de\/digitaler-nachhaltigkeitsbericht\/#breadcrumb\"},\"inLanguage\":\"de\",\"potentialAction\":[{\"@type\":\"ReadAction\",\"target\":[\"https:\/\/forum.schreiner-group.com\/de\/digitaler-nachhaltigkeitsbericht\/\"]}]},{\"@type\":\"ImageObject\",\"inLanguage\":\"de\",\"@id\":\"https:\/\/forum.schreiner-group.com\/de\/digitaler-nachhaltigkeitsbericht\/#primaryimage\",\"url\":\"https:\/\/forum.schreiner-group.com\/wp-content\/uploads\/2020\/07\/NHB_Print_Digital_Bild2557.jpg\",\"contentUrl\":\"https:\/\/forum.schreiner-group.com\/wp-content\/uploads\/2020\/07\/NHB_Print_Digital_Bild2557.jpg\",\"width\":1920,\"height\":1280},{\"@type\":\"BreadcrumbList\",\"@id\":\"https:\/\/forum.schreiner-group.com\/de\/digitaler-nachhaltigkeitsbericht\/#breadcrumb\",\"itemListElement\":[{\"@type\":\"ListItem\",\"position\":1,\"name\":\"Startseite\",\"item\":\"https:\/\/forum.schreiner-group.com\/de\/\"},{\"@type\":\"ListItem\",\"position\":2,\"name\":\"Digitaler Nachhaltigkeitsbericht\"}]},{\"@type\":\"WebSite\",\"@id\":\"https:\/\/forum.schreiner-group.com\/de\/#website\",\"url\":\"https:\/\/forum.schreiner-group.com\/de\/\",\"name\":\"Schreiner Group Forum\",\"description\":\"\",\"potentialAction\":[{\"@type\":\"SearchAction\",\"target\":{\"@type\":\"EntryPoint\",\"urlTemplate\":\"https:\/\/forum.schreiner-group.com\/de\/?s={search_term_string}\"},\"query-input\":{\"@type\":\"PropertyValueSpecification\",\"valueRequired\":true,\"valueName\":\"search_term_string\"}}],\"inLanguage\":\"de\"},{\"@type\":\"Person\",\"@id\":\"https:\/\/forum.schreiner-group.com\/de\/#\/schema\/person\/7e48b07792c3e3014dcfd0ff403ece93\",\"name\":\"vh@4korn.de\",\"image\":{\"@type\":\"ImageObject\",\"inLanguage\":\"de\",\"@id\":\"https:\/\/forum.schreiner-group.com\/de\/#\/schema\/person\/image\/\",\"url\":\"https:\/\/secure.gravatar.com\/avatar\/fa6d8a1d5f1131c4069055c194207522?s=96&d=mm&r=g\",\"contentUrl\":\"https:\/\/secure.gravatar.com\/avatar\/fa6d8a1d5f1131c4069055c194207522?s=96&d=mm&r=g\",\"caption\":\"vh@4korn.de\"},\"sameAs\":[\"https:\/\/forum.schreiner-group.de\"],\"url\":\"https:\/\/forum.schreiner-group.com\/de\/author\/vh4korn-de\/\"}]}<\/script>\n<!-- \/ Yoast SEO plugin. -->","yoast_head_json":{"title":"Digitaler Nachhaltigkeitsbericht - Schreiner Group Forum","robots":{"index":"index","follow":"follow","max-snippet":"max-snippet:-1","max-image-preview":"max-image-preview:large","max-video-preview":"max-video-preview:-1"},"canonical":"https:\/\/forum.schreiner-group.com\/de\/digitaler-nachhaltigkeitsbericht\/","og_locale":"de_DE","og_type":"article","og_title":"Nachhaltigkeitsbericht: Umweltschutz, Klima, Gesellschaft.","og_description":"Digitaler Nachhaltigkeitsbericht: Schreiner Group zeigt Verantwortung f\u00fcr Natur, Mensch und Gesellschaft durch CO2-Reduzierung und Green Building.","og_url":"https:\/\/forum.schreiner-group.com\/de\/digitaler-nachhaltigkeitsbericht\/","og_site_name":"Schreiner Group Forum","article_published_time":"2020-07-01T10:34:14+00:00","article_modified_time":"2024-04-30T12:08:41+00:00","og_image":[{"width":1920,"height":1280,"url":"https:\/\/forum.schreiner-group.com\/wp-content\/uploads\/2020\/07\/NHB_Print_Digital_Bild2557.jpg","type":"image\/jpeg"}],"author":"vh@4korn.de","twitter_card":"summary_large_image","twitter_misc":{"Verfasst von":"vh@4korn.de","Gesch\u00e4tzte Lesezeit":"3\u00a0Minuten"},"schema":{"@context":"https:\/\/schema.org","@graph":[{"@type":"WebPage","@id":"https:\/\/forum.schreiner-group.com\/de\/digitaler-nachhaltigkeitsbericht\/","url":"https:\/\/forum.schreiner-group.com\/de\/digitaler-nachhaltigkeitsbericht\/","name":"Digitaler Nachhaltigkeitsbericht - Schreiner Group Forum","isPartOf":{"@id":"https:\/\/forum.schreiner-group.com\/de\/#website"},"primaryImageOfPage":{"@id":"https:\/\/forum.schreiner-group.com\/de\/digitaler-nachhaltigkeitsbericht\/#primaryimage"},"image":{"@id":"https:\/\/forum.schreiner-group.com\/de\/digitaler-nachhaltigkeitsbericht\/#primaryimage"},"thumbnailUrl":"https:\/\/forum.schreiner-group.com\/wp-content\/uploads\/2020\/07\/NHB_Print_Digital_Bild2557.jpg","datePublished":"2020-07-01T10:34:14+00:00","dateModified":"2024-04-30T12:08:41+00:00","author":{"@id":"https:\/\/forum.schreiner-group.com\/de\/#\/schema\/person\/7e48b07792c3e3014dcfd0ff403ece93"},"breadcrumb":{"@id":"https:\/\/forum.schreiner-group.com\/de\/digitaler-nachhaltigkeitsbericht\/#breadcrumb"},"inLanguage":"de","potentialAction":[{"@type":"ReadAction","target":["https:\/\/forum.schreiner-group.com\/de\/digitaler-nachhaltigkeitsbericht\/"]}]},{"@type":"ImageObject","inLanguage":"de","@id":"https:\/\/forum.schreiner-group.com\/de\/digitaler-nachhaltigkeitsbericht\/#primaryimage","url":"https:\/\/forum.schreiner-group.com\/wp-content\/uploads\/2020\/07\/NHB_Print_Digital_Bild2557.jpg","contentUrl":"https:\/\/forum.schreiner-group.com\/wp-content\/uploads\/2020\/07\/NHB_Print_Digital_Bild2557.jpg","width":1920,"height":1280},{"@type":"BreadcrumbList","@id":"https:\/\/forum.schreiner-group.com\/de\/digitaler-nachhaltigkeitsbericht\/#breadcrumb","itemListElement":[{"@type":"ListItem","position":1,"name":"Startseite","item":"https:\/\/forum.schreiner-group.com\/de\/"},{"@type":"ListItem","position":2,"name":"Digitaler Nachhaltigkeitsbericht"}]},{"@type":"WebSite","@id":"https:\/\/forum.schreiner-group.com\/de\/#website","url":"https:\/\/forum.schreiner-group.com\/de\/","name":"Schreiner Group Forum","description":"","potentialAction":[{"@type":"SearchAction","target":{"@type":"EntryPoint","urlTemplate":"https:\/\/forum.schreiner-group.com\/de\/?s={search_term_string}"},"query-input":{"@type":"PropertyValueSpecification","valueRequired":true,"valueName":"search_term_string"}}],"inLanguage":"de"},{"@type":"Person","@id":"https:\/\/forum.schreiner-group.com\/de\/#\/schema\/person\/7e48b07792c3e3014dcfd0ff403ece93","name":"vh@4korn.de","image":{"@type":"ImageObject","inLanguage":"de","@id":"https:\/\/forum.schreiner-group.com\/de\/#\/schema\/person\/image\/","url":"https:\/\/secure.gravatar.com\/avatar\/fa6d8a1d5f1131c4069055c194207522?s=96&d=mm&r=g","contentUrl":"https:\/\/secure.gravatar.com\/avatar\/fa6d8a1d5f1131c4069055c194207522?s=96&d=mm&r=g","caption":"vh@4korn.de"},"sameAs":["https:\/\/forum.schreiner-group.de"],"url":"https:\/\/forum.schreiner-group.com\/de\/author\/vh4korn-de\/"}]}},"_links":{"self":[{"href":"https:\/\/forum.schreiner-group.com\/de\/wp-json\/wp\/v2\/posts\/4775","targetHints":{"allow":["GET"]}}],"collection":[{"href":"https:\/\/forum.schreiner-group.com\/de\/wp-json\/wp\/v2\/posts"}],"about":[{"href":"https:\/\/forum.schreiner-group.com\/de\/wp-json\/wp\/v2\/types\/post"}],"author":[{"embeddable":true,"href":"https:\/\/forum.schreiner-group.com\/de\/wp-json\/wp\/v2\/users\/1"}],"replies":[{"embeddable":true,"href":"https:\/\/forum.schreiner-group.com\/de\/wp-json\/wp\/v2\/comments?post=4775"}],"version-history":[{"count":16,"href":"https:\/\/forum.schreiner-group.com\/de\/wp-json\/wp\/v2\/posts\/4775\/revisions"}],"predecessor-version":[{"id":9671,"href":"https:\/\/forum.schreiner-group.com\/de\/wp-json\/wp\/v2\/posts\/4775\/revisions\/9671"}],"wp:featuredmedia":[{"embeddable":true,"href":"https:\/\/forum.schreiner-group.com\/de\/wp-json\/wp\/v2\/media\/4764"}],"wp:attachment":[{"href":"https:\/\/forum.schreiner-group.com\/de\/wp-json\/wp\/v2\/media?parent=4775"}],"wp:term":[{"taxonomy":"category","embeddable":true,"href":"https:\/\/forum.schreiner-group.com\/de\/wp-json\/wp\/v2\/categories?post=4775"},{"taxonomy":"post_tag","embeddable":true,"href":"https:\/\/forum.schreiner-group.com\/de\/wp-json\/wp\/v2\/tags?post=4775"}],"curies":[{"name":"wp","href":"https:\/\/api.w.org\/{rel}","templated":true}]}}