{"id":14485,"date":"2025-05-28T14:26:39","date_gmt":"2025-05-28T12:26:39","guid":{"rendered":"https:\/\/forum.schreiner-group.com\/?p=14485"},"modified":"2025-05-28T14:26:39","modified_gmt":"2025-05-28T12:26:39","slug":"auf-erfolgskurs-nachhaltigkeit-als-strategie","status":"publish","type":"post","link":"https:\/\/forum.schreiner-group.com\/de\/auf-erfolgskurs-nachhaltigkeit-als-strategie\/","title":{"rendered":"Auf Erfolgskurs: Nachhaltigkeit als Strategie"},"content":{"rendered":"<section class=\"wpb-content-wrapper\"><p>[vc_row full_width=&#8220;stretch_row_content_no_spaces&#8220; content_placement=&#8220;top&#8220; css=&#8220;.vc_custom_1747235107244{margin-top: 150px !important;}&#8220; parallax_background_image=&#8220;14066&#8243;][vc_column][vc_empty_space height=&#8220;615px&#8220;][\/vc_column][\/vc_row][vc_row css=&#8220;.vc_custom_1606213327836{background-color: #ffffff !important;}&#8220; el_class=&#8220;article_bighead&#8220;][vc_column][vc_custom_heading text=&#8220;SCHREINER GROUP&#8220; font_container=&#8220;tag:h2|text_align:center&#8220; use_theme_fonts=&#8220;yes&#8220; el_class=&#8220;topcategory&#8220;][vc_custom_heading text=&#8220;Auf Erfolgskurs:<br \/>\nNachhaltigkeit als Strategie&#8220; font_container=&#8220;tag:h1|text_align:center&#8220; use_theme_fonts=&#8220;yes&#8220;][\/vc_column][\/vc_row][vc_row][vc_column][vc_column_text]<strong>Konkrete Ma\u00dfnahmen, ambitionierte Ziele und eine starke Werteorientierung: Seit Jahren hat die Schreiner Group Nachhaltigkeit und gesellschaftliche Verantwortung fest in ihrer Unternehmensstrategie verankert. In der Vergangenheit konnte das Unternehmen schon wichtige Meilensteine erreichen \u2013 und hat ganz konkrete Pl\u00e4ne f\u00fcr eine klimaneutrale Zukunft.<\/strong>[\/vc_column_text][vc_empty_space][\/vc_column][\/vc_row][vc_row][vc_column][vc_column_text]2024 er\u00f6ffnete die Schreiner Group ein eigenes W\u00e4rmepumpenhaus, wodurch sie am Hauptsitz inzwischen komplett auf Gas verzichtet. Das hat die CO<sub>2<\/sub>-Emissionen massiv gesenkt. Doch f\u00fcr das Unternehmen ist das noch nicht genug. Erst im Fr\u00fchjahr 2025 setzte die Schreiner Group ein bedeutsames Zeichen, indem sie ihre Klimaschutzziele bei der Science Based Targets Initiative (SBTi) einreichte. Ganz konkret sollen die CO<sub>2<\/sub>-Emissionen gem\u00e4\u00df Scope 1 und 2 bis 2030 im Vergleich zum Basisjahr 2022 um 80 Prozent sinken. Eine vollst\u00e4ndige Klimaneutralit\u00e4t will das Unternehmen bis 2045 erreichen. Diese Ziele sind von der SBTi bereits gepr\u00fcft und freigegeben.[\/vc_column_text][\/vc_column][\/vc_row][vc_row][vc_column width=&#8220;2\/3&#8243;][vc_column_text]Begleitet von j\u00e4hrlichen Berichten \u00fcber den Corporate Carbon Footprint (CCF) wird der Fortschritt kontinuierlich dokumentiert. Seit 2012 konnte die Schreiner Group die CO<sub>2<\/sub>-Emissionen gem\u00e4\u00df Scope 1 und 2 schon um 80 Prozent reduzieren. 2023 wurden dar\u00fcber hinaus die Scope-3-Emissionen um mehr als 10 Prozent gesenkt. Ein Trend, der sich auch 2024 erfolgreich fortgesetzt hat \u2013 und ein Ergebnis, das deutlich \u00fcber dem Durchschnitt anderer Unternehmen liegt. Zus\u00e4tzlich hat die Schreiner Group im ersten Halbjahr 2025 die Mitgliedschaft beim UN Global Compact beantragt. Diese weltweit gr\u00f6\u00dfte Initiative f\u00fcr nachhaltige Unternehmensf\u00fchrung unterst\u00fctzt Unternehmen dabei, die Nachhaltigkeitsziele umzusetzen. \u201eMit unserem Beitritt bekennen wir uns auch nach au\u00dfen dazu, wirtschaftlichen Erfolg mit gesellschaftlicher Verantwortung zu verbinden\u201c, erkl\u00e4rt Dr. Thomas Gulden, Nachhaltigkeitsbeauftragter der Schreiner Group.[\/vc_column_text][\/vc_column][vc_column width=&#8220;1\/3&#8243;][vc_empty_space height=&#8220;15px&#8220;][vc_single_image image=&#8220;14140&#8243; img_size=&#8220;medium&#8220; add_caption=&#8220;yes&#8220; onclick=&#8220;link_image&#8220; css_animation=&#8220;fadeIn&#8220;][\/vc_column][\/vc_row][vc_row][vc_column][vc_custom_heading text=&#8220;Das erfordert viel Engagement, aber die Erfolge best\u00e4tigen uns.&#8220; font_container=&#8220;tag:h2|text_align:left|color:%237cba35&#8243; google_fonts=&#8220;font_family:Lato%3A100%2C100italic%2C300%2C300italic%2Cregular%2Citalic%2C700%2C700italic%2C900%2C900italic|font_style:400%20regular%3A400%3Anormal&#8220;][vc_column_text]Die Nachhaltigkeitsleistungen der Schreiner Group wurden durch externe Bewertungsdienstleister anerkannt: Das Unternehmen erhielt erneut eine \u00fcberdurchschnittliche Bewertung von EcoVadis, ein A-Rating bei NQC Supplier Assurance und ein B-Rating bei CDP. \u201eDiese Ergebnisse sind eine Best\u00e4tigung unserer Strategie\u201c, sagt Dr. Thomas Gulden. \u201eSie zeigen, dass wir nicht nur ambitionierte Ziele setzen, sondern sie auch umsetzen. Es ist ein Ansporn f\u00fcr unser gesamtes Team, unseren Weg konsequent weiterzugehen.\u201c<\/p>\n<p>Die Schreiner Group hat nachhaltige Innovationen fest in ihre Prozesse integriert. Dazu z\u00e4hlen Investitionen in erneuerbare Energien, optimierte Produktionsprozesse und ein nachhaltigeres Lieferantenmanagement. \u201eWir arbeiten daran, nicht nur unsere direkten Emissionen zu senken, sondern auch entlang der gesamten Wertsch\u00f6pfungskette klimafreundlich zu agieren\u201c, erkl\u00e4rt Dr. Gulden. \u201eDas erfordert viel Engagement, aber die Erfolge best\u00e4tigen uns.\u201c<\/p>\n<p>Die Schreiner Group ist auf Kurs, ihre ambitionierten Ziele zu erreichen und dabei weiterhin Vorreiter in Sachen Nachhaltigkeit zu bleiben. \u201eUnsere Mission ist es, eine nachhaltige Zukunft zu gestalten \u2013 f\u00fcr unsere Kunden, unsere Mitarbeiter und die Gesellschaft insgesamt\u201c, fasst Dr. Thomas Gulden zusammen.[\/vc_column_text][\/vc_column][\/vc_row]<\/p>\n<\/section>","protected":false},"excerpt":{"rendered":"<p>Konkrete Ma\u00dfnahmen, ambitionierte Ziele und eine starke Werteorientierung: Seit Jahren hat die Schreiner Group Nachhaltigkeit und gesellschaftliche Verantwortung fest in ihrer Unternehmensstrategie verankert. In der Vergangenheit konnte das Unternehmen schon wichtige Meilensteine erreichen \u2013 und hat ganz konkrete Pl\u00e4ne f\u00fcr eine klimaneutrale Zukunft.<\/p>\n","protected":false},"author":2,"featured_media":14140,"comment_status":"closed","ping_status":"closed","sticky":false,"template":"","format":"standard","meta":{"inline_featured_image":false,"footnotes":""},"categories":[54],"tags":[217,227],"class_list":["post-14485","post","type-post","status-publish","format-standard","has-post-thumbnail","hentry","category-schreiner-group","tag-nachhaltigkeit","tag-standorte"],"yoast_head":"<!-- This site is optimized with the Yoast SEO plugin v23.9 - https:\/\/yoast.com\/wordpress\/plugins\/seo\/ -->\n<title>Auf Erfolgskurs: Nachhaltigkeit als Strategie - Schreiner Group Forum<\/title>\n<meta name=\"description\" content=\"Konkrete Ma\u00dfnahmen, ambitionierte Ziele und eine starke Werteorientierung: Seit Jahren hat die Schreiner Group Nachhaltigkeit und gesellschaftliche Verantwortung fest in ihrer Unternehmensstrategie verankert. In der Vergangenheit konnte das Unternehmen schon wichtige Meilensteine erreichen \u2013 und hat ganz konkrete Pl\u00e4ne f\u00fcr eine klimaneutrale Zukunft.\" \/>\n<meta name=\"robots\" content=\"index, follow, max-snippet:-1, max-image-preview:large, max-video-preview:-1\" \/>\n<link rel=\"canonical\" href=\"https:\/\/forum.schreiner-group.com\/de\/auf-erfolgskurs-nachhaltigkeit-als-strategie\/\" \/>\n<meta property=\"og:locale\" content=\"de_DE\" \/>\n<meta property=\"og:type\" content=\"article\" \/>\n<meta property=\"og:title\" content=\"Auf Erfolgskurs: Nachhaltigkeit als Strategie - Schreiner Group Forum\" \/>\n<meta property=\"og:description\" content=\"Konkrete Ma\u00dfnahmen, ambitionierte Ziele und eine starke Werteorientierung: Seit Jahren hat die Schreiner Group Nachhaltigkeit und gesellschaftliche Verantwortung fest in ihrer Unternehmensstrategie verankert. In der Vergangenheit konnte das Unternehmen schon wichtige Meilensteine erreichen \u2013 und hat ganz konkrete Pl\u00e4ne f\u00fcr eine klimaneutrale Zukunft.\" \/>\n<meta property=\"og:url\" content=\"https:\/\/forum.schreiner-group.com\/de\/auf-erfolgskurs-nachhaltigkeit-als-strategie\/\" \/>\n<meta property=\"og:site_name\" content=\"Schreiner Group Forum\" \/>\n<meta property=\"article:published_time\" content=\"2025-05-28T12:26:39+00:00\" \/>\n<meta property=\"og:image\" content=\"https:\/\/forum.schreiner-group.com\/wp-content\/uploads\/2025\/05\/schreiner-group-sustainability-strategy.jpg\" \/>\n\t<meta property=\"og:image:width\" content=\"1920\" \/>\n\t<meta property=\"og:image:height\" content=\"1280\" \/>\n\t<meta property=\"og:image:type\" content=\"image\/jpeg\" \/>\n<meta name=\"author\" content=\"markus.liedl@schreiner-group.com\" \/>\n<meta name=\"twitter:card\" content=\"summary_large_image\" \/>\n<meta name=\"twitter:label1\" content=\"Verfasst von\" \/>\n\t<meta name=\"twitter:data1\" content=\"markus.liedl@schreiner-group.com\" \/>\n\t<meta name=\"twitter:label2\" content=\"Gesch\u00e4tzte Lesezeit\" \/>\n\t<meta name=\"twitter:data2\" content=\"4\u00a0Minuten\" \/>\n<script type=\"application\/ld+json\" class=\"yoast-schema-graph\">{\"@context\":\"https:\/\/schema.org\",\"@graph\":[{\"@type\":\"WebPage\",\"@id\":\"https:\/\/forum.schreiner-group.com\/de\/auf-erfolgskurs-nachhaltigkeit-als-strategie\/\",\"url\":\"https:\/\/forum.schreiner-group.com\/de\/auf-erfolgskurs-nachhaltigkeit-als-strategie\/\",\"name\":\"Auf Erfolgskurs: Nachhaltigkeit als Strategie - Schreiner Group Forum\",\"isPartOf\":{\"@id\":\"https:\/\/forum.schreiner-group.com\/de\/#website\"},\"primaryImageOfPage\":{\"@id\":\"https:\/\/forum.schreiner-group.com\/de\/auf-erfolgskurs-nachhaltigkeit-als-strategie\/#primaryimage\"},\"image\":{\"@id\":\"https:\/\/forum.schreiner-group.com\/de\/auf-erfolgskurs-nachhaltigkeit-als-strategie\/#primaryimage\"},\"thumbnailUrl\":\"https:\/\/forum.schreiner-group.com\/wp-content\/uploads\/2025\/05\/schreiner-group-sustainability-strategy.jpg\",\"datePublished\":\"2025-05-28T12:26:39+00:00\",\"dateModified\":\"2025-05-28T12:26:39+00:00\",\"author\":{\"@id\":\"https:\/\/forum.schreiner-group.com\/de\/#\/schema\/person\/bd0e2515cfe9118ea30379405cb6f7dc\"},\"description\":\"Konkrete Ma\u00dfnahmen, ambitionierte Ziele und eine starke Werteorientierung: Seit Jahren hat die Schreiner Group Nachhaltigkeit und gesellschaftliche Verantwortung fest in ihrer Unternehmensstrategie verankert. In der Vergangenheit konnte das Unternehmen schon wichtige Meilensteine erreichen \u2013 und hat ganz konkrete Pl\u00e4ne f\u00fcr eine klimaneutrale Zukunft.\",\"breadcrumb\":{\"@id\":\"https:\/\/forum.schreiner-group.com\/de\/auf-erfolgskurs-nachhaltigkeit-als-strategie\/#breadcrumb\"},\"inLanguage\":\"de\",\"potentialAction\":[{\"@type\":\"ReadAction\",\"target\":[\"https:\/\/forum.schreiner-group.com\/de\/auf-erfolgskurs-nachhaltigkeit-als-strategie\/\"]}]},{\"@type\":\"ImageObject\",\"inLanguage\":\"de\",\"@id\":\"https:\/\/forum.schreiner-group.com\/de\/auf-erfolgskurs-nachhaltigkeit-als-strategie\/#primaryimage\",\"url\":\"https:\/\/forum.schreiner-group.com\/wp-content\/uploads\/2025\/05\/schreiner-group-sustainability-strategy.jpg\",\"contentUrl\":\"https:\/\/forum.schreiner-group.com\/wp-content\/uploads\/2025\/05\/schreiner-group-sustainability-strategy.jpg\",\"width\":1920,\"height\":1280},{\"@type\":\"BreadcrumbList\",\"@id\":\"https:\/\/forum.schreiner-group.com\/de\/auf-erfolgskurs-nachhaltigkeit-als-strategie\/#breadcrumb\",\"itemListElement\":[{\"@type\":\"ListItem\",\"position\":1,\"name\":\"Startseite\",\"item\":\"https:\/\/forum.schreiner-group.com\/de\/\"},{\"@type\":\"ListItem\",\"position\":2,\"name\":\"Auf Erfolgskurs: Nachhaltigkeit als Strategie\"}]},{\"@type\":\"WebSite\",\"@id\":\"https:\/\/forum.schreiner-group.com\/de\/#website\",\"url\":\"https:\/\/forum.schreiner-group.com\/de\/\",\"name\":\"Schreiner Group Forum\",\"description\":\"\",\"potentialAction\":[{\"@type\":\"SearchAction\",\"target\":{\"@type\":\"EntryPoint\",\"urlTemplate\":\"https:\/\/forum.schreiner-group.com\/de\/?s={search_term_string}\"},\"query-input\":{\"@type\":\"PropertyValueSpecification\",\"valueRequired\":true,\"valueName\":\"search_term_string\"}}],\"inLanguage\":\"de\"},{\"@type\":\"Person\",\"@id\":\"https:\/\/forum.schreiner-group.com\/de\/#\/schema\/person\/bd0e2515cfe9118ea30379405cb6f7dc\",\"name\":\"markus.liedl@schreiner-group.com\",\"image\":{\"@type\":\"ImageObject\",\"inLanguage\":\"de\",\"@id\":\"https:\/\/forum.schreiner-group.com\/de\/#\/schema\/person\/image\/\",\"url\":\"https:\/\/secure.gravatar.com\/avatar\/e83202ed81ba95ae0113c3f2d897918a?s=96&d=mm&r=g\",\"contentUrl\":\"https:\/\/secure.gravatar.com\/avatar\/e83202ed81ba95ae0113c3f2d897918a?s=96&d=mm&r=g\",\"caption\":\"markus.liedl@schreiner-group.com\"},\"url\":\"https:\/\/forum.schreiner-group.com\/de\/author\/markus-liedlschreiner-group-de\/\"}]}<\/script>\n<!-- \/ Yoast SEO plugin. -->","yoast_head_json":{"title":"Auf Erfolgskurs: Nachhaltigkeit als Strategie - Schreiner Group Forum","description":"Konkrete Ma\u00dfnahmen, ambitionierte Ziele und eine starke Werteorientierung: Seit Jahren hat die Schreiner Group Nachhaltigkeit und gesellschaftliche Verantwortung fest in ihrer Unternehmensstrategie verankert. In der Vergangenheit konnte das Unternehmen schon wichtige Meilensteine erreichen \u2013 und hat ganz konkrete Pl\u00e4ne f\u00fcr eine klimaneutrale Zukunft.","robots":{"index":"index","follow":"follow","max-snippet":"max-snippet:-1","max-image-preview":"max-image-preview:large","max-video-preview":"max-video-preview:-1"},"canonical":"https:\/\/forum.schreiner-group.com\/de\/auf-erfolgskurs-nachhaltigkeit-als-strategie\/","og_locale":"de_DE","og_type":"article","og_title":"Auf Erfolgskurs: Nachhaltigkeit als Strategie - Schreiner Group Forum","og_description":"Konkrete Ma\u00dfnahmen, ambitionierte Ziele und eine starke Werteorientierung: Seit Jahren hat die Schreiner Group Nachhaltigkeit und gesellschaftliche Verantwortung fest in ihrer Unternehmensstrategie verankert. In der Vergangenheit konnte das Unternehmen schon wichtige Meilensteine erreichen \u2013 und hat ganz konkrete Pl\u00e4ne f\u00fcr eine klimaneutrale Zukunft.","og_url":"https:\/\/forum.schreiner-group.com\/de\/auf-erfolgskurs-nachhaltigkeit-als-strategie\/","og_site_name":"Schreiner Group Forum","article_published_time":"2025-05-28T12:26:39+00:00","og_image":[{"width":1920,"height":1280,"url":"https:\/\/forum.schreiner-group.com\/wp-content\/uploads\/2025\/05\/schreiner-group-sustainability-strategy.jpg","type":"image\/jpeg"}],"author":"markus.liedl@schreiner-group.com","twitter_card":"summary_large_image","twitter_misc":{"Verfasst von":"markus.liedl@schreiner-group.com","Gesch\u00e4tzte Lesezeit":"4\u00a0Minuten"},"schema":{"@context":"https:\/\/schema.org","@graph":[{"@type":"WebPage","@id":"https:\/\/forum.schreiner-group.com\/de\/auf-erfolgskurs-nachhaltigkeit-als-strategie\/","url":"https:\/\/forum.schreiner-group.com\/de\/auf-erfolgskurs-nachhaltigkeit-als-strategie\/","name":"Auf Erfolgskurs: Nachhaltigkeit als Strategie - Schreiner Group Forum","isPartOf":{"@id":"https:\/\/forum.schreiner-group.com\/de\/#website"},"primaryImageOfPage":{"@id":"https:\/\/forum.schreiner-group.com\/de\/auf-erfolgskurs-nachhaltigkeit-als-strategie\/#primaryimage"},"image":{"@id":"https:\/\/forum.schreiner-group.com\/de\/auf-erfolgskurs-nachhaltigkeit-als-strategie\/#primaryimage"},"thumbnailUrl":"https:\/\/forum.schreiner-group.com\/wp-content\/uploads\/2025\/05\/schreiner-group-sustainability-strategy.jpg","datePublished":"2025-05-28T12:26:39+00:00","dateModified":"2025-05-28T12:26:39+00:00","author":{"@id":"https:\/\/forum.schreiner-group.com\/de\/#\/schema\/person\/bd0e2515cfe9118ea30379405cb6f7dc"},"description":"Konkrete Ma\u00dfnahmen, ambitionierte Ziele und eine starke Werteorientierung: Seit Jahren hat die Schreiner Group Nachhaltigkeit und gesellschaftliche Verantwortung fest in ihrer Unternehmensstrategie verankert. In der Vergangenheit konnte das Unternehmen schon wichtige Meilensteine erreichen \u2013 und hat ganz konkrete Pl\u00e4ne f\u00fcr eine klimaneutrale Zukunft.","breadcrumb":{"@id":"https:\/\/forum.schreiner-group.com\/de\/auf-erfolgskurs-nachhaltigkeit-als-strategie\/#breadcrumb"},"inLanguage":"de","potentialAction":[{"@type":"ReadAction","target":["https:\/\/forum.schreiner-group.com\/de\/auf-erfolgskurs-nachhaltigkeit-als-strategie\/"]}]},{"@type":"ImageObject","inLanguage":"de","@id":"https:\/\/forum.schreiner-group.com\/de\/auf-erfolgskurs-nachhaltigkeit-als-strategie\/#primaryimage","url":"https:\/\/forum.schreiner-group.com\/wp-content\/uploads\/2025\/05\/schreiner-group-sustainability-strategy.jpg","contentUrl":"https:\/\/forum.schreiner-group.com\/wp-content\/uploads\/2025\/05\/schreiner-group-sustainability-strategy.jpg","width":1920,"height":1280},{"@type":"BreadcrumbList","@id":"https:\/\/forum.schreiner-group.com\/de\/auf-erfolgskurs-nachhaltigkeit-als-strategie\/#breadcrumb","itemListElement":[{"@type":"ListItem","position":1,"name":"Startseite","item":"https:\/\/forum.schreiner-group.com\/de\/"},{"@type":"ListItem","position":2,"name":"Auf Erfolgskurs: Nachhaltigkeit als Strategie"}]},{"@type":"WebSite","@id":"https:\/\/forum.schreiner-group.com\/de\/#website","url":"https:\/\/forum.schreiner-group.com\/de\/","name":"Schreiner Group Forum","description":"","potentialAction":[{"@type":"SearchAction","target":{"@type":"EntryPoint","urlTemplate":"https:\/\/forum.schreiner-group.com\/de\/?s={search_term_string}"},"query-input":{"@type":"PropertyValueSpecification","valueRequired":true,"valueName":"search_term_string"}}],"inLanguage":"de"},{"@type":"Person","@id":"https:\/\/forum.schreiner-group.com\/de\/#\/schema\/person\/bd0e2515cfe9118ea30379405cb6f7dc","name":"markus.liedl@schreiner-group.com","image":{"@type":"ImageObject","inLanguage":"de","@id":"https:\/\/forum.schreiner-group.com\/de\/#\/schema\/person\/image\/","url":"https:\/\/secure.gravatar.com\/avatar\/e83202ed81ba95ae0113c3f2d897918a?s=96&d=mm&r=g","contentUrl":"https:\/\/secure.gravatar.com\/avatar\/e83202ed81ba95ae0113c3f2d897918a?s=96&d=mm&r=g","caption":"markus.liedl@schreiner-group.com"},"url":"https:\/\/forum.schreiner-group.com\/de\/author\/markus-liedlschreiner-group-de\/"}]}},"_links":{"self":[{"href":"https:\/\/forum.schreiner-group.com\/de\/wp-json\/wp\/v2\/posts\/14485","targetHints":{"allow":["GET"]}}],"collection":[{"href":"https:\/\/forum.schreiner-group.com\/de\/wp-json\/wp\/v2\/posts"}],"about":[{"href":"https:\/\/forum.schreiner-group.com\/de\/wp-json\/wp\/v2\/types\/post"}],"author":[{"embeddable":true,"href":"https:\/\/forum.schreiner-group.com\/de\/wp-json\/wp\/v2\/users\/2"}],"replies":[{"embeddable":true,"href":"https:\/\/forum.schreiner-group.com\/de\/wp-json\/wp\/v2\/comments?post=14485"}],"version-history":[{"count":2,"href":"https:\/\/forum.schreiner-group.com\/de\/wp-json\/wp\/v2\/posts\/14485\/revisions"}],"predecessor-version":[{"id":14491,"href":"https:\/\/forum.schreiner-group.com\/de\/wp-json\/wp\/v2\/posts\/14485\/revisions\/14491"}],"wp:featuredmedia":[{"embeddable":true,"href":"https:\/\/forum.schreiner-group.com\/de\/wp-json\/wp\/v2\/media\/14140"}],"wp:attachment":[{"href":"https:\/\/forum.schreiner-group.com\/de\/wp-json\/wp\/v2\/media?parent=14485"}],"wp:term":[{"taxonomy":"category","embeddable":true,"href":"https:\/\/forum.schreiner-group.com\/de\/wp-json\/wp\/v2\/categories?post=14485"},{"taxonomy":"post_tag","embeddable":true,"href":"https:\/\/forum.schreiner-group.com\/de\/wp-json\/wp\/v2\/tags?post=14485"}],"curies":[{"name":"wp","href":"https:\/\/api.w.org\/{rel}","templated":true}]}}