{"id":13794,"date":"2024-11-12T12:56:51","date_gmt":"2024-11-12T11:56:51","guid":{"rendered":"https:\/\/forum.schreiner-group.com\/?p=13794"},"modified":"2024-11-12T12:56:51","modified_gmt":"2024-11-12T11:56:51","slug":"dorfen-von-grossen-plaenen-und-offenen-tueren","status":"publish","type":"post","link":"https:\/\/forum.schreiner-group.com\/de\/dorfen-von-grossen-plaenen-und-offenen-tueren\/","title":{"rendered":"Dorfen: Von gro\u00dfen Pl\u00e4nen und offenen T\u00fcren"},"content":{"rendered":"<section class=\"wpb-content-wrapper\"><p>[vc_row full_width=&#8220;stretch_row_content_no_spaces&#8220; content_placement=&#8220;top&#8220; css=&#8220;.vc_custom_1731339420333{margin-top: 150px !important;}&#8220; parallax_background_image=&#8220;13705&#8243;][vc_column][vc_empty_space height=&#8220;615px&#8220;][\/vc_column][\/vc_row][vc_row css=&#8220;.vc_custom_1596612545427{background-color: #ffffff !important;}&#8220; el_class=&#8220;article_bighead&#8220;][vc_column][vc_custom_heading text=&#8220;SCHREINER GROUP&#8220; font_container=&#8220;tag:h2|text_align:center&#8220; use_theme_fonts=&#8220;yes&#8220; el_class=&#8220;topcategory&#8220;][vc_custom_heading text=&#8220;Dorfen: Von gro\u00dfen Pl\u00e4nen und offenen T\u00fcren&#8220; font_container=&#8220;tag:h1|text_align:center&#8220; use_theme_fonts=&#8220;yes&#8220;][\/vc_column][\/vc_row][vc_row css=&#8220;.vc_custom_1594633744978{padding-bottom: 3% !important;}&#8220;][vc_column][vc_custom_heading text=&#8220;2.000 Quadratmeter&#8220; font_container=&#8220;tag:h2|text_align:left|color:%23004a9b&#8220; google_fonts=&#8220;font_family:Lato%3A100%2C100italic%2C300%2C300italic%2Cregular%2Citalic%2C700%2C700italic%2C900%2C900italic|font_style:400%20regular%3A400%3Anormal&#8220;][vc_column_text]<strong>Dorfen w\u00e4chst weiter: Nur f\u00fcnf Jahre nach seiner Gr\u00fcndung baut die Schreiner Group den Standort Dorfen deutlich aus. Beim Spatenstich zeigten sich B\u00fcrgermeister und Landrat tief beeindruckt.<\/strong>[\/vc_column_text][\/vc_column][\/vc_row][vc_row][vc_column][vc_column_text]Wenn f\u00fcnf Spaten im Einsatz sind, ist jedem klar: Hier ist Gro\u00dfes geplant. Gesch\u00e4ftsf\u00fchrer Roland Schreiner buddelt gemeinsam mit Werksleiter Erich Pably, Facility-Management-Leiter Wolfgang Bonnet, dem Erdinger Landrat Martin Bayerstorfer und Dorfens erstem B\u00fcrgermeister Heinz Grundner das erste Loch f\u00fcr den Anbau in Dorfen. Erst 2019 gegr\u00fcndet, ist der Standort f\u00fcr die Schreiner Group schon wieder zu klein. Also vergr\u00f6\u00dfert das Familienunternehmen sein Werk nach nur f\u00fcnf Jahren.[\/vc_column_text][\/vc_column][\/vc_row][vc_row][vc_column width=&#8220;1\/2&#8243;][vc_empty_space height=&#8220;30px&#8220;][vc_single_image image=&#8220;13719&#8243; img_size=&#8220;full&#8220; add_caption=&#8220;yes&#8220; onclick=&#8220;link_image&#8220; css_animation=&#8220;fadeIn&#8220;][vc_empty_space height=&#8220;15px&#8220;][\/vc_column][vc_column width=&#8220;1\/2&#8243;][vc_empty_space height=&#8220;15px&#8220;][vc_column_text]<strong>Der ideale Standort<\/strong><\/p>\n<p>\u201eMit Dorfen haben wir einen idealen Standort f\u00fcr unsere Produktion\u201c, freut sich Gesch\u00e4ftsf\u00fchrer Roland Schreiner zusammen mit seinem Vater Helmut Schreiner, der als Seniorgesellschafter und Bauherr den Anbau verantwortet. \u201eDass wir nach nur f\u00fcnf Jahren das Werk erweitern m\u00fcssen, ist ein riesiger Erfolg f\u00fcr uns.\u201c 2019 war die Schreiner Group mit 25 Mitarbeitern in Dorfen gestartet \u2013 heute arbeiten mehr als 90 Personen hier. Inzwischen wird jeder der knapp 5.000 Quadratmeter genutzt.[\/vc_column_text][\/vc_column][\/vc_row][vc_row css=&#8220;.vc_custom_1594633744978{padding-bottom: 3% !important;}&#8220;][vc_column][vc_column_text]\u201eDer Landkreis Erding hat eine der niedrigsten Arbeitslosenquoten in ganz Deutschland, und das bei einer wachsenden Bev\u00f6lkerung\u201c, sagt Landrat Martin Bayerstorfer. \u201eWarum das so ist, sehen wir heute mit dem erfolgreichen Wachstum eines Branchenleaders wie der Schreiner Group ganz deutlich.\u201c Auch B\u00fcrgermeister Grundner zeigte sich vom Wachstum sehr beeindruckt: \u201eF\u00fcr den Wirtschaftsstandort Dorfen ist es ein gro\u00dfartiges Zeichen, dass wir mit der Schreiner Group nicht nur ein international erfolgreiches Unternehmen f\u00fcr Dorfen gewinnen konnten, sondern dass sie mit ihren Zukunftspl\u00e4nen auch weiter in Dorfen investiert und den Standort weiter st\u00e4rkt.\u201c[\/vc_column_text][\/vc_column][\/vc_row][vc_row][vc_column width=&#8220;1\/2&#8243;][vc_column_text]<strong>40 Prozent mehr Fl\u00e4che<\/strong><\/p>\n<p>Was die Schreiner Group mit dem Anbau plant, fasst Werksleiter Erich Pably zusammen: \u201eWir haben mehr Platz f\u00fcr Druck- und Weiterverarbeitungsmaschinen, Sozialr\u00e4ume, Wareneingang und Warenausgang, Farblager, Farblabore und f\u00fcr ein neues Regallager, das mit einem modernen fahrerlosen Transportsystem (FTS) kombiniert wird.\u201c Insgesamt w\u00e4chst die Produktionsfl\u00e4che um fast 2.000 Quadratmeter \u2013 und vergr\u00f6\u00dfert sich damit um knapp<br \/>\n40 Prozent.[\/vc_column_text][\/vc_column][vc_column width=&#8220;1\/2&#8243;][vc_empty_space height=&#8220;15px&#8220;][vc_single_image image=&#8220;13721&#8243; img_size=&#8220;full&#8220; onclick=&#8220;link_image&#8220; css_animation=&#8220;fadeIn&#8220;][\/vc_column][\/vc_row][vc_row css=&#8220;.vc_custom_1594633744978{padding-bottom: 3% !important;}&#8220;][vc_column][vc_empty_space height=&#8220;30px&#8220;][vc_custom_heading text=&#8220;1.000 Besucher&#8220; font_container=&#8220;tag:h2|text_align:left|color:%237cba35&#8243; google_fonts=&#8220;font_family:Lato%3A100%2C100italic%2C300%2C300italic%2Cregular%2Citalic%2C700%2C700italic%2C900%2C900italic|font_style:400%20regular%3A400%3Anormal&#8220;][vc_column_text]<strong>Sehen, schmecken, f\u00fchlen: Beim Tag der offenen T\u00fcr im Werk Dorfen konnten die Besucher die Schreiner Group auf vielf\u00e4ltige Art erleben. F\u00fcr Kinder gab es ein ganz besonderes Highlight.<\/strong>[\/vc_column_text][vc_column_text]Mit so einem gro\u00dfen Andrang hatte niemand gerechnet: Knapp 1.000 Besucher str\u00f6mten im Fr\u00fchling an den Standort Dorfen. Zum ersten Mal hatte die Schreiner Group ihr zweites deutsches Werk f\u00fcr die \u00d6ffentlichkeit aufgesperrt. Gemeinsam mit der Firmengruppe Robert Decker und anderen Unternehmen im S\u00fcden Dorfens veranstaltete sie den Tag der offenen T\u00fcr.[\/vc_column_text][\/vc_column][\/vc_row][vc_row][vc_column width=&#8220;1\/2&#8243;][vc_column_text]<strong>Mit eigenen Augen<\/strong><\/p>\n<p>\u201eImmer wieder wurde ich gefragt: Was macht ihr denn eigentlich?&#8220;, erz\u00e4hlt Erich Pably, Werksleiter in Dorfen. \u201eDa wollten wir den Menschen die M\u00f6glichkeit geben, sich selbst ein Bild zu machen.\u201c Denn bei Hightech-Labels f\u00fcr die pharmazeutische Industrie kann sich kaum jemand vorstellen, wie die Produktion aussieht. Doch mit eigenen Augen die 25 Meter langen Maschinen zu sehen und die Druckformen aus Gummi f\u00fcr Flexodruck und Polyester f\u00fcr Siebdruck anzufassen, l\u00e4sst die Herstellung lebendig werden.[\/vc_column_text][\/vc_column][vc_column width=&#8220;1\/2&#8243;][vc_empty_space height=&#8220;15px&#8220;][vc_single_image image=&#8220;13723&#8243; img_size=&#8220;full&#8220; onclick=&#8220;link_image&#8220; css_animation=&#8220;fadeIn&#8220;][\/vc_column][\/vc_row][vc_row][vc_column width=&#8220;1\/2&#8243;][vc_empty_space height=&#8220;15px&#8220;][vc_single_image image=&#8220;13711&#8243; img_size=&#8220;full&#8220; onclick=&#8220;link_image&#8220; css_animation=&#8220;fadeIn&#8220;][\/vc_column][vc_column width=&#8220;1\/2&#8243;][vc_empty_space height=&#8220;15px&#8220;][vc_single_image image=&#8220;13713&#8243; img_size=&#8220;full&#8220; onclick=&#8220;link_image&#8220; css_animation=&#8220;fadeIn&#8220;][\/vc_column][\/vc_row][vc_row][vc_column width=&#8220;1\/4&#8243;][vc_empty_space height=&#8220;30px&#8220;][vc_single_image image=&#8220;13715&#8243; img_size=&#8220;medium&#8220; onclick=&#8220;link_image&#8220; css_animation=&#8220;fadeIn&#8220;][\/vc_column][vc_column width=&#8220;1\/4&#8243;][vc_empty_space height=&#8220;30px&#8220;][vc_single_image image=&#8220;13717&#8243; img_size=&#8220;full&#8220; onclick=&#8220;link_image&#8220; css_animation=&#8220;fadeIn&#8220;][\/vc_column][vc_column width=&#8220;1\/2&#8243;][vc_empty_space height=&#8220;15px&#8220;][vc_column_text]<strong>F\u00fcr Gro\u00df und Klein<\/strong><\/p>\n<p>Und die Besucher legten auch selbst Hand an: Besonders f\u00fcr die Kinder war es das Highlight, eine Tasche selbst zu bedrucken. Mit einem Werkzeug dr\u00fcckten sie die Farbe vorsichtig durch ein engmaschiges Gewebe. So lernten die Kleinen spielerisch, wie Siebdruck funktioniert. Au\u00dferdem konnten sich die Besucher \u00fcber alle Produkte und die Jobs bei der Schreiner Group informieren \u2013 und bei Snacks, Eis und erfrischenden Getr\u00e4nken verschnaufen. Ein rundum gelungener Tag, an dem keine Frage offenblieb.[\/vc_column_text][\/vc_column][\/vc_row][vc_row][vc_column width=&#8220;1\/2&#8243;][\/vc_column][vc_column width=&#8220;1\/2&#8243;][\/vc_column][\/vc_row]<\/p>\n<\/section>","protected":false},"excerpt":{"rendered":"<p>Dorfen w\u00e4chst weiter: Nur f\u00fcnf Jahre nach seiner Gr\u00fcndung baut die Schreiner Group den Standort Dorfen deutlich aus. Beim Spatenstich zeigten sich B\u00fcrgermeister und Landrat tief beeindruckt. Beim Tag der offenen T\u00fcr im Werk Dorfen konnten die Besucher die Schreiner Group auf vielf\u00e4ltige Art erleben. F\u00fcr Kinder gab es ein ganz besonderes Highlight.<\/p>\n","protected":false},"author":2,"featured_media":13719,"comment_status":"closed","ping_status":"closed","sticky":false,"template":"","format":"standard","meta":{"inline_featured_image":false,"footnotes":""},"categories":[54],"tags":[227],"class_list":["post-13794","post","type-post","status-publish","format-standard","has-post-thumbnail","hentry","category-schreiner-group","tag-standorte"],"yoast_head":"<!-- This site is optimized with the Yoast SEO plugin v23.9 - https:\/\/yoast.com\/wordpress\/plugins\/seo\/ -->\n<title>Dorfen: Von gro\u00dfen Pl\u00e4nen und offenen T\u00fcren - Schreiner Group Forum<\/title>\n<meta name=\"description\" content=\"Dorfen w\u00e4chst weiter: Nur f\u00fcnf Jahre nach seiner Gr\u00fcndung baut die Schreiner Group den Standort Dorfen deutlich aus. Beim Spatenstich zeigten sich B\u00fcrgermeister und Landrat tief beeindruckt. Beim Tag der offenen T\u00fcr im Werk Dorfen konnten die Besucher die Schreiner Group auf vielf\u00e4ltige Art erleben. F\u00fcr Kinder gab es ein ganz besonderes Highlight.\" \/>\n<meta name=\"robots\" content=\"index, follow, max-snippet:-1, max-image-preview:large, max-video-preview:-1\" \/>\n<link rel=\"canonical\" href=\"https:\/\/forum.schreiner-group.com\/de\/dorfen-von-grossen-plaenen-und-offenen-tueren\/\" \/>\n<meta property=\"og:locale\" content=\"de_DE\" \/>\n<meta property=\"og:type\" content=\"article\" \/>\n<meta property=\"og:title\" content=\"Dorfen: Von gro\u00dfen Pl\u00e4nen und offenen T\u00fcren - Schreiner Group Forum\" \/>\n<meta property=\"og:description\" content=\"Dorfen w\u00e4chst weiter: Nur f\u00fcnf Jahre nach seiner Gr\u00fcndung baut die Schreiner Group den Standort Dorfen deutlich aus. Beim Spatenstich zeigten sich B\u00fcrgermeister und Landrat tief beeindruckt. Beim Tag der offenen T\u00fcr im Werk Dorfen konnten die Besucher die Schreiner Group auf vielf\u00e4ltige Art erleben. F\u00fcr Kinder gab es ein ganz besonderes Highlight.\" \/>\n<meta property=\"og:url\" content=\"https:\/\/forum.schreiner-group.com\/de\/dorfen-von-grossen-plaenen-und-offenen-tueren\/\" \/>\n<meta property=\"og:site_name\" content=\"Schreiner Group Forum\" \/>\n<meta property=\"article:published_time\" content=\"2024-11-12T11:56:51+00:00\" \/>\n<meta property=\"og:image\" content=\"https:\/\/forum.schreiner-group.com\/wp-content\/uploads\/2024\/11\/schreiner-group-dorfen-major.jpg\" \/>\n\t<meta property=\"og:image:width\" content=\"1920\" \/>\n\t<meta property=\"og:image:height\" content=\"1280\" \/>\n\t<meta property=\"og:image:type\" content=\"image\/jpeg\" \/>\n<meta name=\"author\" content=\"markus.liedl@schreiner-group.com\" \/>\n<meta name=\"twitter:card\" content=\"summary_large_image\" \/>\n<meta name=\"twitter:label1\" content=\"Verfasst von\" \/>\n\t<meta name=\"twitter:data1\" content=\"markus.liedl@schreiner-group.com\" \/>\n\t<meta name=\"twitter:label2\" content=\"Gesch\u00e4tzte Lesezeit\" \/>\n\t<meta name=\"twitter:data2\" content=\"4\u00a0Minuten\" \/>\n<script type=\"application\/ld+json\" class=\"yoast-schema-graph\">{\"@context\":\"https:\/\/schema.org\",\"@graph\":[{\"@type\":\"WebPage\",\"@id\":\"https:\/\/forum.schreiner-group.com\/de\/dorfen-von-grossen-plaenen-und-offenen-tueren\/\",\"url\":\"https:\/\/forum.schreiner-group.com\/de\/dorfen-von-grossen-plaenen-und-offenen-tueren\/\",\"name\":\"Dorfen: Von gro\u00dfen Pl\u00e4nen und offenen T\u00fcren - Schreiner Group Forum\",\"isPartOf\":{\"@id\":\"https:\/\/forum.schreiner-group.com\/de\/#website\"},\"primaryImageOfPage\":{\"@id\":\"https:\/\/forum.schreiner-group.com\/de\/dorfen-von-grossen-plaenen-und-offenen-tueren\/#primaryimage\"},\"image\":{\"@id\":\"https:\/\/forum.schreiner-group.com\/de\/dorfen-von-grossen-plaenen-und-offenen-tueren\/#primaryimage\"},\"thumbnailUrl\":\"https:\/\/forum.schreiner-group.com\/wp-content\/uploads\/2024\/11\/schreiner-group-dorfen-major.jpg\",\"datePublished\":\"2024-11-12T11:56:51+00:00\",\"dateModified\":\"2024-11-12T11:56:51+00:00\",\"author\":{\"@id\":\"https:\/\/forum.schreiner-group.com\/de\/#\/schema\/person\/bd0e2515cfe9118ea30379405cb6f7dc\"},\"description\":\"Dorfen w\u00e4chst weiter: Nur f\u00fcnf Jahre nach seiner Gr\u00fcndung baut die Schreiner Group den Standort Dorfen deutlich aus. Beim Spatenstich zeigten sich B\u00fcrgermeister und Landrat tief beeindruckt. Beim Tag der offenen T\u00fcr im Werk Dorfen konnten die Besucher die Schreiner Group auf vielf\u00e4ltige Art erleben. F\u00fcr Kinder gab es ein ganz besonderes Highlight.\",\"breadcrumb\":{\"@id\":\"https:\/\/forum.schreiner-group.com\/de\/dorfen-von-grossen-plaenen-und-offenen-tueren\/#breadcrumb\"},\"inLanguage\":\"de\",\"potentialAction\":[{\"@type\":\"ReadAction\",\"target\":[\"https:\/\/forum.schreiner-group.com\/de\/dorfen-von-grossen-plaenen-und-offenen-tueren\/\"]}]},{\"@type\":\"ImageObject\",\"inLanguage\":\"de\",\"@id\":\"https:\/\/forum.schreiner-group.com\/de\/dorfen-von-grossen-plaenen-und-offenen-tueren\/#primaryimage\",\"url\":\"https:\/\/forum.schreiner-group.com\/wp-content\/uploads\/2024\/11\/schreiner-group-dorfen-major.jpg\",\"contentUrl\":\"https:\/\/forum.schreiner-group.com\/wp-content\/uploads\/2024\/11\/schreiner-group-dorfen-major.jpg\",\"width\":1920,\"height\":1280,\"caption\":\"V. l. n. r.: Erich Pably (Werksleiter), Heinz Grundner (erster B\u00fcrgermeister Dorfen), Martin Bayerstorfer (Erdinger Landrat), Roland Schreiner (Gesch\u00e4ftsf\u00fchrer) und Wolfgang Bonnet (Facility-Management-Leiter)\"},{\"@type\":\"BreadcrumbList\",\"@id\":\"https:\/\/forum.schreiner-group.com\/de\/dorfen-von-grossen-plaenen-und-offenen-tueren\/#breadcrumb\",\"itemListElement\":[{\"@type\":\"ListItem\",\"position\":1,\"name\":\"Startseite\",\"item\":\"https:\/\/forum.schreiner-group.com\/de\/\"},{\"@type\":\"ListItem\",\"position\":2,\"name\":\"Dorfen: Von gro\u00dfen Pl\u00e4nen und offenen T\u00fcren\"}]},{\"@type\":\"WebSite\",\"@id\":\"https:\/\/forum.schreiner-group.com\/de\/#website\",\"url\":\"https:\/\/forum.schreiner-group.com\/de\/\",\"name\":\"Schreiner Group Forum\",\"description\":\"\",\"potentialAction\":[{\"@type\":\"SearchAction\",\"target\":{\"@type\":\"EntryPoint\",\"urlTemplate\":\"https:\/\/forum.schreiner-group.com\/de\/?s={search_term_string}\"},\"query-input\":{\"@type\":\"PropertyValueSpecification\",\"valueRequired\":true,\"valueName\":\"search_term_string\"}}],\"inLanguage\":\"de\"},{\"@type\":\"Person\",\"@id\":\"https:\/\/forum.schreiner-group.com\/de\/#\/schema\/person\/bd0e2515cfe9118ea30379405cb6f7dc\",\"name\":\"markus.liedl@schreiner-group.com\",\"image\":{\"@type\":\"ImageObject\",\"inLanguage\":\"de\",\"@id\":\"https:\/\/forum.schreiner-group.com\/de\/#\/schema\/person\/image\/\",\"url\":\"https:\/\/secure.gravatar.com\/avatar\/e83202ed81ba95ae0113c3f2d897918a?s=96&d=mm&r=g\",\"contentUrl\":\"https:\/\/secure.gravatar.com\/avatar\/e83202ed81ba95ae0113c3f2d897918a?s=96&d=mm&r=g\",\"caption\":\"markus.liedl@schreiner-group.com\"},\"url\":\"https:\/\/forum.schreiner-group.com\/de\/author\/markus-liedlschreiner-group-de\/\"}]}<\/script>\n<!-- \/ Yoast SEO plugin. -->","yoast_head_json":{"title":"Dorfen: Von gro\u00dfen Pl\u00e4nen und offenen T\u00fcren - Schreiner Group Forum","description":"Dorfen w\u00e4chst weiter: Nur f\u00fcnf Jahre nach seiner Gr\u00fcndung baut die Schreiner Group den Standort Dorfen deutlich aus. Beim Spatenstich zeigten sich B\u00fcrgermeister und Landrat tief beeindruckt. Beim Tag der offenen T\u00fcr im Werk Dorfen konnten die Besucher die Schreiner Group auf vielf\u00e4ltige Art erleben. F\u00fcr Kinder gab es ein ganz besonderes Highlight.","robots":{"index":"index","follow":"follow","max-snippet":"max-snippet:-1","max-image-preview":"max-image-preview:large","max-video-preview":"max-video-preview:-1"},"canonical":"https:\/\/forum.schreiner-group.com\/de\/dorfen-von-grossen-plaenen-und-offenen-tueren\/","og_locale":"de_DE","og_type":"article","og_title":"Dorfen: Von gro\u00dfen Pl\u00e4nen und offenen T\u00fcren - Schreiner Group Forum","og_description":"Dorfen w\u00e4chst weiter: Nur f\u00fcnf Jahre nach seiner Gr\u00fcndung baut die Schreiner Group den Standort Dorfen deutlich aus. Beim Spatenstich zeigten sich B\u00fcrgermeister und Landrat tief beeindruckt. Beim Tag der offenen T\u00fcr im Werk Dorfen konnten die Besucher die Schreiner Group auf vielf\u00e4ltige Art erleben. F\u00fcr Kinder gab es ein ganz besonderes Highlight.","og_url":"https:\/\/forum.schreiner-group.com\/de\/dorfen-von-grossen-plaenen-und-offenen-tueren\/","og_site_name":"Schreiner Group Forum","article_published_time":"2024-11-12T11:56:51+00:00","og_image":[{"width":1920,"height":1280,"url":"https:\/\/forum.schreiner-group.com\/wp-content\/uploads\/2024\/11\/schreiner-group-dorfen-major.jpg","type":"image\/jpeg"}],"author":"markus.liedl@schreiner-group.com","twitter_card":"summary_large_image","twitter_misc":{"Verfasst von":"markus.liedl@schreiner-group.com","Gesch\u00e4tzte Lesezeit":"4\u00a0Minuten"},"schema":{"@context":"https:\/\/schema.org","@graph":[{"@type":"WebPage","@id":"https:\/\/forum.schreiner-group.com\/de\/dorfen-von-grossen-plaenen-und-offenen-tueren\/","url":"https:\/\/forum.schreiner-group.com\/de\/dorfen-von-grossen-plaenen-und-offenen-tueren\/","name":"Dorfen: Von gro\u00dfen Pl\u00e4nen und offenen T\u00fcren - Schreiner Group Forum","isPartOf":{"@id":"https:\/\/forum.schreiner-group.com\/de\/#website"},"primaryImageOfPage":{"@id":"https:\/\/forum.schreiner-group.com\/de\/dorfen-von-grossen-plaenen-und-offenen-tueren\/#primaryimage"},"image":{"@id":"https:\/\/forum.schreiner-group.com\/de\/dorfen-von-grossen-plaenen-und-offenen-tueren\/#primaryimage"},"thumbnailUrl":"https:\/\/forum.schreiner-group.com\/wp-content\/uploads\/2024\/11\/schreiner-group-dorfen-major.jpg","datePublished":"2024-11-12T11:56:51+00:00","dateModified":"2024-11-12T11:56:51+00:00","author":{"@id":"https:\/\/forum.schreiner-group.com\/de\/#\/schema\/person\/bd0e2515cfe9118ea30379405cb6f7dc"},"description":"Dorfen w\u00e4chst weiter: Nur f\u00fcnf Jahre nach seiner Gr\u00fcndung baut die Schreiner Group den Standort Dorfen deutlich aus. Beim Spatenstich zeigten sich B\u00fcrgermeister und Landrat tief beeindruckt. Beim Tag der offenen T\u00fcr im Werk Dorfen konnten die Besucher die Schreiner Group auf vielf\u00e4ltige Art erleben. F\u00fcr Kinder gab es ein ganz besonderes Highlight.","breadcrumb":{"@id":"https:\/\/forum.schreiner-group.com\/de\/dorfen-von-grossen-plaenen-und-offenen-tueren\/#breadcrumb"},"inLanguage":"de","potentialAction":[{"@type":"ReadAction","target":["https:\/\/forum.schreiner-group.com\/de\/dorfen-von-grossen-plaenen-und-offenen-tueren\/"]}]},{"@type":"ImageObject","inLanguage":"de","@id":"https:\/\/forum.schreiner-group.com\/de\/dorfen-von-grossen-plaenen-und-offenen-tueren\/#primaryimage","url":"https:\/\/forum.schreiner-group.com\/wp-content\/uploads\/2024\/11\/schreiner-group-dorfen-major.jpg","contentUrl":"https:\/\/forum.schreiner-group.com\/wp-content\/uploads\/2024\/11\/schreiner-group-dorfen-major.jpg","width":1920,"height":1280,"caption":"V. l. n. r.: Erich Pably (Werksleiter), Heinz Grundner (erster B\u00fcrgermeister Dorfen), Martin Bayerstorfer (Erdinger Landrat), Roland Schreiner (Gesch\u00e4ftsf\u00fchrer) und Wolfgang Bonnet (Facility-Management-Leiter)"},{"@type":"BreadcrumbList","@id":"https:\/\/forum.schreiner-group.com\/de\/dorfen-von-grossen-plaenen-und-offenen-tueren\/#breadcrumb","itemListElement":[{"@type":"ListItem","position":1,"name":"Startseite","item":"https:\/\/forum.schreiner-group.com\/de\/"},{"@type":"ListItem","position":2,"name":"Dorfen: Von gro\u00dfen Pl\u00e4nen und offenen T\u00fcren"}]},{"@type":"WebSite","@id":"https:\/\/forum.schreiner-group.com\/de\/#website","url":"https:\/\/forum.schreiner-group.com\/de\/","name":"Schreiner Group Forum","description":"","potentialAction":[{"@type":"SearchAction","target":{"@type":"EntryPoint","urlTemplate":"https:\/\/forum.schreiner-group.com\/de\/?s={search_term_string}"},"query-input":{"@type":"PropertyValueSpecification","valueRequired":true,"valueName":"search_term_string"}}],"inLanguage":"de"},{"@type":"Person","@id":"https:\/\/forum.schreiner-group.com\/de\/#\/schema\/person\/bd0e2515cfe9118ea30379405cb6f7dc","name":"markus.liedl@schreiner-group.com","image":{"@type":"ImageObject","inLanguage":"de","@id":"https:\/\/forum.schreiner-group.com\/de\/#\/schema\/person\/image\/","url":"https:\/\/secure.gravatar.com\/avatar\/e83202ed81ba95ae0113c3f2d897918a?s=96&d=mm&r=g","contentUrl":"https:\/\/secure.gravatar.com\/avatar\/e83202ed81ba95ae0113c3f2d897918a?s=96&d=mm&r=g","caption":"markus.liedl@schreiner-group.com"},"url":"https:\/\/forum.schreiner-group.com\/de\/author\/markus-liedlschreiner-group-de\/"}]}},"_links":{"self":[{"href":"https:\/\/forum.schreiner-group.com\/de\/wp-json\/wp\/v2\/posts\/13794","targetHints":{"allow":["GET"]}}],"collection":[{"href":"https:\/\/forum.schreiner-group.com\/de\/wp-json\/wp\/v2\/posts"}],"about":[{"href":"https:\/\/forum.schreiner-group.com\/de\/wp-json\/wp\/v2\/types\/post"}],"author":[{"embeddable":true,"href":"https:\/\/forum.schreiner-group.com\/de\/wp-json\/wp\/v2\/users\/2"}],"replies":[{"embeddable":true,"href":"https:\/\/forum.schreiner-group.com\/de\/wp-json\/wp\/v2\/comments?post=13794"}],"version-history":[{"count":16,"href":"https:\/\/forum.schreiner-group.com\/de\/wp-json\/wp\/v2\/posts\/13794\/revisions"}],"predecessor-version":[{"id":13830,"href":"https:\/\/forum.schreiner-group.com\/de\/wp-json\/wp\/v2\/posts\/13794\/revisions\/13830"}],"wp:featuredmedia":[{"embeddable":true,"href":"https:\/\/forum.schreiner-group.com\/de\/wp-json\/wp\/v2\/media\/13719"}],"wp:attachment":[{"href":"https:\/\/forum.schreiner-group.com\/de\/wp-json\/wp\/v2\/media?parent=13794"}],"wp:term":[{"taxonomy":"category","embeddable":true,"href":"https:\/\/forum.schreiner-group.com\/de\/wp-json\/wp\/v2\/categories?post=13794"},{"taxonomy":"post_tag","embeddable":true,"href":"https:\/\/forum.schreiner-group.com\/de\/wp-json\/wp\/v2\/tags?post=13794"}],"curies":[{"name":"wp","href":"https:\/\/api.w.org\/{rel}","templated":true}]}}