{"id":12926,"date":"2024-06-04T17:08:02","date_gmt":"2024-06-04T15:08:02","guid":{"rendered":"https:\/\/forum.schreiner-group.com\/?p=12926"},"modified":"2024-06-04T17:08:02","modified_gmt":"2024-06-04T15:08:02","slug":"next-level-dae-bereit-fuer-die-zukunft","status":"publish","type":"post","link":"https:\/\/forum.schreiner-group.com\/de\/next-level-dae-bereit-fuer-die-zukunft\/","title":{"rendered":"Next Level DAE: Bereit f\u00fcr die Zukunft"},"content":{"rendered":"<section class=\"wpb-content-wrapper\"><p>[vc_row full_width=&#8220;stretch_row_content_no_spaces&#8220; content_placement=&#8220;top&#8220; css=&#8220;.vc_custom_1715843198924{margin-top: 150px !important;}&#8220; parallax_background_image=&#8220;12939&#8243;][vc_column][vc_empty_space height=&#8220;615px&#8220;][\/vc_column][\/vc_row][vc_row css=&#8220;.vc_custom_1606212058924{background-color: #ffffff !important;}&#8220; el_class=&#8220;article_bighead&#8220;][vc_column][vc_custom_heading text=&#8220;SCHREINER PROTECH&#8220; font_container=&#8220;tag:h2|text_align:center&#8220; use_theme_fonts=&#8220;yes&#8220; el_class=&#8220;topcategory&#8220;][vc_custom_heading text=&#8220;Next Level DAE:<br \/>\nBereit f\u00fcr die Zukunft&#8220; font_container=&#8220;tag:h1|text_align:center&#8220; use_theme_fonts=&#8220;yes&#8220;][\/vc_column][\/vc_row][vc_row][vc_column][vc_column_text]<strong>Ein bisschen futuristisch wirkt die Halle in Geb\u00e4ude III ja schon: Der Raum ist lichtdurchflutet, genauestens temperiert, und bei den Mitarbeitern in blauen Schutzanz\u00fcgen herrscht rege Betriebsamkeit. Das Prozesscenter Druckausgleichselemente (PC DAE) von Schreiner ProTech entspricht in Bezug auf die technische Sauberkeit den neuesten Ma\u00dfst\u00e4ben und wurde nach nur einem knappen Jahr Bauzeit er\u00f6ffnet.<\/strong>[\/vc_column_text][\/vc_column][\/vc_row][vc_row][vc_column][vc_empty_space][vc_column_text]Wenn Prozesscenter-Leiter Christian Liebetrau sagt, dass die Luft rein ist, dann meint er das wirklich w\u00f6rtlich. M\u00f6glich macht es unter anderem das neue L\u00fcftungssystem: Pro Stunde wird die Luft in der Produktionshalle bis zu zehnmal komplett umgew\u00e4lzt, gefiltert und aufbereitet \u2013 ein entscheidender Schritt f\u00fcr die Einhaltung der technischen Sauberkeit. Die Konformit\u00e4t neuer und zuk\u00fcnftiger \u201eTechnical Cleanliness Requirements\u201c war ein ganz wesentliches Element bei der gesamten Planung des Prozesscenters. Aktuell \u00fcbertrifft das PC DAE von Schreiner ProTech die Anforderungen eines Sauberraumes nach der VDA 19, und sogar eine Reinraumzertifizierung nach ISO 14644 ist denkbar. Aussichten, die auch die Kunden \u00fcberzeugen.<\/p>\n<p>Perfekte Sauberkeit und h\u00f6chste Qualit\u00e4t, das waren zwei der Zielsetzungen, die es bei der Schaffung des neuen Prozesscenters zu ber\u00fccksichtigen galt. Denn die Anforderungen an die technische Sauberkeit gerade in der Automobilindustrie steigen mit dem stetig wachsenden Anteil an E-Fahrzeugen und der immer kleiner werdenden Elektronik. Die strengen Vorgaben sind jedoch auch bei der Produktion von anderen Produkten von Vorteil: Automatische Maschinenstopps durch kleinste Verunreinigungen werden reduziert, was im Endeffekt nicht nur Geld spart, sondern auch wieder der Umwelt zugutekommt.[\/vc_column_text][vc_empty_space height=&#8220;25px&#8220;][\/vc_column][\/vc_row][vc_row][vc_column width=&#8220;1\/2&#8243;][vc_empty_space height=&#8220;15px&#8220;][vc_single_image image=&#8220;12908&#8243; img_size=&#8220;full&#8220; add_caption=&#8220;yes&#8220; onclick=&#8220;link_image&#8220; css_animation=&#8220;fadeIn&#8220;][\/vc_column][vc_column width=&#8220;1\/2&#8243;][vc_empty_space height=&#8220;15px&#8220;][vc_single_image image=&#8220;12910&#8243; img_size=&#8220;full&#8220; add_caption=&#8220;yes&#8220; onclick=&#8220;link_image&#8220; css_animation=&#8220;fadeIn&#8220;][\/vc_column][\/vc_row][vc_row][vc_column width=&#8220;1\/2&#8243;][vc_empty_space height=&#8220;15px&#8220;][vc_column_text]Die neuen R\u00e4umlichkeiten bieten auf rund 900 Quadratmetern eine innovative, effiziente Arbeitsumgebung, die eine nahtlose Zusammenarbeit zwischen allen fertigungsrelevanten Stationen \u2013 vom Wareneingang bis zum Endprodukt \u2013 erm\u00f6glicht.<\/p>\n<p>\u201eAllein durch die r\u00e4umliche N\u00e4he k\u00f6nnen unsere Mitarbeiter entlang der gesamten DAE-Wertsch\u00f6pfungskette effizient miteinander kommunizieren\u201c, erkl\u00e4rt der Prozesscenter-Leiter Christian Liebetrau. \u201eDurch die Zusammenarbeit k\u00f6nnen Herausforderungen deutlich schneller erkannt und gemeinsam gel\u00f6st werden.\u201c[\/vc_column_text][vc_column_text]Das Timing f\u00fcr die Neuer\u00f6ffnung war allerdings sportlich. Unter anderem mussten sowohl der gesamte Maschinenumzug aus verschiedenen Geb\u00e4uden als auch der Aufbau neuer Maschinentechnologien parallel erfolgen, um den Kunden eine durchgehende, reibungslose Fertigung der Druckausgleichselemente zu gew\u00e4hrleisten. \u201eOptisch mag sich das Druckausgleichselement in den letzten Jahren nur wenig ge\u00e4ndert haben\u201c, erg\u00e4nzt Adrian Marggraf, Produktmanager DAE bei Schreiner ProTech, \u201edoch mit der Zusammenf\u00fchrung aller produktrelevanten Fertigungsbereiche haben wir das Thema bei uns auf das n\u00e4chste Level gehoben und setzen jetzt durch neueste Pr\u00fcfungs- und Maschinentechnik Qualit\u00e4tsstandards im Bereich Druckausgleichsl\u00f6sungen.\u201c[\/vc_column_text][vc_column_text]Ein wichtiger Zwischenschritt des Projekts war sicherlich der Umzug einer Pr\u00e4zisionsstanze von den bisherigen R\u00e4umlichkeiten in das neue Prozesscenter im Sommer. Das Besondere: Um Fehler beim Ab- und Wiederaufbau der Stanze zu vermeiden, musste die sechs Tonnen schwere Maschine in einem St\u00fcck transportiert werden. Nicht nur eine logistische Herausforderung, sondern auch ein Meilenstein beim Aufbau des Prozesscenters.[\/vc_column_text][vc_column_text]Mit viel Expertise und einem stetig wachsenden Produktportfolio hat sich der Gesch\u00e4ftsbereich Schreiner ProTech in den letzten 25 Jahren erfolgreich als Komplettl\u00f6sungsanbieter f\u00fcr Druckausgleichselemente auf dem Markt etabliert. Und mit dem neuen Prozesscenter ist Schreiner ProTech bereit: Bereit f\u00fcr das n\u00e4chste Level, denn das DAE-Team ist bereits in der Planung und Beschaffung von neuen Technologien und Maschinen, welche den Innovationsund Qualit\u00e4tsvorsprung auch f\u00fcr die n\u00e4chsten Produktgenerationen absichern.[\/vc_column_text][\/vc_column][vc_column width=&#8220;1\/2&#8243;][vc_empty_space height=&#8220;15px&#8220;][vc_empty_space height=&#8220;15px&#8220;][vc_single_image image=&#8220;12892&#8243; img_size=&#8220;full&#8220; add_caption=&#8220;yes&#8220; onclick=&#8220;link_image&#8220; css_animation=&#8220;fadeIn&#8220;][vc_empty_space height=&#8220;15px&#8220;][vc_single_image image=&#8220;12912&#8243; img_size=&#8220;full&#8220; add_caption=&#8220;yes&#8220; onclick=&#8220;link_image&#8220; css_animation=&#8220;fadeIn&#8220;][\/vc_column][\/vc_row]<\/p>\n<\/section>","protected":false},"excerpt":{"rendered":"<p>Ein bisschen futuristisch wirkt die Halle in Geb\u00e4ude III ja schon: Der Raum ist lichtdurchflutet, genauestens temperiert, und bei den Mitarbeitern in blauen Schutzanz\u00fcgen herrscht rege Betriebsamkeit. Das Prozesscenter Druckausgleichselemente (PC DAE) von Schreiner ProTech entspricht in Bezug auf die technische Sauberkeit den neuesten Ma\u00dfst\u00e4ben und wurde nach nur einem knappen Jahr Bauzeit er\u00f6ffnet.<\/p>\n","protected":false},"author":4,"featured_media":12908,"comment_status":"closed","ping_status":"closed","sticky":false,"template":"","format":"standard","meta":{"inline_featured_image":false,"footnotes":""},"categories":[56],"tags":[233],"class_list":["post-12926","post","type-post","status-publish","format-standard","has-post-thumbnail","hentry","category-schreiner-protech","tag-be-und-entlueftung"],"yoast_head":"<!-- This site is optimized with the Yoast SEO plugin v23.9 - https:\/\/yoast.com\/wordpress\/plugins\/seo\/ -->\n<title>Next Level DAE: Bereit f\u00fcr die Zukunft - Schreiner Group Forum<\/title>\n<meta name=\"robots\" content=\"index, follow, max-snippet:-1, max-image-preview:large, max-video-preview:-1\" \/>\n<link rel=\"canonical\" href=\"https:\/\/forum.schreiner-group.com\/de\/next-level-dae-bereit-fuer-die-zukunft\/\" \/>\n<meta property=\"og:locale\" content=\"de_DE\" \/>\n<meta property=\"og:type\" content=\"article\" \/>\n<meta property=\"og:title\" content=\"Next Level DAE: Bereit f\u00fcr die Zukunft - Schreiner Group Forum\" \/>\n<meta property=\"og:description\" content=\"Ein bisschen futuristisch wirkt die Halle in Geb\u00e4ude III ja schon: Der Raum ist lichtdurchflutet, genauestens temperiert, und bei den Mitarbeitern in blauen Schutzanz\u00fcgen herrscht rege Betriebsamkeit. Das Prozesscenter Druckausgleichselemente (PC DAE) von Schreiner ProTech entspricht in Bezug auf die technische Sauberkeit den neuesten Ma\u00dfst\u00e4ben und wurde nach nur einem knappen Jahr Bauzeit er\u00f6ffnet.\" \/>\n<meta property=\"og:url\" content=\"https:\/\/forum.schreiner-group.com\/de\/next-level-dae-bereit-fuer-die-zukunft\/\" \/>\n<meta property=\"og:site_name\" content=\"Schreiner Group Forum\" \/>\n<meta property=\"article:published_time\" content=\"2024-06-04T15:08:02+00:00\" \/>\n<meta property=\"og:image\" content=\"https:\/\/forum.schreiner-group.com\/wp-content\/uploads\/2024\/05\/schreiner-protech-dae-prozesscenter.jpg\" \/>\n\t<meta property=\"og:image:width\" content=\"1920\" \/>\n\t<meta property=\"og:image:height\" content=\"1280\" \/>\n\t<meta property=\"og:image:type\" content=\"image\/jpeg\" \/>\n<meta name=\"author\" content=\"Bettina Walz\" \/>\n<meta name=\"twitter:card\" content=\"summary_large_image\" \/>\n<meta name=\"twitter:label1\" content=\"Verfasst von\" \/>\n\t<meta name=\"twitter:data1\" content=\"Bettina Walz\" \/>\n\t<meta name=\"twitter:label2\" content=\"Gesch\u00e4tzte Lesezeit\" \/>\n\t<meta name=\"twitter:data2\" content=\"4\u00a0Minuten\" \/>\n<script type=\"application\/ld+json\" class=\"yoast-schema-graph\">{\"@context\":\"https:\/\/schema.org\",\"@graph\":[{\"@type\":\"WebPage\",\"@id\":\"https:\/\/forum.schreiner-group.com\/de\/next-level-dae-bereit-fuer-die-zukunft\/\",\"url\":\"https:\/\/forum.schreiner-group.com\/de\/next-level-dae-bereit-fuer-die-zukunft\/\",\"name\":\"Next Level DAE: Bereit f\u00fcr die Zukunft - Schreiner Group Forum\",\"isPartOf\":{\"@id\":\"https:\/\/forum.schreiner-group.com\/de\/#website\"},\"primaryImageOfPage\":{\"@id\":\"https:\/\/forum.schreiner-group.com\/de\/next-level-dae-bereit-fuer-die-zukunft\/#primaryimage\"},\"image\":{\"@id\":\"https:\/\/forum.schreiner-group.com\/de\/next-level-dae-bereit-fuer-die-zukunft\/#primaryimage\"},\"thumbnailUrl\":\"https:\/\/forum.schreiner-group.com\/wp-content\/uploads\/2024\/05\/schreiner-protech-dae-prozesscenter.jpg\",\"datePublished\":\"2024-06-04T15:08:02+00:00\",\"dateModified\":\"2024-06-04T15:08:02+00:00\",\"author\":{\"@id\":\"https:\/\/forum.schreiner-group.com\/de\/#\/schema\/person\/281a97590cf118ded8ac2c621538514e\"},\"breadcrumb\":{\"@id\":\"https:\/\/forum.schreiner-group.com\/de\/next-level-dae-bereit-fuer-die-zukunft\/#breadcrumb\"},\"inLanguage\":\"de\",\"potentialAction\":[{\"@type\":\"ReadAction\",\"target\":[\"https:\/\/forum.schreiner-group.com\/de\/next-level-dae-bereit-fuer-die-zukunft\/\"]}]},{\"@type\":\"ImageObject\",\"inLanguage\":\"de\",\"@id\":\"https:\/\/forum.schreiner-group.com\/de\/next-level-dae-bereit-fuer-die-zukunft\/#primaryimage\",\"url\":\"https:\/\/forum.schreiner-group.com\/wp-content\/uploads\/2024\/05\/schreiner-protech-dae-prozesscenter.jpg\",\"contentUrl\":\"https:\/\/forum.schreiner-group.com\/wp-content\/uploads\/2024\/05\/schreiner-protech-dae-prozesscenter.jpg\",\"width\":1920,\"height\":1280},{\"@type\":\"BreadcrumbList\",\"@id\":\"https:\/\/forum.schreiner-group.com\/de\/next-level-dae-bereit-fuer-die-zukunft\/#breadcrumb\",\"itemListElement\":[{\"@type\":\"ListItem\",\"position\":1,\"name\":\"Startseite\",\"item\":\"https:\/\/forum.schreiner-group.com\/de\/\"},{\"@type\":\"ListItem\",\"position\":2,\"name\":\"Next Level DAE: Bereit f\u00fcr die Zukunft\"}]},{\"@type\":\"WebSite\",\"@id\":\"https:\/\/forum.schreiner-group.com\/de\/#website\",\"url\":\"https:\/\/forum.schreiner-group.com\/de\/\",\"name\":\"Schreiner Group Forum\",\"description\":\"\",\"potentialAction\":[{\"@type\":\"SearchAction\",\"target\":{\"@type\":\"EntryPoint\",\"urlTemplate\":\"https:\/\/forum.schreiner-group.com\/de\/?s={search_term_string}\"},\"query-input\":{\"@type\":\"PropertyValueSpecification\",\"valueRequired\":true,\"valueName\":\"search_term_string\"}}],\"inLanguage\":\"de\"},{\"@type\":\"Person\",\"@id\":\"https:\/\/forum.schreiner-group.com\/de\/#\/schema\/person\/281a97590cf118ded8ac2c621538514e\",\"name\":\"Bettina Walz\",\"image\":{\"@type\":\"ImageObject\",\"inLanguage\":\"de\",\"@id\":\"https:\/\/forum.schreiner-group.com\/de\/#\/schema\/person\/image\/\",\"url\":\"https:\/\/secure.gravatar.com\/avatar\/9354a8d933352f8dbc4df9ead552930f?s=96&d=mm&r=g\",\"contentUrl\":\"https:\/\/secure.gravatar.com\/avatar\/9354a8d933352f8dbc4df9ead552930f?s=96&d=mm&r=g\",\"caption\":\"Bettina Walz\"},\"url\":\"https:\/\/forum.schreiner-group.com\/de\/author\/bettina-walz\/\"}]}<\/script>\n<!-- \/ Yoast SEO plugin. -->","yoast_head_json":{"title":"Next Level DAE: Bereit f\u00fcr die Zukunft - Schreiner Group Forum","robots":{"index":"index","follow":"follow","max-snippet":"max-snippet:-1","max-image-preview":"max-image-preview:large","max-video-preview":"max-video-preview:-1"},"canonical":"https:\/\/forum.schreiner-group.com\/de\/next-level-dae-bereit-fuer-die-zukunft\/","og_locale":"de_DE","og_type":"article","og_title":"Next Level DAE: Bereit f\u00fcr die Zukunft - Schreiner Group Forum","og_description":"Ein bisschen futuristisch wirkt die Halle in Geb\u00e4ude III ja schon: Der Raum ist lichtdurchflutet, genauestens temperiert, und bei den Mitarbeitern in blauen Schutzanz\u00fcgen herrscht rege Betriebsamkeit. Das Prozesscenter Druckausgleichselemente (PC DAE) von Schreiner ProTech entspricht in Bezug auf die technische Sauberkeit den neuesten Ma\u00dfst\u00e4ben und wurde nach nur einem knappen Jahr Bauzeit er\u00f6ffnet.","og_url":"https:\/\/forum.schreiner-group.com\/de\/next-level-dae-bereit-fuer-die-zukunft\/","og_site_name":"Schreiner Group Forum","article_published_time":"2024-06-04T15:08:02+00:00","og_image":[{"width":1920,"height":1280,"url":"https:\/\/forum.schreiner-group.com\/wp-content\/uploads\/2024\/05\/schreiner-protech-dae-prozesscenter.jpg","type":"image\/jpeg"}],"author":"Bettina Walz","twitter_card":"summary_large_image","twitter_misc":{"Verfasst von":"Bettina Walz","Gesch\u00e4tzte Lesezeit":"4\u00a0Minuten"},"schema":{"@context":"https:\/\/schema.org","@graph":[{"@type":"WebPage","@id":"https:\/\/forum.schreiner-group.com\/de\/next-level-dae-bereit-fuer-die-zukunft\/","url":"https:\/\/forum.schreiner-group.com\/de\/next-level-dae-bereit-fuer-die-zukunft\/","name":"Next Level DAE: Bereit f\u00fcr die Zukunft - Schreiner Group Forum","isPartOf":{"@id":"https:\/\/forum.schreiner-group.com\/de\/#website"},"primaryImageOfPage":{"@id":"https:\/\/forum.schreiner-group.com\/de\/next-level-dae-bereit-fuer-die-zukunft\/#primaryimage"},"image":{"@id":"https:\/\/forum.schreiner-group.com\/de\/next-level-dae-bereit-fuer-die-zukunft\/#primaryimage"},"thumbnailUrl":"https:\/\/forum.schreiner-group.com\/wp-content\/uploads\/2024\/05\/schreiner-protech-dae-prozesscenter.jpg","datePublished":"2024-06-04T15:08:02+00:00","dateModified":"2024-06-04T15:08:02+00:00","author":{"@id":"https:\/\/forum.schreiner-group.com\/de\/#\/schema\/person\/281a97590cf118ded8ac2c621538514e"},"breadcrumb":{"@id":"https:\/\/forum.schreiner-group.com\/de\/next-level-dae-bereit-fuer-die-zukunft\/#breadcrumb"},"inLanguage":"de","potentialAction":[{"@type":"ReadAction","target":["https:\/\/forum.schreiner-group.com\/de\/next-level-dae-bereit-fuer-die-zukunft\/"]}]},{"@type":"ImageObject","inLanguage":"de","@id":"https:\/\/forum.schreiner-group.com\/de\/next-level-dae-bereit-fuer-die-zukunft\/#primaryimage","url":"https:\/\/forum.schreiner-group.com\/wp-content\/uploads\/2024\/05\/schreiner-protech-dae-prozesscenter.jpg","contentUrl":"https:\/\/forum.schreiner-group.com\/wp-content\/uploads\/2024\/05\/schreiner-protech-dae-prozesscenter.jpg","width":1920,"height":1280},{"@type":"BreadcrumbList","@id":"https:\/\/forum.schreiner-group.com\/de\/next-level-dae-bereit-fuer-die-zukunft\/#breadcrumb","itemListElement":[{"@type":"ListItem","position":1,"name":"Startseite","item":"https:\/\/forum.schreiner-group.com\/de\/"},{"@type":"ListItem","position":2,"name":"Next Level DAE: Bereit f\u00fcr die Zukunft"}]},{"@type":"WebSite","@id":"https:\/\/forum.schreiner-group.com\/de\/#website","url":"https:\/\/forum.schreiner-group.com\/de\/","name":"Schreiner Group Forum","description":"","potentialAction":[{"@type":"SearchAction","target":{"@type":"EntryPoint","urlTemplate":"https:\/\/forum.schreiner-group.com\/de\/?s={search_term_string}"},"query-input":{"@type":"PropertyValueSpecification","valueRequired":true,"valueName":"search_term_string"}}],"inLanguage":"de"},{"@type":"Person","@id":"https:\/\/forum.schreiner-group.com\/de\/#\/schema\/person\/281a97590cf118ded8ac2c621538514e","name":"Bettina Walz","image":{"@type":"ImageObject","inLanguage":"de","@id":"https:\/\/forum.schreiner-group.com\/de\/#\/schema\/person\/image\/","url":"https:\/\/secure.gravatar.com\/avatar\/9354a8d933352f8dbc4df9ead552930f?s=96&d=mm&r=g","contentUrl":"https:\/\/secure.gravatar.com\/avatar\/9354a8d933352f8dbc4df9ead552930f?s=96&d=mm&r=g","caption":"Bettina Walz"},"url":"https:\/\/forum.schreiner-group.com\/de\/author\/bettina-walz\/"}]}},"_links":{"self":[{"href":"https:\/\/forum.schreiner-group.com\/de\/wp-json\/wp\/v2\/posts\/12926","targetHints":{"allow":["GET"]}}],"collection":[{"href":"https:\/\/forum.schreiner-group.com\/de\/wp-json\/wp\/v2\/posts"}],"about":[{"href":"https:\/\/forum.schreiner-group.com\/de\/wp-json\/wp\/v2\/types\/post"}],"author":[{"embeddable":true,"href":"https:\/\/forum.schreiner-group.com\/de\/wp-json\/wp\/v2\/users\/4"}],"replies":[{"embeddable":true,"href":"https:\/\/forum.schreiner-group.com\/de\/wp-json\/wp\/v2\/comments?post=12926"}],"version-history":[{"count":13,"href":"https:\/\/forum.schreiner-group.com\/de\/wp-json\/wp\/v2\/posts\/12926\/revisions"}],"predecessor-version":[{"id":12975,"href":"https:\/\/forum.schreiner-group.com\/de\/wp-json\/wp\/v2\/posts\/12926\/revisions\/12975"}],"wp:featuredmedia":[{"embeddable":true,"href":"https:\/\/forum.schreiner-group.com\/de\/wp-json\/wp\/v2\/media\/12908"}],"wp:attachment":[{"href":"https:\/\/forum.schreiner-group.com\/de\/wp-json\/wp\/v2\/media?parent=12926"}],"wp:term":[{"taxonomy":"category","embeddable":true,"href":"https:\/\/forum.schreiner-group.com\/de\/wp-json\/wp\/v2\/categories?post=12926"},{"taxonomy":"post_tag","embeddable":true,"href":"https:\/\/forum.schreiner-group.com\/de\/wp-json\/wp\/v2\/tags?post=12926"}],"curies":[{"name":"wp","href":"https:\/\/api.w.org\/{rel}","templated":true}]}}