{"id":12553,"date":"2023-11-15T17:19:13","date_gmt":"2023-11-15T16:19:13","guid":{"rendered":"https:\/\/forum.schreiner-group.com\/?p=12553"},"modified":"2023-11-15T17:19:13","modified_gmt":"2023-11-15T16:19:13","slug":"brian-zumbolo-neuer-us-president-im-us-werk","status":"publish","type":"post","link":"https:\/\/forum.schreiner-group.com\/de\/brian-zumbolo-neuer-us-president-im-us-werk\/","title":{"rendered":"Brian Zumbolo: Neuer US-President im US-Werk"},"content":{"rendered":"<section class=\"wpb-content-wrapper\"><p>[vc_row full_width=&#8220;stretch_row_content_no_spaces&#8220; content_placement=&#8220;top&#8220; css=&#8220;.vc_custom_1699438058549{margin-top: 150px !important;}&#8220; parallax_background_image=&#8220;12545&#8243;][vc_column][vc_empty_space height=&#8220;615px&#8220;][\/vc_column][\/vc_row][vc_row css=&#8220;.vc_custom_1606212742709{background-color: #ffffff !important;}&#8220; el_class=&#8220;article_bighead&#8220;][vc_column][vc_custom_heading text=&#8220;SCHREINER GROUP&#8220; font_container=&#8220;tag:h2|text_align:center&#8220; use_theme_fonts=&#8220;yes&#8220; el_class=&#8220;topcategory&#8220;][vc_custom_heading text=&#8220;Brian Zumbolo:<br \/>\nNeuer US-President im US-Werk&#8220; font_container=&#8220;tag:h1|text_align:center&#8220; use_theme_fonts=&#8220;yes&#8220;][\/vc_column][\/vc_row][vc_row][vc_column][vc_column_text]<strong>In den Vereinigten Staaten gibt es einen neuen President \u2013 zumindest bei der Schreiner Group LP. Der erfahrene Topmanager Brian Zumbolo hat die Leitung des Werks in Blauvelt bei New York im Juli 2023 \u00fcbernommen. Die Niederlassung wurde 2008 gegr\u00fcndet. Inzwischen produzieren dort \u00fcber 80 Mitarbeiter Produkte f\u00fcr den gesamten nordamerikanischen Markt.<\/strong>[\/vc_column_text][\/vc_column][\/vc_row][vc_row][vc_column width=&#8220;1\/2&#8243;][vc_empty_space height=&#8220;15px&#8220;][vc_column_text]Das US-Werk der Schreiner Group wurde vor 15 Jahren von Gesch\u00e4ftsf\u00fchrer Roland Schreiner, damals Leiter des Gesch\u00e4ftsbereichs MediPharm, pers\u00f6nlich gegr\u00fcndet. 15 erfolgreiche Jahre, in denen das Werk von Gene Dul gef\u00fchrt wurde, der Mitte 2023 in den wohlverdienten Ruhestand gegangen war. Doch mit Brian Zumbolo wurde ein w\u00fcrdiger Nachfolger gefunden: \u201eIch bin froh dar\u00fcber, dass wir f\u00fcr unser gr\u00f6\u00dftes internationales Werk so schnell einen so erfahrenen Leiter gewinnen konnten\u201c, meint Gesch\u00e4ftsf\u00fchrer Roland Schreiner. \u201eMit seinen Erfahrungen und Visionen ist Brian Zumbolo eine gro\u00dfe Bereicherung f\u00fcr die Schreiner Group.\u201c[\/vc_column_text][\/vc_column][vc_column width=&#8220;1\/2&#8243;][vc_empty_space height=&#8220;30px&#8220;][vc_single_image image=&#8220;12549&#8243; img_size=&#8220;full&#8220; add_caption=&#8220;yes&#8220; onclick=&#8220;link_image&#8220; css_animation=&#8220;fadeIn&#8220;][\/vc_column][\/vc_row][vc_row][vc_column width=&#8220;1\/2&#8243;][vc_empty_space height=&#8220;30px&#8220;][vc_single_image image=&#8220;12551&#8243; img_size=&#8220;full&#8220; add_caption=&#8220;yes&#8220; onclick=&#8220;link_image&#8220; css_animation=&#8220;fadeIn&#8220;][\/vc_column][vc_column width=&#8220;1\/2&#8243;][vc_empty_space height=&#8220;15px&#8220;][vc_column_text]Dass er als neuer President gro\u00dfe Pl\u00e4ne hat, macht Zumbolo gleich zu Beginn klar: \u201eDie Schreiner Group hat sich in den USA in den letzten Jahren sehr gut entwickelt \u2013 jetzt besteht die M\u00f6glichkeit, das Unternehmen in Bezug auf Wachstum und Expansion auf eine neue Ebene zu heben\u201c, erkl\u00e4rt der neue Leiter \u00fcber seine T\u00e4tigkeit \u2013 und gibt einen klaren Wachstumskurs vor. \u201eIch glaube, dass die Schreiner Group in den Vereinigten Staaten noch ein gro\u00dfes Marktpotenzial hat. Ich sehe uns zuk\u00fcnftig auf einem \u00e4hnlichen Niveau wie heute bereits in Europa.\u201c[\/vc_column_text][\/vc_column][\/vc_row][vc_row][vc_column width=&#8220;1\/2&#8243;][vc_empty_space height=&#8220;15px&#8220;][vc_column_text]Der neue US-Leiter wei\u00df genau, wovon er spricht. In der Vergangenheit war er schon in den beiden wichtigsten M\u00e4rkten der Schreiner Group, Healthcare und Mobility, t\u00e4tig, zuletzt f\u00fcr einen gro\u00dfen Automobilzulieferer. Er hat Erfahrungen in der Erschlie\u00dfung neuer M\u00e4rkte, in Akquisitionen, in der Entwicklung von Kundenspezifikationen und im Aufbau starker Teams. Sechs Jahre lang hatte er von China aus die Asien-Pazifik-Gesch\u00e4fte eines gro\u00dfen US-amerikanischen Unternehmens geleitet. Urspr\u00fcnglich stammt Zumbolo allerdings aus der N\u00e4he von Blauvelt. Nach 25 Jahren in der Ferne freut er sich nun, mit seiner Familie in die Heimat zur\u00fcckzukehren: \u201eIch bin sehr froh, wieder in New York zu sein.\u201c[\/vc_column_text][\/vc_column][vc_column width=&#8220;1\/2&#8243;][vc_empty_space height=&#8220;30px&#8220;][vc_single_image image=&#8220;12547&#8243; img_size=&#8220;full&#8220; add_caption=&#8220;yes&#8220; onclick=&#8220;link_image&#8220; css_animation=&#8220;fadeIn&#8220;][\/vc_column][\/vc_row]<\/p>\n<\/section>","protected":false},"excerpt":{"rendered":"<p>In den Vereinigten Staaten gibt es einen neuen President \u2013 zumindest bei der Schreiner Group LP. Der erfahrene Topmanager Brian Zumbolo hat die Leitung des Werks in Blauvelt bei New York im Juli 2023 \u00fcbernommen. Die Niederlassung wurde 2008 gegr\u00fcndet. Inzwischen produzieren dort \u00fcber 80 Mitarbeiter Produkte f\u00fcr den gesamten nordamerikanischen Markt.<\/p>\n","protected":false},"author":2,"featured_media":12549,"comment_status":"closed","ping_status":"closed","sticky":false,"template":"","format":"standard","meta":{"inline_featured_image":false,"footnotes":""},"categories":[54],"tags":[227],"class_list":["post-12553","post","type-post","status-publish","format-standard","has-post-thumbnail","hentry","category-schreiner-group","tag-standorte"],"yoast_head":"<!-- This site is optimized with the Yoast SEO plugin v23.9 - https:\/\/yoast.com\/wordpress\/plugins\/seo\/ -->\n<title>Brian Zumbolo: Neuer US-President im US-Werk - Schreiner Group Forum<\/title>\n<meta name=\"robots\" content=\"index, follow, max-snippet:-1, max-image-preview:large, max-video-preview:-1\" \/>\n<link rel=\"canonical\" href=\"https:\/\/forum.schreiner-group.com\/de\/brian-zumbolo-neuer-us-president-im-us-werk\/\" \/>\n<meta property=\"og:locale\" content=\"de_DE\" \/>\n<meta property=\"og:type\" content=\"article\" \/>\n<meta property=\"og:title\" content=\"Brian Zumbolo: Neuer US-President im US-Werk - Schreiner Group Forum\" \/>\n<meta property=\"og:description\" content=\"In den Vereinigten Staaten gibt es einen neuen President \u2013 zumindest bei der Schreiner Group LP. Der erfahrene Topmanager Brian Zumbolo hat die Leitung des Werks in Blauvelt bei New York im Juli 2023 \u00fcbernommen. Die Niederlassung wurde 2008 gegr\u00fcndet. Inzwischen produzieren dort \u00fcber 80 Mitarbeiter Produkte f\u00fcr den gesamten nordamerikanischen Markt.\" \/>\n<meta property=\"og:url\" content=\"https:\/\/forum.schreiner-group.com\/de\/brian-zumbolo-neuer-us-president-im-us-werk\/\" \/>\n<meta property=\"og:site_name\" content=\"Schreiner Group Forum\" \/>\n<meta property=\"article:published_time\" content=\"2023-11-15T16:19:13+00:00\" \/>\n<meta property=\"og:image\" content=\"https:\/\/forum.schreiner-group.com\/wp-content\/uploads\/2023\/11\/sgr-new-us-president-welcome.jpg\" \/>\n\t<meta property=\"og:image:width\" content=\"1920\" \/>\n\t<meta property=\"og:image:height\" content=\"1280\" \/>\n\t<meta property=\"og:image:type\" content=\"image\/jpeg\" \/>\n<meta name=\"author\" content=\"markus.liedl@schreiner-group.com\" \/>\n<meta name=\"twitter:card\" content=\"summary_large_image\" \/>\n<meta name=\"twitter:label1\" content=\"Verfasst von\" \/>\n\t<meta name=\"twitter:data1\" content=\"markus.liedl@schreiner-group.com\" \/>\n\t<meta name=\"twitter:label2\" content=\"Gesch\u00e4tzte Lesezeit\" \/>\n\t<meta name=\"twitter:data2\" content=\"3\u00a0Minuten\" \/>\n<script type=\"application\/ld+json\" class=\"yoast-schema-graph\">{\"@context\":\"https:\/\/schema.org\",\"@graph\":[{\"@type\":\"WebPage\",\"@id\":\"https:\/\/forum.schreiner-group.com\/de\/brian-zumbolo-neuer-us-president-im-us-werk\/\",\"url\":\"https:\/\/forum.schreiner-group.com\/de\/brian-zumbolo-neuer-us-president-im-us-werk\/\",\"name\":\"Brian Zumbolo: Neuer US-President im US-Werk - Schreiner Group Forum\",\"isPartOf\":{\"@id\":\"https:\/\/forum.schreiner-group.com\/de\/#website\"},\"primaryImageOfPage\":{\"@id\":\"https:\/\/forum.schreiner-group.com\/de\/brian-zumbolo-neuer-us-president-im-us-werk\/#primaryimage\"},\"image\":{\"@id\":\"https:\/\/forum.schreiner-group.com\/de\/brian-zumbolo-neuer-us-president-im-us-werk\/#primaryimage\"},\"thumbnailUrl\":\"https:\/\/forum.schreiner-group.com\/wp-content\/uploads\/2023\/11\/sgr-new-us-president-welcome.jpg\",\"datePublished\":\"2023-11-15T16:19:13+00:00\",\"dateModified\":\"2023-11-15T16:19:13+00:00\",\"author\":{\"@id\":\"https:\/\/forum.schreiner-group.com\/de\/#\/schema\/person\/bd0e2515cfe9118ea30379405cb6f7dc\"},\"breadcrumb\":{\"@id\":\"https:\/\/forum.schreiner-group.com\/de\/brian-zumbolo-neuer-us-president-im-us-werk\/#breadcrumb\"},\"inLanguage\":\"de\",\"potentialAction\":[{\"@type\":\"ReadAction\",\"target\":[\"https:\/\/forum.schreiner-group.com\/de\/brian-zumbolo-neuer-us-president-im-us-werk\/\"]}]},{\"@type\":\"ImageObject\",\"inLanguage\":\"de\",\"@id\":\"https:\/\/forum.schreiner-group.com\/de\/brian-zumbolo-neuer-us-president-im-us-werk\/#primaryimage\",\"url\":\"https:\/\/forum.schreiner-group.com\/wp-content\/uploads\/2023\/11\/sgr-new-us-president-welcome.jpg\",\"contentUrl\":\"https:\/\/forum.schreiner-group.com\/wp-content\/uploads\/2023\/11\/sgr-new-us-president-welcome.jpg\",\"width\":1920,\"height\":1280,\"caption\":\"Gesch\u00e4ftsf\u00fchrer Roland Schreiner (rechts) hei\u00dft Brian Zumbolo als neuen President der Schreiner Group LP willkommen.\"},{\"@type\":\"BreadcrumbList\",\"@id\":\"https:\/\/forum.schreiner-group.com\/de\/brian-zumbolo-neuer-us-president-im-us-werk\/#breadcrumb\",\"itemListElement\":[{\"@type\":\"ListItem\",\"position\":1,\"name\":\"Startseite\",\"item\":\"https:\/\/forum.schreiner-group.com\/de\/\"},{\"@type\":\"ListItem\",\"position\":2,\"name\":\"Brian Zumbolo: Neuer US-President im US-Werk\"}]},{\"@type\":\"WebSite\",\"@id\":\"https:\/\/forum.schreiner-group.com\/de\/#website\",\"url\":\"https:\/\/forum.schreiner-group.com\/de\/\",\"name\":\"Schreiner Group Forum\",\"description\":\"\",\"potentialAction\":[{\"@type\":\"SearchAction\",\"target\":{\"@type\":\"EntryPoint\",\"urlTemplate\":\"https:\/\/forum.schreiner-group.com\/de\/?s={search_term_string}\"},\"query-input\":{\"@type\":\"PropertyValueSpecification\",\"valueRequired\":true,\"valueName\":\"search_term_string\"}}],\"inLanguage\":\"de\"},{\"@type\":\"Person\",\"@id\":\"https:\/\/forum.schreiner-group.com\/de\/#\/schema\/person\/bd0e2515cfe9118ea30379405cb6f7dc\",\"name\":\"markus.liedl@schreiner-group.com\",\"image\":{\"@type\":\"ImageObject\",\"inLanguage\":\"de\",\"@id\":\"https:\/\/forum.schreiner-group.com\/de\/#\/schema\/person\/image\/\",\"url\":\"https:\/\/secure.gravatar.com\/avatar\/e83202ed81ba95ae0113c3f2d897918a?s=96&d=mm&r=g\",\"contentUrl\":\"https:\/\/secure.gravatar.com\/avatar\/e83202ed81ba95ae0113c3f2d897918a?s=96&d=mm&r=g\",\"caption\":\"markus.liedl@schreiner-group.com\"},\"url\":\"https:\/\/forum.schreiner-group.com\/de\/author\/markus-liedlschreiner-group-de\/\"}]}<\/script>\n<!-- \/ Yoast SEO plugin. -->","yoast_head_json":{"title":"Brian Zumbolo: Neuer US-President im US-Werk - Schreiner Group Forum","robots":{"index":"index","follow":"follow","max-snippet":"max-snippet:-1","max-image-preview":"max-image-preview:large","max-video-preview":"max-video-preview:-1"},"canonical":"https:\/\/forum.schreiner-group.com\/de\/brian-zumbolo-neuer-us-president-im-us-werk\/","og_locale":"de_DE","og_type":"article","og_title":"Brian Zumbolo: Neuer US-President im US-Werk - Schreiner Group Forum","og_description":"In den Vereinigten Staaten gibt es einen neuen President \u2013 zumindest bei der Schreiner Group LP. Der erfahrene Topmanager Brian Zumbolo hat die Leitung des Werks in Blauvelt bei New York im Juli 2023 \u00fcbernommen. Die Niederlassung wurde 2008 gegr\u00fcndet. Inzwischen produzieren dort \u00fcber 80 Mitarbeiter Produkte f\u00fcr den gesamten nordamerikanischen Markt.","og_url":"https:\/\/forum.schreiner-group.com\/de\/brian-zumbolo-neuer-us-president-im-us-werk\/","og_site_name":"Schreiner Group Forum","article_published_time":"2023-11-15T16:19:13+00:00","og_image":[{"width":1920,"height":1280,"url":"https:\/\/forum.schreiner-group.com\/wp-content\/uploads\/2023\/11\/sgr-new-us-president-welcome.jpg","type":"image\/jpeg"}],"author":"markus.liedl@schreiner-group.com","twitter_card":"summary_large_image","twitter_misc":{"Verfasst von":"markus.liedl@schreiner-group.com","Gesch\u00e4tzte Lesezeit":"3\u00a0Minuten"},"schema":{"@context":"https:\/\/schema.org","@graph":[{"@type":"WebPage","@id":"https:\/\/forum.schreiner-group.com\/de\/brian-zumbolo-neuer-us-president-im-us-werk\/","url":"https:\/\/forum.schreiner-group.com\/de\/brian-zumbolo-neuer-us-president-im-us-werk\/","name":"Brian Zumbolo: Neuer US-President im US-Werk - Schreiner Group Forum","isPartOf":{"@id":"https:\/\/forum.schreiner-group.com\/de\/#website"},"primaryImageOfPage":{"@id":"https:\/\/forum.schreiner-group.com\/de\/brian-zumbolo-neuer-us-president-im-us-werk\/#primaryimage"},"image":{"@id":"https:\/\/forum.schreiner-group.com\/de\/brian-zumbolo-neuer-us-president-im-us-werk\/#primaryimage"},"thumbnailUrl":"https:\/\/forum.schreiner-group.com\/wp-content\/uploads\/2023\/11\/sgr-new-us-president-welcome.jpg","datePublished":"2023-11-15T16:19:13+00:00","dateModified":"2023-11-15T16:19:13+00:00","author":{"@id":"https:\/\/forum.schreiner-group.com\/de\/#\/schema\/person\/bd0e2515cfe9118ea30379405cb6f7dc"},"breadcrumb":{"@id":"https:\/\/forum.schreiner-group.com\/de\/brian-zumbolo-neuer-us-president-im-us-werk\/#breadcrumb"},"inLanguage":"de","potentialAction":[{"@type":"ReadAction","target":["https:\/\/forum.schreiner-group.com\/de\/brian-zumbolo-neuer-us-president-im-us-werk\/"]}]},{"@type":"ImageObject","inLanguage":"de","@id":"https:\/\/forum.schreiner-group.com\/de\/brian-zumbolo-neuer-us-president-im-us-werk\/#primaryimage","url":"https:\/\/forum.schreiner-group.com\/wp-content\/uploads\/2023\/11\/sgr-new-us-president-welcome.jpg","contentUrl":"https:\/\/forum.schreiner-group.com\/wp-content\/uploads\/2023\/11\/sgr-new-us-president-welcome.jpg","width":1920,"height":1280,"caption":"Gesch\u00e4ftsf\u00fchrer Roland Schreiner (rechts) hei\u00dft Brian Zumbolo als neuen President der Schreiner Group LP willkommen."},{"@type":"BreadcrumbList","@id":"https:\/\/forum.schreiner-group.com\/de\/brian-zumbolo-neuer-us-president-im-us-werk\/#breadcrumb","itemListElement":[{"@type":"ListItem","position":1,"name":"Startseite","item":"https:\/\/forum.schreiner-group.com\/de\/"},{"@type":"ListItem","position":2,"name":"Brian Zumbolo: Neuer US-President im US-Werk"}]},{"@type":"WebSite","@id":"https:\/\/forum.schreiner-group.com\/de\/#website","url":"https:\/\/forum.schreiner-group.com\/de\/","name":"Schreiner Group Forum","description":"","potentialAction":[{"@type":"SearchAction","target":{"@type":"EntryPoint","urlTemplate":"https:\/\/forum.schreiner-group.com\/de\/?s={search_term_string}"},"query-input":{"@type":"PropertyValueSpecification","valueRequired":true,"valueName":"search_term_string"}}],"inLanguage":"de"},{"@type":"Person","@id":"https:\/\/forum.schreiner-group.com\/de\/#\/schema\/person\/bd0e2515cfe9118ea30379405cb6f7dc","name":"markus.liedl@schreiner-group.com","image":{"@type":"ImageObject","inLanguage":"de","@id":"https:\/\/forum.schreiner-group.com\/de\/#\/schema\/person\/image\/","url":"https:\/\/secure.gravatar.com\/avatar\/e83202ed81ba95ae0113c3f2d897918a?s=96&d=mm&r=g","contentUrl":"https:\/\/secure.gravatar.com\/avatar\/e83202ed81ba95ae0113c3f2d897918a?s=96&d=mm&r=g","caption":"markus.liedl@schreiner-group.com"},"url":"https:\/\/forum.schreiner-group.com\/de\/author\/markus-liedlschreiner-group-de\/"}]}},"_links":{"self":[{"href":"https:\/\/forum.schreiner-group.com\/de\/wp-json\/wp\/v2\/posts\/12553","targetHints":{"allow":["GET"]}}],"collection":[{"href":"https:\/\/forum.schreiner-group.com\/de\/wp-json\/wp\/v2\/posts"}],"about":[{"href":"https:\/\/forum.schreiner-group.com\/de\/wp-json\/wp\/v2\/types\/post"}],"author":[{"embeddable":true,"href":"https:\/\/forum.schreiner-group.com\/de\/wp-json\/wp\/v2\/users\/2"}],"replies":[{"embeddable":true,"href":"https:\/\/forum.schreiner-group.com\/de\/wp-json\/wp\/v2\/comments?post=12553"}],"version-history":[{"count":2,"href":"https:\/\/forum.schreiner-group.com\/de\/wp-json\/wp\/v2\/posts\/12553\/revisions"}],"predecessor-version":[{"id":12559,"href":"https:\/\/forum.schreiner-group.com\/de\/wp-json\/wp\/v2\/posts\/12553\/revisions\/12559"}],"wp:featuredmedia":[{"embeddable":true,"href":"https:\/\/forum.schreiner-group.com\/de\/wp-json\/wp\/v2\/media\/12549"}],"wp:attachment":[{"href":"https:\/\/forum.schreiner-group.com\/de\/wp-json\/wp\/v2\/media?parent=12553"}],"wp:term":[{"taxonomy":"category","embeddable":true,"href":"https:\/\/forum.schreiner-group.com\/de\/wp-json\/wp\/v2\/categories?post=12553"},{"taxonomy":"post_tag","embeddable":true,"href":"https:\/\/forum.schreiner-group.com\/de\/wp-json\/wp\/v2\/tags?post=12553"}],"curies":[{"name":"wp","href":"https:\/\/api.w.org\/{rel}","templated":true}]}}