{"id":11309,"date":"2023-03-22T11:16:51","date_gmt":"2023-03-22T10:16:51","guid":{"rendered":"https:\/\/forum.schreiner-group.com\/?p=11309"},"modified":"2023-05-05T09:16:31","modified_gmt":"2023-05-05T07:16:31","slug":"happy-birthday-druckausgleichselement","status":"publish","type":"post","link":"https:\/\/forum.schreiner-group.com\/de\/happy-birthday-druckausgleichselement\/","title":{"rendered":"Happy Birthday, Druckausgleichselement!"},"content":{"rendered":"<section class=\"wpb-content-wrapper\"><p>[vc_row full_width=&#8220;stretch_row_content_no_spaces&#8220; content_placement=&#8220;top&#8220; css=&#8220;.vc_custom_1678181183559{margin-top: 150px !important;}&#8220; parallax_background_image=&#8220;11303&#8243;][vc_column][vc_empty_space height=&#8220;615px&#8220;][\/vc_column][\/vc_row][vc_row css=&#8220;.vc_custom_1596612545427{background-color: #ffffff !important;}&#8220; el_class=&#8220;article_bighead&#8220;][vc_column][vc_custom_heading text=&#8220;SCHREINER PROTECH&#8220; font_container=&#8220;tag:h2|text_align:center&#8220; use_theme_fonts=&#8220;yes&#8220; el_class=&#8220;topcategory&#8220;][vc_custom_heading text=&#8220;Happy Birthday, Druckausgleichselement!&#8220; font_container=&#8220;tag:h1|text_align:center&#8220; use_theme_fonts=&#8220;yes&#8220;][\/vc_column][\/vc_row][vc_row css=&#8220;.vc_custom_1594633744978{padding-bottom: 3% !important;}&#8220;][vc_column][vc_column_text]<strong>Ganz ehrlich: Eigentlich sind sie ja absolut unscheinbar, daf\u00fcr aber unverzichtbar. Die Rede ist von Druckausgleichselementen, kurz DAE. Ob im Auto oder bei der elektrischen Zahnb\u00fcrste \u2013 die Einsatzm\u00f6glichkeiten der kleinen Bauteile bei elektronischen Anwendungen sind riesig. Bei Schreiner ProTech sind sie seit Langem fester Bestandteil des Portfolios \u2013 und feiern jetzt ein Jubil\u00e4um. Zeit f\u00fcr einen kleinen R\u00fcck- und Ausblick.<\/strong>[\/vc_column_text][\/vc_column][\/vc_row][vc_row][vc_column width=&#8220;2\/3&#8243;][vc_empty_space height=&#8220;25px&#8220;][vc_column_text]Angefangen hat alles Mitte der 90er mit einem Kundenwunsch: Eine gasdurchl\u00e4ssige, aber wasserdichte Membran sollte mit einem Klebering ausger\u00fcstet werden, um damit Steuerger\u00e4te in Fahrzeugen zu bel\u00fcften. Was folgt, sind zahlreiche Versuche und Gespr\u00e4che mit dem Kunden. Bei dem ganzen Prozess kristallisiert sich bald der Produktname heraus: Druckausgleichselement, kurz DAE.[\/vc_column_text][\/vc_column][vc_column width=&#8220;1\/3&#8243;][vc_empty_space height=&#8220;15px&#8220;][vc_single_image image=&#8220;11287&#8243; css_animation=&#8220;fadeIn&#8220;][\/vc_column][\/vc_row][vc_row][vc_column][vc_empty_space][vc_column_text]Noch hat die Schreiner Group keinerlei Expertise mit diesen Sondermaterialien. Doch irgendwann gibt es die ersten Verarbeitungsauftr\u00e4ge mit der Membran 20-88. Sie wird \u00fcber einen Zeitraum von 20 Jahren zur Standardmembran bei der Schreiner Group. Die ersten \u201eAuftritte\u201c der DAE sind eher unspektakul\u00e4r.<\/p>\n<p>Bei elektrischen Garagentor-Antrieben und Tief-Brunnen-Sensoren kommen sie zum Einsatz. Auftr\u00e4ge aus dem Bereich Automotive folgen: Ob \u201eDAE integriert ins Typenschild\u201c oder das \u201eDampfstrahlschutz-Abdecketikett f\u00fcr Klebe-DAE\u201c \u2013 die damals noch neue Produktgruppe gewinnt an Fahrt.[\/vc_column_text][vc_empty_space height=&#8220;25px&#8220;][vc_single_image image=&#8220;11303&#8243; img_size=&#8220;full&#8220; onclick=&#8220;link_image&#8220; css_animation=&#8220;fadeIn&#8220;][\/vc_column][\/vc_row][vc_row][vc_column][vc_empty_space][vc_column_text]Doch dass aus anf\u00e4nglich wenigen 10.000 St\u00fcck pro Jahr einmal rund 100 Millionen Druckausgleichselemente j\u00e4hrlich werden \u2013 das war vor 25 Jahren wahrlich nicht absehbar. Mittlerweile hat sich nicht nur das Portfolio deutlich erweitert, Schreiner ProTech hat sich als DAE-Komplettl\u00f6sungsanbieter auf dem Markt etabliert.<\/p>\n<p>Ob Systeml\u00f6sungen zur manuellen, halbautomatischen und vollautomatisierten Montage und Pr\u00fcfung \u2013 die ma\u00dfgeschneiderten, individuellen L\u00f6sungen werden von den Kunden weltweit gesch\u00e4tzt.[\/vc_column_text][\/vc_column][\/vc_row][vc_row][vc_column width=&#8220;1\/3&#8243;][vc_empty_space height=&#8220;25px&#8220;][vc_single_image image=&#8220;11293&#8243; img_size=&#8220;full&#8220; add_caption=&#8220;yes&#8220; onclick=&#8220;link_image&#8220; css_animation=&#8220;fadeIn&#8220;][vc_empty_space height=&#8220;25px&#8220;][\/vc_column][vc_column width=&#8220;1\/3&#8243;][vc_empty_space height=&#8220;25px&#8220;][vc_single_image image=&#8220;11297&#8243; img_size=&#8220;full&#8220; add_caption=&#8220;yes&#8220; onclick=&#8220;link_image&#8220; css_animation=&#8220;fadeIn&#8220;][vc_empty_space height=&#8220;25px&#8220;][\/vc_column][vc_column width=&#8220;1\/3&#8243;][vc_empty_space height=&#8220;25px&#8220;][vc_single_image image=&#8220;11299&#8243; img_size=&#8220;full&#8220; add_caption=&#8220;yes&#8220; onclick=&#8220;link_image&#8220; css_animation=&#8220;fadeIn&#8220;][vc_empty_space height=&#8220;25px&#8220;][\/vc_column][\/vc_row][vc_row][vc_column][vc_column_text]Die stetige Weiterentwicklung im Bereich DAE macht sich auch platzm\u00e4\u00dfig bemerkbar: Brauchte man f\u00fcr die ersten Wareneingangspr\u00fcfungen in den 90ern gerade einmal 15 Quadratmeter und einen Pr\u00fcfer, so hat sich der Bereich heute auf eine komplette Halle mit mehreren Anlagen und Mitarbeitern ausgedehnt.<\/p>\n<p>Weiterentwickelt haben sich in den letzten Jahrzehnten auch die internen Pr\u00fcfmethoden. Wurden die Funktionspr\u00fcfungen anfangs noch ausschlie\u00dflich von Kunden \u00fcbernommen, so hat die Schreiner Group heute die M\u00f6glichkeit, viele der n\u00f6tigen Tests im eigenen Labor selbst durchzuf\u00fchren.<\/p>\n<p>Optisch hat sich das DAE im vergangenen Vierteljahrhundert zwar kaum ver\u00e4ndert \u2013 doch die Anspr\u00fcche an das Produkt sind aufgrund der Einsatzm\u00f6glichkeiten deutlich gestiegen. Ein Grund, warum Schreiner ProTech den Druckausgleichselementen ab 2023 ein eigenes Prozesscenter widmet. Man darf also gespannt sein, was uns aus dem Bereich DAE in den n\u00e4chsten 25 Jahren erwartet.[\/vc_column_text][\/vc_column][\/vc_row][vc_row][vc_column width=&#8220;1\/3&#8243;][vc_empty_space height=&#8220;25px&#8220;][vc_single_image image=&#8220;11291&#8243; img_size=&#8220;full&#8220; add_caption=&#8220;yes&#8220; onclick=&#8220;link_image&#8220; css_animation=&#8220;fadeIn&#8220;][vc_empty_space height=&#8220;25px&#8220;][\/vc_column][vc_column width=&#8220;1\/3&#8243;][vc_empty_space height=&#8220;25px&#8220;][vc_single_image image=&#8220;11289&#8243; img_size=&#8220;full&#8220; add_caption=&#8220;yes&#8220; onclick=&#8220;link_image&#8220; css_animation=&#8220;fadeIn&#8220;][vc_empty_space height=&#8220;25px&#8220;][\/vc_column][vc_column width=&#8220;1\/3&#8243;][vc_empty_space height=&#8220;25px&#8220;][vc_single_image image=&#8220;11295&#8243; img_size=&#8220;full&#8220; add_caption=&#8220;yes&#8220; onclick=&#8220;link_image&#8220; css_animation=&#8220;fadeIn&#8220;][vc_empty_space height=&#8220;25px&#8220;][\/vc_column][\/vc_row][vc_row][vc_column][vc_column_text el_class=&#8220;kastenunten&#8220; css=&#8220;.vc_custom_1678177339539{background-color: #2757a2 !important;}&#8220;]<span style=\"color: #ffffff;\"><strong>Druckausgleichselemente (DAE)<\/strong><\/span><\/p>\n<p><span style=\"color: #ffffff;\">DAE haben meist nur einen Durchmesser von etwa 3 bis 30 mm. Die Besonderheit ist die Membran, die sich im Inneren des Bauteils befindet. Sie ist wasser- und staubdicht, aber luftdurchl\u00e4ssig. So werden Druckdifferenzen in Geh\u00e4usen ausgeglichen, die Elektronik vor Feuchtigkeit und Schmutz gesch\u00fctzt und die Funktion von elektronischen Bauteilen gew\u00e4hrleistet.<\/span>[\/vc_column_text][\/vc_column][\/vc_row][vc_row][vc_column][vc_empty_space height=&#8220;25px&#8220;][vc_btn title=&#8220;Mehr zu den Druckausgleichselementen von Schreiner ProTech&#8220; color=&#8220;danger&#8220; align=&#8220;center&#8220; link=&#8220;url:https%3A%2F%2Fwww.schreiner-group.com%2Fde%2Fprodukte%2Fautomobilindustrie%2Fdruckausgleichselemente%2F||target:%20_blank|&#8220;][\/vc_column][\/vc_row]<\/p>\n<\/section>","protected":false},"excerpt":{"rendered":"<p>Ganz ehrlich: Eigentlich sind sie ja absolut unscheinbar, daf\u00fcr aber unverzichtbar. Die Rede ist von Druckausgleichselementen, kurz DAE. Ob im Auto oder bei der elektrischen Zahnb\u00fcrste \u2013 die Einsatzm\u00f6glichkeiten der kleinen Bauteile bei elektronischen Anwendungen sind riesig. Bei Schreiner ProTech sind sie seit Langem fester Bestandteil des Portfolios \u2013 und feiern jetzt ein Jubil\u00e4um. Zeit f\u00fcr einen kleinen R\u00fcck- und Ausblick.<\/p>\n","protected":false},"author":2,"featured_media":11289,"comment_status":"open","ping_status":"open","sticky":false,"template":"","format":"standard","meta":{"inline_featured_image":false,"footnotes":""},"categories":[56],"tags":[233],"class_list":["post-11309","post","type-post","status-publish","format-standard","has-post-thumbnail","hentry","category-schreiner-protech","tag-be-und-entlueftung"],"yoast_head":"<!-- This site is optimized with the Yoast SEO plugin v23.9 - https:\/\/yoast.com\/wordpress\/plugins\/seo\/ -->\n<title>Happy Birthday, Druckausgleichselement! - Schreiner Group Forum<\/title>\n<meta name=\"robots\" content=\"index, follow, max-snippet:-1, max-image-preview:large, max-video-preview:-1\" \/>\n<link rel=\"canonical\" href=\"https:\/\/forum.schreiner-group.com\/de\/happy-birthday-druckausgleichselement\/\" \/>\n<meta property=\"og:locale\" content=\"de_DE\" \/>\n<meta property=\"og:type\" content=\"article\" \/>\n<meta property=\"og:title\" content=\"Happy Birthday, Druckausgleichselement! - Schreiner Group Forum\" \/>\n<meta property=\"og:description\" content=\"Ganz ehrlich: Eigentlich sind sie ja absolut unscheinbar, daf\u00fcr aber unverzichtbar. Die Rede ist von Druckausgleichselementen, kurz DAE. Ob im Auto oder bei der elektrischen Zahnb\u00fcrste \u2013 die Einsatzm\u00f6glichkeiten der kleinen Bauteile bei elektronischen Anwendungen sind riesig. Bei Schreiner ProTech sind sie seit Langem fester Bestandteil des Portfolios \u2013 und feiern jetzt ein Jubil\u00e4um. Zeit f\u00fcr einen kleinen R\u00fcck- und Ausblick.\" \/>\n<meta property=\"og:url\" content=\"https:\/\/forum.schreiner-group.com\/de\/happy-birthday-druckausgleichselement\/\" \/>\n<meta property=\"og:site_name\" content=\"Schreiner Group Forum\" \/>\n<meta property=\"article:published_time\" content=\"2023-03-22T10:16:51+00:00\" \/>\n<meta property=\"article:modified_time\" content=\"2023-05-05T07:16:31+00:00\" \/>\n<meta property=\"og:image\" content=\"https:\/\/forum.schreiner-group.com\/wp-content\/uploads\/2023\/03\/protech-25jahre-dae-highprotect.jpg\" \/>\n\t<meta property=\"og:image:width\" content=\"1920\" \/>\n\t<meta property=\"og:image:height\" content=\"1280\" \/>\n\t<meta property=\"og:image:type\" content=\"image\/jpeg\" \/>\n<meta name=\"author\" content=\"markus.liedl@schreiner-group.com\" \/>\n<meta name=\"twitter:card\" content=\"summary_large_image\" \/>\n<meta name=\"twitter:label1\" content=\"Verfasst von\" \/>\n\t<meta name=\"twitter:data1\" content=\"markus.liedl@schreiner-group.com\" \/>\n\t<meta name=\"twitter:label2\" content=\"Gesch\u00e4tzte Lesezeit\" \/>\n\t<meta name=\"twitter:data2\" content=\"5\u00a0Minuten\" \/>\n<script type=\"application\/ld+json\" class=\"yoast-schema-graph\">{\"@context\":\"https:\/\/schema.org\",\"@graph\":[{\"@type\":\"WebPage\",\"@id\":\"https:\/\/forum.schreiner-group.com\/de\/happy-birthday-druckausgleichselement\/\",\"url\":\"https:\/\/forum.schreiner-group.com\/de\/happy-birthday-druckausgleichselement\/\",\"name\":\"Happy Birthday, Druckausgleichselement! - Schreiner Group Forum\",\"isPartOf\":{\"@id\":\"https:\/\/forum.schreiner-group.com\/de\/#website\"},\"primaryImageOfPage\":{\"@id\":\"https:\/\/forum.schreiner-group.com\/de\/happy-birthday-druckausgleichselement\/#primaryimage\"},\"image\":{\"@id\":\"https:\/\/forum.schreiner-group.com\/de\/happy-birthday-druckausgleichselement\/#primaryimage\"},\"thumbnailUrl\":\"https:\/\/forum.schreiner-group.com\/wp-content\/uploads\/2023\/03\/protech-25jahre-dae-highprotect.jpg\",\"datePublished\":\"2023-03-22T10:16:51+00:00\",\"dateModified\":\"2023-05-05T07:16:31+00:00\",\"author\":{\"@id\":\"https:\/\/forum.schreiner-group.com\/de\/#\/schema\/person\/bd0e2515cfe9118ea30379405cb6f7dc\"},\"breadcrumb\":{\"@id\":\"https:\/\/forum.schreiner-group.com\/de\/happy-birthday-druckausgleichselement\/#breadcrumb\"},\"inLanguage\":\"de\",\"potentialAction\":[{\"@type\":\"ReadAction\",\"target\":[\"https:\/\/forum.schreiner-group.com\/de\/happy-birthday-druckausgleichselement\/\"]}]},{\"@type\":\"ImageObject\",\"inLanguage\":\"de\",\"@id\":\"https:\/\/forum.schreiner-group.com\/de\/happy-birthday-druckausgleichselement\/#primaryimage\",\"url\":\"https:\/\/forum.schreiner-group.com\/wp-content\/uploads\/2023\/03\/protech-25jahre-dae-highprotect.jpg\",\"contentUrl\":\"https:\/\/forum.schreiner-group.com\/wp-content\/uploads\/2023\/03\/protech-25jahre-dae-highprotect.jpg\",\"width\":1920,\"height\":1280,\"caption\":\"DAE HighProtect\"},{\"@type\":\"BreadcrumbList\",\"@id\":\"https:\/\/forum.schreiner-group.com\/de\/happy-birthday-druckausgleichselement\/#breadcrumb\",\"itemListElement\":[{\"@type\":\"ListItem\",\"position\":1,\"name\":\"Startseite\",\"item\":\"https:\/\/forum.schreiner-group.com\/de\/\"},{\"@type\":\"ListItem\",\"position\":2,\"name\":\"Happy Birthday, Druckausgleichselement!\"}]},{\"@type\":\"WebSite\",\"@id\":\"https:\/\/forum.schreiner-group.com\/de\/#website\",\"url\":\"https:\/\/forum.schreiner-group.com\/de\/\",\"name\":\"Schreiner Group Forum\",\"description\":\"\",\"potentialAction\":[{\"@type\":\"SearchAction\",\"target\":{\"@type\":\"EntryPoint\",\"urlTemplate\":\"https:\/\/forum.schreiner-group.com\/de\/?s={search_term_string}\"},\"query-input\":{\"@type\":\"PropertyValueSpecification\",\"valueRequired\":true,\"valueName\":\"search_term_string\"}}],\"inLanguage\":\"de\"},{\"@type\":\"Person\",\"@id\":\"https:\/\/forum.schreiner-group.com\/de\/#\/schema\/person\/bd0e2515cfe9118ea30379405cb6f7dc\",\"name\":\"markus.liedl@schreiner-group.com\",\"image\":{\"@type\":\"ImageObject\",\"inLanguage\":\"de\",\"@id\":\"https:\/\/forum.schreiner-group.com\/de\/#\/schema\/person\/image\/\",\"url\":\"https:\/\/secure.gravatar.com\/avatar\/e83202ed81ba95ae0113c3f2d897918a?s=96&d=mm&r=g\",\"contentUrl\":\"https:\/\/secure.gravatar.com\/avatar\/e83202ed81ba95ae0113c3f2d897918a?s=96&d=mm&r=g\",\"caption\":\"markus.liedl@schreiner-group.com\"},\"url\":\"https:\/\/forum.schreiner-group.com\/de\/author\/markus-liedlschreiner-group-de\/\"}]}<\/script>\n<!-- \/ Yoast SEO plugin. -->","yoast_head_json":{"title":"Happy Birthday, Druckausgleichselement! - Schreiner Group Forum","robots":{"index":"index","follow":"follow","max-snippet":"max-snippet:-1","max-image-preview":"max-image-preview:large","max-video-preview":"max-video-preview:-1"},"canonical":"https:\/\/forum.schreiner-group.com\/de\/happy-birthday-druckausgleichselement\/","og_locale":"de_DE","og_type":"article","og_title":"Happy Birthday, Druckausgleichselement! - Schreiner Group Forum","og_description":"Ganz ehrlich: Eigentlich sind sie ja absolut unscheinbar, daf\u00fcr aber unverzichtbar. Die Rede ist von Druckausgleichselementen, kurz DAE. Ob im Auto oder bei der elektrischen Zahnb\u00fcrste \u2013 die Einsatzm\u00f6glichkeiten der kleinen Bauteile bei elektronischen Anwendungen sind riesig. Bei Schreiner ProTech sind sie seit Langem fester Bestandteil des Portfolios \u2013 und feiern jetzt ein Jubil\u00e4um. Zeit f\u00fcr einen kleinen R\u00fcck- und Ausblick.","og_url":"https:\/\/forum.schreiner-group.com\/de\/happy-birthday-druckausgleichselement\/","og_site_name":"Schreiner Group Forum","article_published_time":"2023-03-22T10:16:51+00:00","article_modified_time":"2023-05-05T07:16:31+00:00","og_image":[{"width":1920,"height":1280,"url":"https:\/\/forum.schreiner-group.com\/wp-content\/uploads\/2023\/03\/protech-25jahre-dae-highprotect.jpg","type":"image\/jpeg"}],"author":"markus.liedl@schreiner-group.com","twitter_card":"summary_large_image","twitter_misc":{"Verfasst von":"markus.liedl@schreiner-group.com","Gesch\u00e4tzte Lesezeit":"5\u00a0Minuten"},"schema":{"@context":"https:\/\/schema.org","@graph":[{"@type":"WebPage","@id":"https:\/\/forum.schreiner-group.com\/de\/happy-birthday-druckausgleichselement\/","url":"https:\/\/forum.schreiner-group.com\/de\/happy-birthday-druckausgleichselement\/","name":"Happy Birthday, Druckausgleichselement! - Schreiner Group Forum","isPartOf":{"@id":"https:\/\/forum.schreiner-group.com\/de\/#website"},"primaryImageOfPage":{"@id":"https:\/\/forum.schreiner-group.com\/de\/happy-birthday-druckausgleichselement\/#primaryimage"},"image":{"@id":"https:\/\/forum.schreiner-group.com\/de\/happy-birthday-druckausgleichselement\/#primaryimage"},"thumbnailUrl":"https:\/\/forum.schreiner-group.com\/wp-content\/uploads\/2023\/03\/protech-25jahre-dae-highprotect.jpg","datePublished":"2023-03-22T10:16:51+00:00","dateModified":"2023-05-05T07:16:31+00:00","author":{"@id":"https:\/\/forum.schreiner-group.com\/de\/#\/schema\/person\/bd0e2515cfe9118ea30379405cb6f7dc"},"breadcrumb":{"@id":"https:\/\/forum.schreiner-group.com\/de\/happy-birthday-druckausgleichselement\/#breadcrumb"},"inLanguage":"de","potentialAction":[{"@type":"ReadAction","target":["https:\/\/forum.schreiner-group.com\/de\/happy-birthday-druckausgleichselement\/"]}]},{"@type":"ImageObject","inLanguage":"de","@id":"https:\/\/forum.schreiner-group.com\/de\/happy-birthday-druckausgleichselement\/#primaryimage","url":"https:\/\/forum.schreiner-group.com\/wp-content\/uploads\/2023\/03\/protech-25jahre-dae-highprotect.jpg","contentUrl":"https:\/\/forum.schreiner-group.com\/wp-content\/uploads\/2023\/03\/protech-25jahre-dae-highprotect.jpg","width":1920,"height":1280,"caption":"DAE HighProtect"},{"@type":"BreadcrumbList","@id":"https:\/\/forum.schreiner-group.com\/de\/happy-birthday-druckausgleichselement\/#breadcrumb","itemListElement":[{"@type":"ListItem","position":1,"name":"Startseite","item":"https:\/\/forum.schreiner-group.com\/de\/"},{"@type":"ListItem","position":2,"name":"Happy Birthday, Druckausgleichselement!"}]},{"@type":"WebSite","@id":"https:\/\/forum.schreiner-group.com\/de\/#website","url":"https:\/\/forum.schreiner-group.com\/de\/","name":"Schreiner Group Forum","description":"","potentialAction":[{"@type":"SearchAction","target":{"@type":"EntryPoint","urlTemplate":"https:\/\/forum.schreiner-group.com\/de\/?s={search_term_string}"},"query-input":{"@type":"PropertyValueSpecification","valueRequired":true,"valueName":"search_term_string"}}],"inLanguage":"de"},{"@type":"Person","@id":"https:\/\/forum.schreiner-group.com\/de\/#\/schema\/person\/bd0e2515cfe9118ea30379405cb6f7dc","name":"markus.liedl@schreiner-group.com","image":{"@type":"ImageObject","inLanguage":"de","@id":"https:\/\/forum.schreiner-group.com\/de\/#\/schema\/person\/image\/","url":"https:\/\/secure.gravatar.com\/avatar\/e83202ed81ba95ae0113c3f2d897918a?s=96&d=mm&r=g","contentUrl":"https:\/\/secure.gravatar.com\/avatar\/e83202ed81ba95ae0113c3f2d897918a?s=96&d=mm&r=g","caption":"markus.liedl@schreiner-group.com"},"url":"https:\/\/forum.schreiner-group.com\/de\/author\/markus-liedlschreiner-group-de\/"}]}},"_links":{"self":[{"href":"https:\/\/forum.schreiner-group.com\/de\/wp-json\/wp\/v2\/posts\/11309","targetHints":{"allow":["GET"]}}],"collection":[{"href":"https:\/\/forum.schreiner-group.com\/de\/wp-json\/wp\/v2\/posts"}],"about":[{"href":"https:\/\/forum.schreiner-group.com\/de\/wp-json\/wp\/v2\/types\/post"}],"author":[{"embeddable":true,"href":"https:\/\/forum.schreiner-group.com\/de\/wp-json\/wp\/v2\/users\/2"}],"replies":[{"embeddable":true,"href":"https:\/\/forum.schreiner-group.com\/de\/wp-json\/wp\/v2\/comments?post=11309"}],"version-history":[{"count":15,"href":"https:\/\/forum.schreiner-group.com\/de\/wp-json\/wp\/v2\/posts\/11309\/revisions"}],"predecessor-version":[{"id":11642,"href":"https:\/\/forum.schreiner-group.com\/de\/wp-json\/wp\/v2\/posts\/11309\/revisions\/11642"}],"wp:featuredmedia":[{"embeddable":true,"href":"https:\/\/forum.schreiner-group.com\/de\/wp-json\/wp\/v2\/media\/11289"}],"wp:attachment":[{"href":"https:\/\/forum.schreiner-group.com\/de\/wp-json\/wp\/v2\/media?parent=11309"}],"wp:term":[{"taxonomy":"category","embeddable":true,"href":"https:\/\/forum.schreiner-group.com\/de\/wp-json\/wp\/v2\/categories?post=11309"},{"taxonomy":"post_tag","embeddable":true,"href":"https:\/\/forum.schreiner-group.com\/de\/wp-json\/wp\/v2\/tags?post=11309"}],"curies":[{"name":"wp","href":"https:\/\/api.w.org\/{rel}","templated":true}]}}