{"id":10027,"date":"2022-06-08T17:29:48","date_gmt":"2022-06-08T15:29:48","guid":{"rendered":"https:\/\/forum.schreiner-group.com\/?p=10027"},"modified":"2022-06-10T09:02:18","modified_gmt":"2022-06-10T07:02:18","slug":"finat-awards-2022-schreiner-holt-das-triple","status":"publish","type":"post","link":"https:\/\/forum.schreiner-group.com\/de\/finat-awards-2022-schreiner-holt-das-triple\/","title":{"rendered":"FINAT-Awards 2022: Schreiner holt das Triple"},"content":{"rendered":"<section class=\"wpb-content-wrapper\"><p>[vc_row full_width=&#8220;stretch_row_content_no_spaces&#8220; content_placement=&#8220;top&#8220; css=&#8220;.vc_custom_1654254292760{margin-top: 150px !important;}&#8220; parallax_background_image=&#8220;10023&#8243;][vc_column][vc_empty_space height=&#8220;615px&#8220;][\/vc_column][\/vc_row][vc_row css=&#8220;.vc_custom_1596612545427{background-color: #ffffff !important;}&#8220; el_class=&#8220;article_bighead&#8220;][vc_column][vc_custom_heading text=&#8220;SCHREINER GROUP&#8220; font_container=&#8220;tag:h2|text_align:center&#8220; use_theme_fonts=&#8220;yes&#8220; el_class=&#8220;topcategory&#8220;][vc_custom_heading text=&#8220;FINAT-Awards 2022:<br \/>\nSchreiner holt das Triple&#8220; font_container=&#8220;tag:h1|text_align:center&#8220; use_theme_fonts=&#8220;yes&#8220;][\/vc_column][\/vc_row][vc_row css=&#8220;.vc_custom_1594633744978{padding-bottom: 3% !important;}&#8220;][vc_column][vc_column_text]<strong>Im Juni 2022 traf sich die europ\u00e4ische Selbstklebeetiketten-Branche zu ihrer j\u00e4hrlichen Konferenz, bei der der Europ\u00e4ische Verband der Selbstklebeetiketten-Industrie (FINAT) auch die besten Produkte auszeichnet. F\u00fcr die Schreiner Group waren die FINAT-Awards 2022 ein voller Erfolg: Neben drei ersten Pl\u00e4tzen f\u00fcr Produkte des Unternehmens, erhielt das Robust RFID-Label von Schreiner MediPharm den Hauptpreis in der Gesamtgruppe Innovation &amp; Electronic Printing.<\/strong>[\/vc_column_text][\/vc_column][\/vc_row][vc_row][vc_column width=&#8220;2\/3&#8243;][vc_column_text]Etikett und Etikett sind nicht dasselbe. Das mag trivial erscheinen, schlie\u00dflich sind spezialisierte Hightech-Labels das Tagesgesch\u00e4ft der Schreiner Group. Auch in der Branche wird die Innovationskraft gew\u00fcrdigt. Zwei der Schreiner Group Produkte, die 2022 bei den FINAT-Awards ausgezeichnet wurden, sind ohne die Zukunftstechnologien RFID und gedruckte Elektronik nicht denkbar: Das Robust RFID-Label von Schreiner MediPharm erhielt nicht nur den ersten Platz in der renommierten Kategorie Innovation, es gewann zudem auch noch den Hauptpreis in der Gesamtgruppe Innovation &amp; Electronic Printing. In der Kategorie Electronic Printing wurde die Heizfolie von Schreiner ProTech mit dem ersten Platz ausgezeichnet.[\/vc_column_text][\/vc_column][vc_column width=&#8220;1\/3&#8243;][vc_empty_space height=&#8220;15px&#8220;][vc_single_image image=&#8220;10056&#8243; img_size=&#8220;full&#8220; add_caption=&#8220;yes&#8220; onclick=&#8220;link_image&#8220; css_animation=&#8220;fadeIn&#8220;][\/vc_column][\/vc_row][vc_row][vc_column][vc_column_text]Das Robust RFID-Label zeichnet sich durch ein einzigartiges und innovatives Design aus: Die spezielle Konstruktion des Etiketts sch\u00fctzt den integrierten RFID-Chip vor Besch\u00e4digungen, die beispielsweise durch mechanische Belastungen oder St\u00f6\u00dfe ausgel\u00f6st werden k\u00f6nnen. So kann die RFID-Funktionalit\u00e4t von Produktion bis Endanwendung sichergestellt werden. An den Gesch\u00e4ftsbereich ging zudem eine weitere Auszeichnung: Das Light-Protection-Label, das hilft, lichtempfindliche Arzneimittel vor UV-Strahlung und blauem Licht zu sch\u00fctzen, erhielt in der Kategorie Pharmaceuticals den ersten Platz.<\/p>\n<p>Auch f\u00fcr Schreiner ProTech war die Verleihung der FINAT-Awards h\u00f6chst erfolgreich: In der Kategorie Electronic Printing landete die Heizfolie auf dem ersten Platz. Diese sorgt f\u00fcr eine zuverl\u00e4ssige und dauerhafte Enteisung der Sensoren von Kamera-, Radar- oder LiDAR- Systemen und erm\u00f6glicht damit eine sichere Fahrt auch bei Minustemperaturen. Da sie auf gedruckter Elektronik basiert, ist sie extrem flach und flexibel. \u201eHightech-L\u00f6sungen werden in der Etikettenbranche immer wichtiger\u201c, wei\u00df Dr. Jens Vor der Br\u00fcggen, Leiter der Forschung und Entwicklung bei der Schreiner Group. \u201eAls Vorreiter in diesem Bereich freuen wir uns sehr, dass diese Innovation auch am Markt eine so gro\u00dfe Anerkennung findet.\u201c[\/vc_column_text][vc_empty_space height=&#8220;25px&#8220;][\/vc_column][\/vc_row][vc_row][vc_column width=&#8220;1\/3&#8243;][vc_single_image image=&#8220;10019&#8243; img_size=&#8220;full&#8220; onclick=&#8220;link_image&#8220; css_animation=&#8220;fadeIn&#8220;][vc_column_text]<strong>Robust RFID-Label<\/strong> von Schreiner MediPharm[\/vc_column_text][\/vc_column][vc_column width=&#8220;1\/3&#8243;][vc_single_image image=&#8220;10017&#8243; img_size=&#8220;full&#8220; onclick=&#8220;link_image&#8220; css_animation=&#8220;fadeIn&#8220;][vc_column_text]<strong>Light-Protection-Label<\/strong> von Schreiner MediPharm[\/vc_column_text][\/vc_column][vc_column width=&#8220;1\/3&#8243;][vc_single_image image=&#8220;10025&#8243; img_size=&#8220;full&#8220; onclick=&#8220;link_image&#8220; css_animation=&#8220;fadeIn&#8220;][vc_column_text]<strong>Heizfolie<\/strong> von Schreiner ProTech[\/vc_column_text][\/vc_column][\/vc_row]<\/p>\n<\/section>","protected":false},"excerpt":{"rendered":"<p>Im Juni 2022 traf sich die europ\u00e4ische Selbstklebeetiketten-Branche zu ihrer j\u00e4hrlichen Konferenz, bei der der Europ\u00e4ische Verband der Selbstklebeetiketten-Industrie (FINAT) auch die besten Produkte auszeichnet. F\u00fcr die Schreiner Group waren die FINAT-Awards 2022 ein voller Erfolg: Neben drei ersten Pl\u00e4tzen f\u00fcr Produkte des Unternehmens, erhielt das Robust RFID-Label von Schreiner MediPharm den Hauptpreis in der Gesamtgruppe Innovation &#038; Electronic Printing.<\/p>\n","protected":false},"author":2,"featured_media":10056,"comment_status":"open","ping_status":"open","sticky":false,"template":"","format":"standard","meta":{"inline_featured_image":false,"footnotes":""},"categories":[54],"tags":[228],"class_list":["post-10027","post","type-post","status-publish","format-standard","has-post-thumbnail","hentry","category-schreiner-group","tag-auszeichnungen"],"yoast_head":"<!-- This site is optimized with the Yoast SEO plugin v23.9 - https:\/\/yoast.com\/wordpress\/plugins\/seo\/ -->\n<title>FINAT-Awards 2022: Schreiner holt das Triple - Schreiner Group Forum<\/title>\n<meta name=\"robots\" content=\"index, follow, max-snippet:-1, max-image-preview:large, max-video-preview:-1\" \/>\n<link rel=\"canonical\" href=\"https:\/\/forum.schreiner-group.com\/de\/finat-awards-2022-schreiner-holt-das-triple\/\" \/>\n<meta property=\"og:locale\" content=\"de_DE\" \/>\n<meta property=\"og:type\" content=\"article\" \/>\n<meta property=\"og:title\" content=\"FINAT-Awards 2022: Schreiner holt das Triple - Schreiner Group Forum\" \/>\n<meta property=\"og:description\" content=\"Im Juni 2022 traf sich die europ\u00e4ische Selbstklebeetiketten-Branche zu ihrer j\u00e4hrlichen Konferenz, bei der der Europ\u00e4ische Verband der Selbstklebeetiketten-Industrie (FINAT) auch die besten Produkte auszeichnet. F\u00fcr die Schreiner Group waren die FINAT-Awards 2022 ein voller Erfolg: Neben drei ersten Pl\u00e4tzen f\u00fcr Produkte des Unternehmens, erhielt das Robust RFID-Label von Schreiner MediPharm den Hauptpreis in der Gesamtgruppe Innovation &amp; Electronic Printing.\" \/>\n<meta property=\"og:url\" content=\"https:\/\/forum.schreiner-group.com\/de\/finat-awards-2022-schreiner-holt-das-triple\/\" \/>\n<meta property=\"og:site_name\" content=\"Schreiner Group Forum\" \/>\n<meta property=\"article:published_time\" content=\"2022-06-08T15:29:48+00:00\" \/>\n<meta property=\"article:modified_time\" content=\"2022-06-10T07:02:18+00:00\" \/>\n<meta property=\"og:image\" content=\"https:\/\/forum.schreiner-group.com\/wp-content\/uploads\/2022\/06\/Presse_Roland-Schreiner_Finat.jpg\" \/>\n\t<meta property=\"og:image:width\" content=\"1920\" \/>\n\t<meta property=\"og:image:height\" content=\"1280\" \/>\n\t<meta property=\"og:image:type\" content=\"image\/jpeg\" \/>\n<meta name=\"author\" content=\"markus.liedl@schreiner-group.com\" \/>\n<meta name=\"twitter:card\" content=\"summary_large_image\" \/>\n<meta name=\"twitter:label1\" content=\"Verfasst von\" \/>\n\t<meta name=\"twitter:data1\" content=\"markus.liedl@schreiner-group.com\" \/>\n\t<meta name=\"twitter:label2\" content=\"Gesch\u00e4tzte Lesezeit\" \/>\n\t<meta name=\"twitter:data2\" content=\"3\u00a0Minuten\" \/>\n<script type=\"application\/ld+json\" class=\"yoast-schema-graph\">{\"@context\":\"https:\/\/schema.org\",\"@graph\":[{\"@type\":\"WebPage\",\"@id\":\"https:\/\/forum.schreiner-group.com\/de\/finat-awards-2022-schreiner-holt-das-triple\/\",\"url\":\"https:\/\/forum.schreiner-group.com\/de\/finat-awards-2022-schreiner-holt-das-triple\/\",\"name\":\"FINAT-Awards 2022: Schreiner holt das Triple - Schreiner Group Forum\",\"isPartOf\":{\"@id\":\"https:\/\/forum.schreiner-group.com\/de\/#website\"},\"primaryImageOfPage\":{\"@id\":\"https:\/\/forum.schreiner-group.com\/de\/finat-awards-2022-schreiner-holt-das-triple\/#primaryimage\"},\"image\":{\"@id\":\"https:\/\/forum.schreiner-group.com\/de\/finat-awards-2022-schreiner-holt-das-triple\/#primaryimage\"},\"thumbnailUrl\":\"https:\/\/forum.schreiner-group.com\/wp-content\/uploads\/2022\/06\/Presse_Roland-Schreiner_Finat.jpg\",\"datePublished\":\"2022-06-08T15:29:48+00:00\",\"dateModified\":\"2022-06-10T07:02:18+00:00\",\"author\":{\"@id\":\"https:\/\/forum.schreiner-group.com\/de\/#\/schema\/person\/bd0e2515cfe9118ea30379405cb6f7dc\"},\"breadcrumb\":{\"@id\":\"https:\/\/forum.schreiner-group.com\/de\/finat-awards-2022-schreiner-holt-das-triple\/#breadcrumb\"},\"inLanguage\":\"de\",\"potentialAction\":[{\"@type\":\"ReadAction\",\"target\":[\"https:\/\/forum.schreiner-group.com\/de\/finat-awards-2022-schreiner-holt-das-triple\/\"]}]},{\"@type\":\"ImageObject\",\"inLanguage\":\"de\",\"@id\":\"https:\/\/forum.schreiner-group.com\/de\/finat-awards-2022-schreiner-holt-das-triple\/#primaryimage\",\"url\":\"https:\/\/forum.schreiner-group.com\/wp-content\/uploads\/2022\/06\/Presse_Roland-Schreiner_Finat.jpg\",\"contentUrl\":\"https:\/\/forum.schreiner-group.com\/wp-content\/uploads\/2022\/06\/Presse_Roland-Schreiner_Finat.jpg\",\"width\":1920,\"height\":1280,\"caption\":\"Gesch\u00e4ftsf\u00fchrer Roland Schreiner freut sich \u00fcber die vier Auszeichnungen der FINAT, die zeigen, dass die innovativen Produkte der Schreiner Group am Markt eine hohe Anerkennung finden.\"},{\"@type\":\"BreadcrumbList\",\"@id\":\"https:\/\/forum.schreiner-group.com\/de\/finat-awards-2022-schreiner-holt-das-triple\/#breadcrumb\",\"itemListElement\":[{\"@type\":\"ListItem\",\"position\":1,\"name\":\"Startseite\",\"item\":\"https:\/\/forum.schreiner-group.com\/de\/\"},{\"@type\":\"ListItem\",\"position\":2,\"name\":\"FINAT-Awards 2022: Schreiner holt das Triple\"}]},{\"@type\":\"WebSite\",\"@id\":\"https:\/\/forum.schreiner-group.com\/de\/#website\",\"url\":\"https:\/\/forum.schreiner-group.com\/de\/\",\"name\":\"Schreiner Group Forum\",\"description\":\"\",\"potentialAction\":[{\"@type\":\"SearchAction\",\"target\":{\"@type\":\"EntryPoint\",\"urlTemplate\":\"https:\/\/forum.schreiner-group.com\/de\/?s={search_term_string}\"},\"query-input\":{\"@type\":\"PropertyValueSpecification\",\"valueRequired\":true,\"valueName\":\"search_term_string\"}}],\"inLanguage\":\"de\"},{\"@type\":\"Person\",\"@id\":\"https:\/\/forum.schreiner-group.com\/de\/#\/schema\/person\/bd0e2515cfe9118ea30379405cb6f7dc\",\"name\":\"markus.liedl@schreiner-group.com\",\"image\":{\"@type\":\"ImageObject\",\"inLanguage\":\"de\",\"@id\":\"https:\/\/forum.schreiner-group.com\/de\/#\/schema\/person\/image\/\",\"url\":\"https:\/\/secure.gravatar.com\/avatar\/e83202ed81ba95ae0113c3f2d897918a?s=96&d=mm&r=g\",\"contentUrl\":\"https:\/\/secure.gravatar.com\/avatar\/e83202ed81ba95ae0113c3f2d897918a?s=96&d=mm&r=g\",\"caption\":\"markus.liedl@schreiner-group.com\"},\"url\":\"https:\/\/forum.schreiner-group.com\/de\/author\/markus-liedlschreiner-group-de\/\"}]}<\/script>\n<!-- \/ Yoast SEO plugin. -->","yoast_head_json":{"title":"FINAT-Awards 2022: Schreiner holt das Triple - Schreiner Group Forum","robots":{"index":"index","follow":"follow","max-snippet":"max-snippet:-1","max-image-preview":"max-image-preview:large","max-video-preview":"max-video-preview:-1"},"canonical":"https:\/\/forum.schreiner-group.com\/de\/finat-awards-2022-schreiner-holt-das-triple\/","og_locale":"de_DE","og_type":"article","og_title":"FINAT-Awards 2022: Schreiner holt das Triple - Schreiner Group Forum","og_description":"Im Juni 2022 traf sich die europ\u00e4ische Selbstklebeetiketten-Branche zu ihrer j\u00e4hrlichen Konferenz, bei der der Europ\u00e4ische Verband der Selbstklebeetiketten-Industrie (FINAT) auch die besten Produkte auszeichnet. F\u00fcr die Schreiner Group waren die FINAT-Awards 2022 ein voller Erfolg: Neben drei ersten Pl\u00e4tzen f\u00fcr Produkte des Unternehmens, erhielt das Robust RFID-Label von Schreiner MediPharm den Hauptpreis in der Gesamtgruppe Innovation & Electronic Printing.","og_url":"https:\/\/forum.schreiner-group.com\/de\/finat-awards-2022-schreiner-holt-das-triple\/","og_site_name":"Schreiner Group Forum","article_published_time":"2022-06-08T15:29:48+00:00","article_modified_time":"2022-06-10T07:02:18+00:00","og_image":[{"width":1920,"height":1280,"url":"https:\/\/forum.schreiner-group.com\/wp-content\/uploads\/2022\/06\/Presse_Roland-Schreiner_Finat.jpg","type":"image\/jpeg"}],"author":"markus.liedl@schreiner-group.com","twitter_card":"summary_large_image","twitter_misc":{"Verfasst von":"markus.liedl@schreiner-group.com","Gesch\u00e4tzte Lesezeit":"3\u00a0Minuten"},"schema":{"@context":"https:\/\/schema.org","@graph":[{"@type":"WebPage","@id":"https:\/\/forum.schreiner-group.com\/de\/finat-awards-2022-schreiner-holt-das-triple\/","url":"https:\/\/forum.schreiner-group.com\/de\/finat-awards-2022-schreiner-holt-das-triple\/","name":"FINAT-Awards 2022: Schreiner holt das Triple - Schreiner Group Forum","isPartOf":{"@id":"https:\/\/forum.schreiner-group.com\/de\/#website"},"primaryImageOfPage":{"@id":"https:\/\/forum.schreiner-group.com\/de\/finat-awards-2022-schreiner-holt-das-triple\/#primaryimage"},"image":{"@id":"https:\/\/forum.schreiner-group.com\/de\/finat-awards-2022-schreiner-holt-das-triple\/#primaryimage"},"thumbnailUrl":"https:\/\/forum.schreiner-group.com\/wp-content\/uploads\/2022\/06\/Presse_Roland-Schreiner_Finat.jpg","datePublished":"2022-06-08T15:29:48+00:00","dateModified":"2022-06-10T07:02:18+00:00","author":{"@id":"https:\/\/forum.schreiner-group.com\/de\/#\/schema\/person\/bd0e2515cfe9118ea30379405cb6f7dc"},"breadcrumb":{"@id":"https:\/\/forum.schreiner-group.com\/de\/finat-awards-2022-schreiner-holt-das-triple\/#breadcrumb"},"inLanguage":"de","potentialAction":[{"@type":"ReadAction","target":["https:\/\/forum.schreiner-group.com\/de\/finat-awards-2022-schreiner-holt-das-triple\/"]}]},{"@type":"ImageObject","inLanguage":"de","@id":"https:\/\/forum.schreiner-group.com\/de\/finat-awards-2022-schreiner-holt-das-triple\/#primaryimage","url":"https:\/\/forum.schreiner-group.com\/wp-content\/uploads\/2022\/06\/Presse_Roland-Schreiner_Finat.jpg","contentUrl":"https:\/\/forum.schreiner-group.com\/wp-content\/uploads\/2022\/06\/Presse_Roland-Schreiner_Finat.jpg","width":1920,"height":1280,"caption":"Gesch\u00e4ftsf\u00fchrer Roland Schreiner freut sich \u00fcber die vier Auszeichnungen der FINAT, die zeigen, dass die innovativen Produkte der Schreiner Group am Markt eine hohe Anerkennung finden."},{"@type":"BreadcrumbList","@id":"https:\/\/forum.schreiner-group.com\/de\/finat-awards-2022-schreiner-holt-das-triple\/#breadcrumb","itemListElement":[{"@type":"ListItem","position":1,"name":"Startseite","item":"https:\/\/forum.schreiner-group.com\/de\/"},{"@type":"ListItem","position":2,"name":"FINAT-Awards 2022: Schreiner holt das Triple"}]},{"@type":"WebSite","@id":"https:\/\/forum.schreiner-group.com\/de\/#website","url":"https:\/\/forum.schreiner-group.com\/de\/","name":"Schreiner Group Forum","description":"","potentialAction":[{"@type":"SearchAction","target":{"@type":"EntryPoint","urlTemplate":"https:\/\/forum.schreiner-group.com\/de\/?s={search_term_string}"},"query-input":{"@type":"PropertyValueSpecification","valueRequired":true,"valueName":"search_term_string"}}],"inLanguage":"de"},{"@type":"Person","@id":"https:\/\/forum.schreiner-group.com\/de\/#\/schema\/person\/bd0e2515cfe9118ea30379405cb6f7dc","name":"markus.liedl@schreiner-group.com","image":{"@type":"ImageObject","inLanguage":"de","@id":"https:\/\/forum.schreiner-group.com\/de\/#\/schema\/person\/image\/","url":"https:\/\/secure.gravatar.com\/avatar\/e83202ed81ba95ae0113c3f2d897918a?s=96&d=mm&r=g","contentUrl":"https:\/\/secure.gravatar.com\/avatar\/e83202ed81ba95ae0113c3f2d897918a?s=96&d=mm&r=g","caption":"markus.liedl@schreiner-group.com"},"url":"https:\/\/forum.schreiner-group.com\/de\/author\/markus-liedlschreiner-group-de\/"}]}},"_links":{"self":[{"href":"https:\/\/forum.schreiner-group.com\/de\/wp-json\/wp\/v2\/posts\/10027","targetHints":{"allow":["GET"]}}],"collection":[{"href":"https:\/\/forum.schreiner-group.com\/de\/wp-json\/wp\/v2\/posts"}],"about":[{"href":"https:\/\/forum.schreiner-group.com\/de\/wp-json\/wp\/v2\/types\/post"}],"author":[{"embeddable":true,"href":"https:\/\/forum.schreiner-group.com\/de\/wp-json\/wp\/v2\/users\/2"}],"replies":[{"embeddable":true,"href":"https:\/\/forum.schreiner-group.com\/de\/wp-json\/wp\/v2\/comments?post=10027"}],"version-history":[{"count":6,"href":"https:\/\/forum.schreiner-group.com\/de\/wp-json\/wp\/v2\/posts\/10027\/revisions"}],"predecessor-version":[{"id":10058,"href":"https:\/\/forum.schreiner-group.com\/de\/wp-json\/wp\/v2\/posts\/10027\/revisions\/10058"}],"wp:featuredmedia":[{"embeddable":true,"href":"https:\/\/forum.schreiner-group.com\/de\/wp-json\/wp\/v2\/media\/10056"}],"wp:attachment":[{"href":"https:\/\/forum.schreiner-group.com\/de\/wp-json\/wp\/v2\/media?parent=10027"}],"wp:term":[{"taxonomy":"category","embeddable":true,"href":"https:\/\/forum.schreiner-group.com\/de\/wp-json\/wp\/v2\/categories?post=10027"},{"taxonomy":"post_tag","embeddable":true,"href":"https:\/\/forum.schreiner-group.com\/de\/wp-json\/wp\/v2\/tags?post=10027"}],"curies":[{"name":"wp","href":"https:\/\/api.w.org\/{rel}","templated":true}]}}