{"id":10002,"date":"2022-05-25T11:10:59","date_gmt":"2022-05-25T09:10:59","guid":{"rendered":"https:\/\/forum.schreiner-group.com\/?p=10002"},"modified":"2022-06-23T17:02:52","modified_gmt":"2022-06-23T15:02:52","slug":"3rd-license-plate-kennzeichen-fuer-den-kosovo","status":"publish","type":"post","link":"https:\/\/forum.schreiner-group.com\/de\/3rd-license-plate-kennzeichen-fuer-den-kosovo\/","title":{"rendered":"3rd License Plate Kennzeichen f\u00fcr den Kosovo"},"content":{"rendered":"<section class=\"wpb-content-wrapper\"><p>[vc_row full_width=&#8220;stretch_row_content_no_spaces&#8220; content_placement=&#8220;top&#8220; css=&#8220;.vc_custom_1653384817020{margin-top: 150px !important;}&#8220; parallax_background_image=&#8220;9994&#8243;][vc_column][vc_empty_space height=&#8220;615px&#8220;][\/vc_column][\/vc_row][vc_row css=&#8220;.vc_custom_1596612545427{background-color: #ffffff !important;}&#8220; el_class=&#8220;article_bighead&#8220;][vc_column][vc_custom_heading text=&#8220;SCHREINER PRINTRUST&#8220; font_container=&#8220;tag:h2|text_align:center&#8220; use_theme_fonts=&#8220;yes&#8220; el_class=&#8220;topcategory&#8220;][vc_custom_heading text=&#8220;3rd License Plate Kennzeichen f\u00fcr den Kosovo&#8220; font_container=&#8220;tag:h1|text_align:center&#8220; use_theme_fonts=&#8220;yes&#8220;][\/vc_column][\/vc_row][vc_row css=&#8220;.vc_custom_1594633744978{padding-bottom: 3% !important;}&#8220;][vc_column][vc_column_text]<\/p>\n<p class=\"p1\"><strong>Die Verkehrssicherheit erh\u00f6hen, die Zahl der nicht registrierten Fahrzeuge verringern. Das sind die Hauptgr\u00fcnde daf\u00fcr, dass die Beh\u00f6rden im Kosovo sich f\u00fcr die Einf\u00fchrung des Dritten Kennzeichens entschieden haben. Die Komplettl\u00f6sung von Schreiner PrinTrust und seines kosovarischen Partners \u00fcberzeugte dabei im Wettbewerb und konnte im M\u00e4rz erfolgreich eingef\u00fchrt werden.<\/strong><\/p>\n<p>[\/vc_column_text][\/vc_column][\/vc_row][vc_row][vc_column width=&#8220;2\/3&#8243;][vc_column_text]Zus\u00e4tzlich zu den au\u00dfen befestigten klassischen Nummernschildern aus Metall, wird das Dritte Kennzeichen auf der Innenseite der Windschutzscheibe befestigt.<\/p>\n<p>Die Vorteile: Das Etikett ist damit nicht nur vor Diebstahl gesch\u00fctzt, sondern dank anspruchsvoller Sicherheitsmerkmale wie Guillochen, optisch variabler Farbe und Hologrammen auch vor Manipulation und F\u00e4lschung. Das selbstklebende Etikett tr\u00e4gt die von der Zulassungsbeh\u00f6rde ausgestellten Fahrzeugdaten und ist somit vor unbefugter Nutzung durch Fremde gesichert. Ein j\u00e4hrlich wechselnder Farbcode zeigt auf einen Blick den g\u00fcltigen Versicherungsstatus \u2013 eine Praxis, die sich schon bei Vignetten bew\u00e4hrt hat.[\/vc_column_text][\/vc_column][vc_column width=&#8220;1\/3&#8243;][vc_single_image image=&#8220;9998&#8243; img_size=&#8220;full&#8220; add_caption=&#8220;yes&#8220; onclick=&#8220;link_image&#8220; css_animation=&#8220;fadeIn&#8220;][\/vc_column][\/vc_row][vc_row][vc_column][vc_custom_heading text=&#8220;Ein j\u00e4hrlich wechselnder Farbcode zeigt auf einen Blick den g\u00fcltigen Versicherungsstatus.&#8220; font_container=&#8220;tag:h2|text_align:left|color:%232757a2&#8243; google_fonts=&#8220;font_family:Lato%3A100%2C100italic%2C300%2C300italic%2Cregular%2Citalic%2C700%2C700italic%2C900%2C900italic|font_style:400%20regular%3A400%3Anormal&#8220;][vc_column_text]Die Personalisierung und Ausgabe der Dritten Kennzeichen erfolgt \u00fcber den kosovarischen Partner an einem von insgesamt 37 Ausgabestellen im Land. Ein Netzwerk, das eine fl\u00e4chendeckende Versorgung sicherstellt.<\/p>\n<p>Die Motivation zur Umsetzung des Projektes waren die aktuell \u00fcber 200.000 nicht registrierten Fahrzeuge im Kosovo. Die wirtschaftlichen Sch\u00e4den dadurch sind enorm. Das Dritte Kennzeichen hilft nun der Polizei, Fahrzeuge ohne Zulassung und ohne Versicherung einfach und schnell zu identifizieren und somit die Verkehrssicherheit drastisch zu erh\u00f6hen.[\/vc_column_text][\/vc_column][\/vc_row]<\/p>\n<\/section>","protected":false},"excerpt":{"rendered":"<p>Die Verkehrssicherheit erh\u00f6hen, die Zahl der nicht registrierten Fahrzeuge verringern. Das sind die Hauptgr\u00fcnde daf\u00fcr, dass die Beh\u00f6rden im Kosovo sich f\u00fcr die Einf\u00fchrung des Dritten Kennzeichens entschieden haben. Die Komplettl\u00f6sung von Schreiner PrinTrust und seines kosovarischen Partners \u00fcberzeugte dabei im Wettbewerb und konnte im M\u00e4rz erfolgreich eingef\u00fchrt werden.<\/p>\n","protected":false},"author":2,"featured_media":9998,"comment_status":"open","ping_status":"open","sticky":false,"template":"","format":"standard","meta":{"inline_featured_image":false,"footnotes":""},"categories":[57],"tags":[96],"class_list":["post-10002","post","type-post","status-publish","format-standard","has-post-thumbnail","hentry","category-schreiner-printrust","tag-behoerdliche-anwendungen"],"yoast_head":"<!-- This site is optimized with the Yoast SEO plugin v23.9 - https:\/\/yoast.com\/wordpress\/plugins\/seo\/ -->\n<title>3rd License Plate Kennzeichen f\u00fcr den Kosovo - Schreiner Group Forum<\/title>\n<meta name=\"robots\" content=\"index, follow, max-snippet:-1, max-image-preview:large, max-video-preview:-1\" \/>\n<link rel=\"canonical\" href=\"https:\/\/forum.schreiner-group.com\/de\/3rd-license-plate-kennzeichen-fuer-den-kosovo\/\" \/>\n<meta property=\"og:locale\" content=\"de_DE\" \/>\n<meta property=\"og:type\" content=\"article\" \/>\n<meta property=\"og:title\" content=\"3rd License Plate Kennzeichen f\u00fcr den Kosovo - Schreiner Group Forum\" \/>\n<meta property=\"og:description\" content=\"Die Verkehrssicherheit erh\u00f6hen, die Zahl der nicht registrierten Fahrzeuge verringern. Das sind die Hauptgr\u00fcnde daf\u00fcr, dass die Beh\u00f6rden im Kosovo sich f\u00fcr die Einf\u00fchrung des Dritten Kennzeichens entschieden haben. Die Komplettl\u00f6sung von Schreiner PrinTrust und seines kosovarischen Partners \u00fcberzeugte dabei im Wettbewerb und konnte im M\u00e4rz erfolgreich eingef\u00fchrt werden.\" \/>\n<meta property=\"og:url\" content=\"https:\/\/forum.schreiner-group.com\/de\/3rd-license-plate-kennzeichen-fuer-den-kosovo\/\" \/>\n<meta property=\"og:site_name\" content=\"Schreiner Group Forum\" \/>\n<meta property=\"article:published_time\" content=\"2022-05-25T09:10:59+00:00\" \/>\n<meta property=\"article:modified_time\" content=\"2022-06-23T15:02:52+00:00\" \/>\n<meta property=\"og:image\" content=\"https:\/\/forum.schreiner-group.com\/wp-content\/uploads\/2022\/05\/SPR_Drittes_Kennzeichen_Kosovo.jpg\" \/>\n\t<meta property=\"og:image:width\" content=\"1920\" \/>\n\t<meta property=\"og:image:height\" content=\"1280\" \/>\n\t<meta property=\"og:image:type\" content=\"image\/jpeg\" \/>\n<meta name=\"author\" content=\"markus.liedl@schreiner-group.com\" \/>\n<meta name=\"twitter:card\" content=\"summary_large_image\" \/>\n<meta name=\"twitter:label1\" content=\"Verfasst von\" \/>\n\t<meta name=\"twitter:data1\" content=\"markus.liedl@schreiner-group.com\" \/>\n\t<meta name=\"twitter:label2\" content=\"Gesch\u00e4tzte Lesezeit\" \/>\n\t<meta name=\"twitter:data2\" content=\"2\u00a0Minuten\" \/>\n<script type=\"application\/ld+json\" class=\"yoast-schema-graph\">{\"@context\":\"https:\/\/schema.org\",\"@graph\":[{\"@type\":\"WebPage\",\"@id\":\"https:\/\/forum.schreiner-group.com\/de\/3rd-license-plate-kennzeichen-fuer-den-kosovo\/\",\"url\":\"https:\/\/forum.schreiner-group.com\/de\/3rd-license-plate-kennzeichen-fuer-den-kosovo\/\",\"name\":\"3rd License Plate Kennzeichen f\u00fcr den Kosovo - Schreiner Group Forum\",\"isPartOf\":{\"@id\":\"https:\/\/forum.schreiner-group.com\/de\/#website\"},\"primaryImageOfPage\":{\"@id\":\"https:\/\/forum.schreiner-group.com\/de\/3rd-license-plate-kennzeichen-fuer-den-kosovo\/#primaryimage\"},\"image\":{\"@id\":\"https:\/\/forum.schreiner-group.com\/de\/3rd-license-plate-kennzeichen-fuer-den-kosovo\/#primaryimage\"},\"thumbnailUrl\":\"https:\/\/forum.schreiner-group.com\/wp-content\/uploads\/2022\/05\/SPR_Drittes_Kennzeichen_Kosovo.jpg\",\"datePublished\":\"2022-05-25T09:10:59+00:00\",\"dateModified\":\"2022-06-23T15:02:52+00:00\",\"author\":{\"@id\":\"https:\/\/forum.schreiner-group.com\/de\/#\/schema\/person\/bd0e2515cfe9118ea30379405cb6f7dc\"},\"breadcrumb\":{\"@id\":\"https:\/\/forum.schreiner-group.com\/de\/3rd-license-plate-kennzeichen-fuer-den-kosovo\/#breadcrumb\"},\"inLanguage\":\"de\",\"potentialAction\":[{\"@type\":\"ReadAction\",\"target\":[\"https:\/\/forum.schreiner-group.com\/de\/3rd-license-plate-kennzeichen-fuer-den-kosovo\/\"]}]},{\"@type\":\"ImageObject\",\"inLanguage\":\"de\",\"@id\":\"https:\/\/forum.schreiner-group.com\/de\/3rd-license-plate-kennzeichen-fuer-den-kosovo\/#primaryimage\",\"url\":\"https:\/\/forum.schreiner-group.com\/wp-content\/uploads\/2022\/05\/SPR_Drittes_Kennzeichen_Kosovo.jpg\",\"contentUrl\":\"https:\/\/forum.schreiner-group.com\/wp-content\/uploads\/2022\/05\/SPR_Drittes_Kennzeichen_Kosovo.jpg\",\"width\":1920,\"height\":1280,\"caption\":\"Eindeutig und sicher: Im Kosovo ist die Fahrzeugidentifikation mittels 3. Kennzeichen m\u00f6glich.\"},{\"@type\":\"BreadcrumbList\",\"@id\":\"https:\/\/forum.schreiner-group.com\/de\/3rd-license-plate-kennzeichen-fuer-den-kosovo\/#breadcrumb\",\"itemListElement\":[{\"@type\":\"ListItem\",\"position\":1,\"name\":\"Startseite\",\"item\":\"https:\/\/forum.schreiner-group.com\/de\/\"},{\"@type\":\"ListItem\",\"position\":2,\"name\":\"3rd License Plate Kennzeichen f\u00fcr den Kosovo\"}]},{\"@type\":\"WebSite\",\"@id\":\"https:\/\/forum.schreiner-group.com\/de\/#website\",\"url\":\"https:\/\/forum.schreiner-group.com\/de\/\",\"name\":\"Schreiner Group Forum\",\"description\":\"\",\"potentialAction\":[{\"@type\":\"SearchAction\",\"target\":{\"@type\":\"EntryPoint\",\"urlTemplate\":\"https:\/\/forum.schreiner-group.com\/de\/?s={search_term_string}\"},\"query-input\":{\"@type\":\"PropertyValueSpecification\",\"valueRequired\":true,\"valueName\":\"search_term_string\"}}],\"inLanguage\":\"de\"},{\"@type\":\"Person\",\"@id\":\"https:\/\/forum.schreiner-group.com\/de\/#\/schema\/person\/bd0e2515cfe9118ea30379405cb6f7dc\",\"name\":\"markus.liedl@schreiner-group.com\",\"image\":{\"@type\":\"ImageObject\",\"inLanguage\":\"de\",\"@id\":\"https:\/\/forum.schreiner-group.com\/de\/#\/schema\/person\/image\/\",\"url\":\"https:\/\/secure.gravatar.com\/avatar\/e83202ed81ba95ae0113c3f2d897918a?s=96&d=mm&r=g\",\"contentUrl\":\"https:\/\/secure.gravatar.com\/avatar\/e83202ed81ba95ae0113c3f2d897918a?s=96&d=mm&r=g\",\"caption\":\"markus.liedl@schreiner-group.com\"},\"url\":\"https:\/\/forum.schreiner-group.com\/de\/author\/markus-liedlschreiner-group-de\/\"}]}<\/script>\n<!-- \/ Yoast SEO plugin. -->","yoast_head_json":{"title":"3rd License Plate Kennzeichen f\u00fcr den Kosovo - Schreiner Group Forum","robots":{"index":"index","follow":"follow","max-snippet":"max-snippet:-1","max-image-preview":"max-image-preview:large","max-video-preview":"max-video-preview:-1"},"canonical":"https:\/\/forum.schreiner-group.com\/de\/3rd-license-plate-kennzeichen-fuer-den-kosovo\/","og_locale":"de_DE","og_type":"article","og_title":"3rd License Plate Kennzeichen f\u00fcr den Kosovo - Schreiner Group Forum","og_description":"Die Verkehrssicherheit erh\u00f6hen, die Zahl der nicht registrierten Fahrzeuge verringern. Das sind die Hauptgr\u00fcnde daf\u00fcr, dass die Beh\u00f6rden im Kosovo sich f\u00fcr die Einf\u00fchrung des Dritten Kennzeichens entschieden haben. Die Komplettl\u00f6sung von Schreiner PrinTrust und seines kosovarischen Partners \u00fcberzeugte dabei im Wettbewerb und konnte im M\u00e4rz erfolgreich eingef\u00fchrt werden.","og_url":"https:\/\/forum.schreiner-group.com\/de\/3rd-license-plate-kennzeichen-fuer-den-kosovo\/","og_site_name":"Schreiner Group Forum","article_published_time":"2022-05-25T09:10:59+00:00","article_modified_time":"2022-06-23T15:02:52+00:00","og_image":[{"width":1920,"height":1280,"url":"https:\/\/forum.schreiner-group.com\/wp-content\/uploads\/2022\/05\/SPR_Drittes_Kennzeichen_Kosovo.jpg","type":"image\/jpeg"}],"author":"markus.liedl@schreiner-group.com","twitter_card":"summary_large_image","twitter_misc":{"Verfasst von":"markus.liedl@schreiner-group.com","Gesch\u00e4tzte Lesezeit":"2\u00a0Minuten"},"schema":{"@context":"https:\/\/schema.org","@graph":[{"@type":"WebPage","@id":"https:\/\/forum.schreiner-group.com\/de\/3rd-license-plate-kennzeichen-fuer-den-kosovo\/","url":"https:\/\/forum.schreiner-group.com\/de\/3rd-license-plate-kennzeichen-fuer-den-kosovo\/","name":"3rd License Plate Kennzeichen f\u00fcr den Kosovo - Schreiner Group Forum","isPartOf":{"@id":"https:\/\/forum.schreiner-group.com\/de\/#website"},"primaryImageOfPage":{"@id":"https:\/\/forum.schreiner-group.com\/de\/3rd-license-plate-kennzeichen-fuer-den-kosovo\/#primaryimage"},"image":{"@id":"https:\/\/forum.schreiner-group.com\/de\/3rd-license-plate-kennzeichen-fuer-den-kosovo\/#primaryimage"},"thumbnailUrl":"https:\/\/forum.schreiner-group.com\/wp-content\/uploads\/2022\/05\/SPR_Drittes_Kennzeichen_Kosovo.jpg","datePublished":"2022-05-25T09:10:59+00:00","dateModified":"2022-06-23T15:02:52+00:00","author":{"@id":"https:\/\/forum.schreiner-group.com\/de\/#\/schema\/person\/bd0e2515cfe9118ea30379405cb6f7dc"},"breadcrumb":{"@id":"https:\/\/forum.schreiner-group.com\/de\/3rd-license-plate-kennzeichen-fuer-den-kosovo\/#breadcrumb"},"inLanguage":"de","potentialAction":[{"@type":"ReadAction","target":["https:\/\/forum.schreiner-group.com\/de\/3rd-license-plate-kennzeichen-fuer-den-kosovo\/"]}]},{"@type":"ImageObject","inLanguage":"de","@id":"https:\/\/forum.schreiner-group.com\/de\/3rd-license-plate-kennzeichen-fuer-den-kosovo\/#primaryimage","url":"https:\/\/forum.schreiner-group.com\/wp-content\/uploads\/2022\/05\/SPR_Drittes_Kennzeichen_Kosovo.jpg","contentUrl":"https:\/\/forum.schreiner-group.com\/wp-content\/uploads\/2022\/05\/SPR_Drittes_Kennzeichen_Kosovo.jpg","width":1920,"height":1280,"caption":"Eindeutig und sicher: Im Kosovo ist die Fahrzeugidentifikation mittels 3. Kennzeichen m\u00f6glich."},{"@type":"BreadcrumbList","@id":"https:\/\/forum.schreiner-group.com\/de\/3rd-license-plate-kennzeichen-fuer-den-kosovo\/#breadcrumb","itemListElement":[{"@type":"ListItem","position":1,"name":"Startseite","item":"https:\/\/forum.schreiner-group.com\/de\/"},{"@type":"ListItem","position":2,"name":"3rd License Plate Kennzeichen f\u00fcr den Kosovo"}]},{"@type":"WebSite","@id":"https:\/\/forum.schreiner-group.com\/de\/#website","url":"https:\/\/forum.schreiner-group.com\/de\/","name":"Schreiner Group Forum","description":"","potentialAction":[{"@type":"SearchAction","target":{"@type":"EntryPoint","urlTemplate":"https:\/\/forum.schreiner-group.com\/de\/?s={search_term_string}"},"query-input":{"@type":"PropertyValueSpecification","valueRequired":true,"valueName":"search_term_string"}}],"inLanguage":"de"},{"@type":"Person","@id":"https:\/\/forum.schreiner-group.com\/de\/#\/schema\/person\/bd0e2515cfe9118ea30379405cb6f7dc","name":"markus.liedl@schreiner-group.com","image":{"@type":"ImageObject","inLanguage":"de","@id":"https:\/\/forum.schreiner-group.com\/de\/#\/schema\/person\/image\/","url":"https:\/\/secure.gravatar.com\/avatar\/e83202ed81ba95ae0113c3f2d897918a?s=96&d=mm&r=g","contentUrl":"https:\/\/secure.gravatar.com\/avatar\/e83202ed81ba95ae0113c3f2d897918a?s=96&d=mm&r=g","caption":"markus.liedl@schreiner-group.com"},"url":"https:\/\/forum.schreiner-group.com\/de\/author\/markus-liedlschreiner-group-de\/"}]}},"_links":{"self":[{"href":"https:\/\/forum.schreiner-group.com\/de\/wp-json\/wp\/v2\/posts\/10002","targetHints":{"allow":["GET"]}}],"collection":[{"href":"https:\/\/forum.schreiner-group.com\/de\/wp-json\/wp\/v2\/posts"}],"about":[{"href":"https:\/\/forum.schreiner-group.com\/de\/wp-json\/wp\/v2\/types\/post"}],"author":[{"embeddable":true,"href":"https:\/\/forum.schreiner-group.com\/de\/wp-json\/wp\/v2\/users\/2"}],"replies":[{"embeddable":true,"href":"https:\/\/forum.schreiner-group.com\/de\/wp-json\/wp\/v2\/comments?post=10002"}],"version-history":[{"count":3,"href":"https:\/\/forum.schreiner-group.com\/de\/wp-json\/wp\/v2\/posts\/10002\/revisions"}],"predecessor-version":[{"id":10009,"href":"https:\/\/forum.schreiner-group.com\/de\/wp-json\/wp\/v2\/posts\/10002\/revisions\/10009"}],"wp:featuredmedia":[{"embeddable":true,"href":"https:\/\/forum.schreiner-group.com\/de\/wp-json\/wp\/v2\/media\/9998"}],"wp:attachment":[{"href":"https:\/\/forum.schreiner-group.com\/de\/wp-json\/wp\/v2\/media?parent=10002"}],"wp:term":[{"taxonomy":"category","embeddable":true,"href":"https:\/\/forum.schreiner-group.com\/de\/wp-json\/wp\/v2\/categories?post=10002"},{"taxonomy":"post_tag","embeddable":true,"href":"https:\/\/forum.schreiner-group.com\/de\/wp-json\/wp\/v2\/tags?post=10002"}],"curies":[{"name":"wp","href":"https:\/\/api.w.org\/{rel}","templated":true}]}}